{"id":331109,"date":"2025-08-20T07:58:10","date_gmt":"2025-08-20T07:58:10","guid":{"rendered":"https:\/\/www.europesays.com\/fr\/331109\/"},"modified":"2025-08-20T07:58:10","modified_gmt":"2025-08-20T07:58:10","slug":"un-candidat-a-la-mairie-menace-par-sebastien","status":"publish","type":"post","link":"https:\/\/www.europesays.com\/fr\/331109\/","title":{"rendered":"un candidat \u00e0 la mairie menac\u00e9 par S\u00e9bastien &#8230;"},"content":{"rendered":"<p>Le Dr Sa\u00efd Ouichou, m\u00e9decin g\u00e9n\u00e9raliste est candidat sans \u00e9tiquette \u00e0 la mairie du 8e secteur de Marseille. Une d\u00e9cision qui l\u2019a amen\u00e9 \u00e0 \u00eatre menac\u00e9 par l\u2019\u00e9lu LFI S\u00e9bastien Delogu apr\u00e8s une campagne d\u2019affichage.<\/p>\n<p>Un SMS mena\u00e7ant de S\u00e9bastien Delogu<\/p>\n<p>\u00ab\u00a0J\u2019ai commenc\u00e9 une campagne d\u2019affichage depuis deux semaines car j\u2019envisage de participer aux municipales de 2026, explique-t-il. Nos affiches ont \u00e9t\u00e9 syst\u00e9matiquement recouvertes par celles de La France Insoumise et de S\u00e9bastien Delogu. Il affiche partout, dans toute la ville, sur les 16 arrondissements. Il occupe tous les espaces d\u2019expression libre r\u00e9partis dans notre ville.\u00a0\u00bb<\/p>\n<p>\u00ab\u00a0Je le connais, puisque c\u2019est mon patient. Je lui ai fait un petit message tr\u00e8s sympathique, courtois. Pour lui dire que l\u2019on peut se partager l\u2019espace, se respecter. Ce ne sont pas mes m\u00e9thodes, d\u2019autant plus que ses \u00e9quipes ont \u00e9t\u00e9 victimes de violence et qu\u2019il s\u2019en est remis \u00e0 la justice pour faire valoir ses droits. L\u00e0-dessus, il me r\u00e9pond de fa\u00e7on violente lapidaire : &lsquo;ne me parle plus jamais de politique, je ne te le permets pas. Reste \u00e0 ta place. C\u2019est la derni\u00e8re fois que je te le dis.&rsquo; \u00ab\u00a0<\/p>\n<blockquote class=\"twitter-tweet\" data-media-max-width=\"560\">\n<p lang=\"fr\" dir=\"ltr\">\u00ab\u00a0Je ne me sens pas en s\u00e9curit\u00e9 face \u00e0 quelqu\u2019un d\u00e9j\u00e0 condamn\u00e9 pour violences (&#8230;) Ses m\u00e9thodes sont inacceptables !\u00a0\u00bb : \u00c0 Marseille, <a href=\"https:\/\/twitter.com\/OuichouSaid?ref_src=twsrc%5Etfw\" rel=\"nofollow noopener\" target=\"_blank\">@OuichouSaid<\/a>, candidat aux municipales dans les quartiers nord, accuse S\u00e9bastien Delogu de menaces <a href=\"https:\/\/twitter.com\/hashtag\/GrandMatin?src=hash&amp;ref_src=twsrc%5Etfw\" rel=\"nofollow noopener\" target=\"_blank\">#GrandMatin<\/a> <a href=\"https:\/\/t.co\/lBZfZK7Rsj\" rel=\"nofollow\">https:\/\/t.co\/lBZfZK7Rsj<\/a> <a href=\"https:\/\/t.co\/l4hRZPKlmn\" rel=\"nofollow\">pic.twitter.com\/l4hRZPKlmn<\/a><\/p>\n<p>\u2014 Sud Radio (@SudRadio) <a href=\"https:\/\/twitter.com\/SudRadio\/status\/1958053469928964236?ref_src=twsrc%5Etfw\" rel=\"nofollow noopener\" target=\"_blank\">August 20, 2025<\/a><\/p>\n<\/blockquote>\n<p>Mener une campagne violente<\/p>\n<p>\u00ab\u00a0Qu\u2019est-ce qui va se passer la fois d\u2019apr\u00e8s ?\u00a0\u00bb, s&rsquo;interroge le Dr Sa\u00efd Ouichou. Je ne me suis pas senti en s\u00e9curit\u00e9. Ma famille m\u2019a incit\u00e9 \u00e0 divulguer cette information. Je suis all\u00e9 au commissariat du 12e arrondissement de Marseille, d\u00e9poser une main courante. Je ne me sens plus en s\u00e9curit\u00e9 devant quelqu\u2019un d\u00e9j\u00e0 condamn\u00e9 pour violence. C\u2019est malheureux que M. Delogu n\u2019ait pas saisi que nous sommes dans un espace public politique. <strong>Nous sommes en d\u00e9mocratie, et ces m\u00e9thodes sont inacceptables.<\/strong>\u00ab\u00a0<\/p>\n<p>\u00ab\u00a0Il y a des gens qui ont envie de mener une campagne violente, qui n\u2019ont pas envie de respecter les autres et de se battre sur le plan des id\u00e9es. Ils veulent absolument, avec ces m\u00e9thodes, prendre le pouvoir sur cette ville. Nous n\u2019en voulons pas. LFI a d\u00e9j\u00e0 lanc\u00e9 des id\u00e9es comme la suppression de la vid\u00e9osurveillance. Nous voulons emp\u00eacher que cette ville soit remise entre les mains de LFI. La soci\u00e9t\u00e9 civile doit s\u2019exprimer et rejeter la violence. Quand il y a hold-up de l\u2019expression publique, nous ne sommes plus en d\u00e9mocratie.\u00a0\u00bb<\/p>\n<p><strong>Retrouvez \u00ab\u00a0C\u2019est \u00e0 la Une\u00a0\u00bb chaque jour \u00e0 7h10 dans le Grand Matin Sud Radio avec Jean-Fran\u00e7ois Achilli.<\/strong><\/p>\n<p><a href=\"https:\/\/www.sudradio.fr\/programme\/le-grand-matin\/cest-a-la-une\/\" rel=\"nofollow noopener\" target=\"_blank\">Cliquez ici pour \u00e9couter \u00ab\u00a0C&rsquo;est \u00e0 la une\u00a0\u00bb<\/a><\/p>\n<p>                            <script async src=\"https:\/\/platform.twitter.com\/widgets.js\" charset=\"utf-8\"><\/script><\/p>\n","protected":false},"excerpt":{"rendered":"Le Dr Sa\u00efd Ouichou, m\u00e9decin g\u00e9n\u00e9raliste est candidat sans \u00e9tiquette \u00e0 la mairie du 8e secteur de Marseille.&hellip;\n","protected":false},"author":2,"featured_media":331110,"comment_status":"","ping_status":"","sticky":false,"template":"","format":"standard","meta":{"footnotes":""},"categories":[2814],"tags":[328,1111,11,1777,674,1011,27,884,12,882,25],"class_list":{"0":"post-331109","1":"post","2":"type-post","3":"status-publish","4":"format-standard","5":"has-post-thumbnail","7":"category-marseille","8":"tag-a-la-une","9":"tag-actu","10":"tag-actualites","11":"tag-eu","12":"tag-europe","13":"tag-fr","14":"tag-france","15":"tag-marseille","16":"tag-news","17":"tag-provence-alpes-cote-dazur","18":"tag-republique-francaise"},"share_on_mastodon":{"url":"https:\/\/pubeurope.com\/@fr\/115060035001639121","error":""},"_links":{"self":[{"href":"https:\/\/www.europesays.com\/fr\/wp-json\/wp\/v2\/posts\/331109","targetHints":{"allow":["GET"]}}],"collection":[{"href":"https:\/\/www.europesays.com\/fr\/wp-json\/wp\/v2\/posts"}],"about":[{"href":"https:\/\/www.europesays.com\/fr\/wp-json\/wp\/v2\/types\/post"}],"author":[{"embeddable":true,"href":"https:\/\/www.europesays.com\/fr\/wp-json\/wp\/v2\/users\/2"}],"replies":[{"embeddable":true,"href":"https:\/\/www.europesays.com\/fr\/wp-json\/wp\/v2\/comments?post=331109"}],"version-history":[{"count":0,"href":"https:\/\/www.europesays.com\/fr\/wp-json\/wp\/v2\/posts\/331109\/revisions"}],"wp:featuredmedia":[{"embeddable":true,"href":"https:\/\/www.europesays.com\/fr\/wp-json\/wp\/v2\/media\/331110"}],"wp:attachment":[{"href":"https:\/\/www.europesays.com\/fr\/wp-json\/wp\/v2\/media?parent=331109"}],"wp:term":[{"taxonomy":"category","embeddable":true,"href":"https:\/\/www.europesays.com\/fr\/wp-json\/wp\/v2\/categories?post=331109"},{"taxonomy":"post_tag","embeddable":true,"href":"https:\/\/www.europesays.com\/fr\/wp-json\/wp\/v2\/tags?post=331109"}],"curies":[{"name":"wp","href":"https:\/\/api.w.org\/{rel}","templated":true}]}}