{"id":331113,"date":"2025-08-20T08:00:20","date_gmt":"2025-08-20T08:00:20","guid":{"rendered":"https:\/\/www.europesays.com\/fr\/331113\/"},"modified":"2025-08-20T08:00:20","modified_gmt":"2025-08-20T08:00:20","slug":"a89-lautoroute-coupee-entre-clermont-ferrand-et-lyon-ce-quil-se-passe","status":"publish","type":"post","link":"https:\/\/www.europesays.com\/fr\/331113\/","title":{"rendered":"A89. L&rsquo;autoroute coup\u00e9e entre Clermont-Ferrand et Lyon : ce qu&rsquo;il se passe"},"content":{"rendered":"<p>            Par<br \/>\n        <strong><br \/>\n            <a href=\"https:\/\/actu.fr\/auteur\/mathias-souteyrat\" title=\"Consulter tous les articles de Mathias Souteyrat\" target=\"_blank\" rel=\"noopener\">Mathias Souteyrat<\/a><br \/>\n        <\/strong><\/p>\n<p>        Publi\u00e9 le<\/p>\n<p>            20 ao\u00fbt 2025 \u00e0 9h50        <\/p>\n<p>Apr\u00e8s le <a href=\"https:\/\/actu.fr\/auvergne-rhone-alpes\/saint-just-la-pendue_42249\/a89-grave-accident-entre-clermont-et-lyon-une-fille-de-12-ans-dans-un-etat-grave_63051397.html\" target=\"_blank\" rel=\"noopener\">grave accident de la route<\/a> mardi 19\u00a0ao\u00fbt dans la Loire o\u00f9 une fille de 12\u00a0ans a \u00e9t\u00e9 gravement bless\u00e9e, <a href=\"https:\/\/actu.fr\/tag\/autoroute-89-a89\" target=\"_blank\" rel=\"noopener\">l\u2019A89<\/a> est de nouveau victime d\u2019un fait divers.<\/p>\n<p class=\" wall-content\">L\u2019autoroute est coup\u00e9e ce mercredi 20\u00a0ao\u00fbt depuis 9\u00a0heures en direction de Lyon apr\u00e8s l\u2019entr\u00e9e n\u00b028 au niveau de Lezoux et Thiers (Puy-de-D\u00f4me).<\/p>\n<p>Un camion perd son chargement<\/p>\n<p class=\" wall-content\">La circulation est interrompue 5\u00a0km apr\u00e8s Lezoux au km 483, o\u00f9 un p\u00e9rim\u00e8tre de s\u00e9curit\u00e9 a \u00e9t\u00e9 mis en place.<\/p>\n<p class=\" wall-content\">La cause\u2009? Un accident impliquant un camion qui a perdu son chargement sur les voies.<\/p>\n<p class=\" wall-content\">Sortie obligatoire et entr\u00e9e interdite \u00e0 Lezoux n\u00b028. Selon la radio de Vinci autoroute, circulation ralentie \u00e0 l\u2019approche de la zone, \u00ab\u2009rester vigilant\u2009\u00bb.<\/p>\n<p class=\" wall-content\"><strong>Plus d\u2019info \u00e0 venir\u2026<\/strong><\/p>\n<p class=\" wall-content\">Personnalisez votre actualit\u00e9 en ajoutant vos villes et m\u00e9dias en favori avec <a href=\"https:\/\/moncompte.actu.fr\" title=\"D\u00e9couvez Mon Actu\" rel=\"nofollow noopener\" data-trk=\"{&quot;cta&quot;:{&quot;action&quot;:&quot;https:\\\/\\\/moncompte.actu.fr&quot;,&quot;category&quot;:&quot;mon compte&quot;,&quot;from&quot;:&quot;article footer&quot;,&quot;name&quot;:&quot;Mon actu&quot;,&quot;type&quot;:&quot;cta&quot;}}\" target=\"_blank\">Mon Actu<\/a>.<\/p>\n","protected":false},"excerpt":{"rendered":"Par Mathias Souteyrat Publi\u00e9 le 20 ao\u00fbt 2025 \u00e0 9h50 Apr\u00e8s le grave accident de la route mardi&hellip;\n","protected":false},"author":2,"featured_media":331114,"comment_status":"","ping_status":"","sticky":false,"template":"","format":"standard","meta":{"footnotes":""},"categories":[1889],"tags":[119,1111,11,16528,2430,1777,674,118,1011,27,2428,12,25],"class_list":{"0":"post-331113","1":"post","2":"type-post","3":"status-publish","4":"format-standard","5":"has-post-thumbnail","7":"category-lyon","8":"tag-accident","9":"tag-actu","10":"tag-actualites","11":"tag-autoroute-89-a89","12":"tag-auvergne-rhone-alpes","13":"tag-eu","14":"tag-europe","15":"tag-faits-divers","16":"tag-fr","17":"tag-france","18":"tag-lyon","19":"tag-news","20":"tag-republique-francaise"},"share_on_mastodon":{"url":"https:\/\/pubeurope.com\/@fr\/115060042792911189","error":""},"_links":{"self":[{"href":"https:\/\/www.europesays.com\/fr\/wp-json\/wp\/v2\/posts\/331113","targetHints":{"allow":["GET"]}}],"collection":[{"href":"https:\/\/www.europesays.com\/fr\/wp-json\/wp\/v2\/posts"}],"about":[{"href":"https:\/\/www.europesays.com\/fr\/wp-json\/wp\/v2\/types\/post"}],"author":[{"embeddable":true,"href":"https:\/\/www.europesays.com\/fr\/wp-json\/wp\/v2\/users\/2"}],"replies":[{"embeddable":true,"href":"https:\/\/www.europesays.com\/fr\/wp-json\/wp\/v2\/comments?post=331113"}],"version-history":[{"count":0,"href":"https:\/\/www.europesays.com\/fr\/wp-json\/wp\/v2\/posts\/331113\/revisions"}],"wp:featuredmedia":[{"embeddable":true,"href":"https:\/\/www.europesays.com\/fr\/wp-json\/wp\/v2\/media\/331114"}],"wp:attachment":[{"href":"https:\/\/www.europesays.com\/fr\/wp-json\/wp\/v2\/media?parent=331113"}],"wp:term":[{"taxonomy":"category","embeddable":true,"href":"https:\/\/www.europesays.com\/fr\/wp-json\/wp\/v2\/categories?post=331113"},{"taxonomy":"post_tag","embeddable":true,"href":"https:\/\/www.europesays.com\/fr\/wp-json\/wp\/v2\/tags?post=331113"}],"curies":[{"name":"wp","href":"https:\/\/api.w.org\/{rel}","templated":true}]}}