{"id":331115,"date":"2025-08-20T08:02:09","date_gmt":"2025-08-20T08:02:09","guid":{"rendered":"https:\/\/www.europesays.com\/fr\/331115\/"},"modified":"2025-08-20T08:02:09","modified_gmt":"2025-08-20T08:02:09","slug":"paris-et-lile-de-france-restent-les-zones","status":"publish","type":"post","link":"https:\/\/www.europesays.com\/fr\/331115\/","title":{"rendered":"Paris et l\u2019\u00cele-de-France restent les zones&#8230;"},"content":{"rendered":"<p>Paris et l\u2019\u00cele-de-France restent dans le top 10 des zones o\u00f9 le co\u00fbt de la vie \u00e9tudiante est le plus \u00e9lev\u00e9 dans l\u2019Hexagone, d\u2019apr\u00e8s l\u2019\u00e9tude annuelle de l\u2019Unef, publi\u00e9e le 20\u00a0ao\u00fbt\u00a02025. Le budget s\u2019\u00e9l\u00e8ve \u00e0 1\u00a0627\u00a0euros par mois dans la capitale (+4,13\u00a0%) ou encore \u00e0 1\u00a0520\u00a0euros \u00e0 Nanterre (+13,68\u00a0%, deuxi\u00e8me et plus forte hausse). Nice se maintient \u00e0 la 7e place avec un co\u00fbt estim\u00e9 \u00e0 1\u00a0370\u00a0euros (+5,15\u00a0%) tandis que Lyon fait son entr\u00e9e dans ce top 10, avec un co\u00fbt estim\u00e9 \u00e0 1\u00a0324\u00a0euros (+6,53\u00a0%). Comme l\u2019an dernier, Limoges reste la ville la moins ch\u00e8re pour \u00e9tudier (1\u00a0073\u00a0euros, +6,06\u00a0%).\t\t\t\t\t<\/p>\n<p><b>Cette d\u00e9p\u00eache est r\u00e9serv\u00e9e aux abonn\u00e9s<\/b><\/p>\n<p>Il vous reste 92 % de cette d\u00e9p\u00eache \u00e0 d\u00e9couvrir.<\/p>\n<p><\/p>\n<ul>\n<li>Retrouver l\u2019int\u00e9gralit\u00e9 de cette d\u00e9p\u00eache et tous les contenus de la m\u00eame th\u00e9matique<\/li>\n<li>Toute l\u2019actualit\u00e9 strat\u00e9gique d\u00e9crypt\u00e9e par nos journalistes experts<\/li>\n<li>Information fiable, neutre et r\u00e9active<\/li>\n<li>R\u00e9ception par email personnalisable<\/li>\n<\/ul>\n<p>\n\t\t\t\t\t\t\t\t\tTESTER GRATUITEMENT PENDANT 1 MOIS\n\t\t\t\t\t\t\t\t<\/p>\n<p>\t\t\t\t\t\t\t\tTest gratuit et sans engagement<\/p>\n<p>\n\t\t\t\t\t\t\t\t\tD\u00e9j\u00e0 abonn\u00e9(e) ? Je me connecte\n\t\t\t\t\t\t\t\t<\/p>\n","protected":false},"excerpt":{"rendered":"Paris et l\u2019\u00cele-de-France restent dans le top 10 des zones o\u00f9 le co\u00fbt de la vie \u00e9tudiante est&hellip;\n","protected":false},"author":2,"featured_media":331116,"comment_status":"","ping_status":"","sticky":false,"template":"","format":"standard","meta":{"footnotes":""},"categories":[1592],"tags":[1111,11,1777,674,1011,27,662,12,626,25],"class_list":{"0":"post-331115","1":"post","2":"type-post","3":"status-publish","4":"format-standard","5":"has-post-thumbnail","7":"category-ile-de-france","8":"tag-actu","9":"tag-actualites","10":"tag-eu","11":"tag-europe","12":"tag-fr","13":"tag-france","14":"tag-ile-de-france","15":"tag-news","16":"tag-paris","17":"tag-republique-francaise"},"share_on_mastodon":{"url":"https:\/\/pubeurope.com\/@fr\/115060050709357122","error":""},"_links":{"self":[{"href":"https:\/\/www.europesays.com\/fr\/wp-json\/wp\/v2\/posts\/331115","targetHints":{"allow":["GET"]}}],"collection":[{"href":"https:\/\/www.europesays.com\/fr\/wp-json\/wp\/v2\/posts"}],"about":[{"href":"https:\/\/www.europesays.com\/fr\/wp-json\/wp\/v2\/types\/post"}],"author":[{"embeddable":true,"href":"https:\/\/www.europesays.com\/fr\/wp-json\/wp\/v2\/users\/2"}],"replies":[{"embeddable":true,"href":"https:\/\/www.europesays.com\/fr\/wp-json\/wp\/v2\/comments?post=331115"}],"version-history":[{"count":0,"href":"https:\/\/www.europesays.com\/fr\/wp-json\/wp\/v2\/posts\/331115\/revisions"}],"wp:featuredmedia":[{"embeddable":true,"href":"https:\/\/www.europesays.com\/fr\/wp-json\/wp\/v2\/media\/331116"}],"wp:attachment":[{"href":"https:\/\/www.europesays.com\/fr\/wp-json\/wp\/v2\/media?parent=331115"}],"wp:term":[{"taxonomy":"category","embeddable":true,"href":"https:\/\/www.europesays.com\/fr\/wp-json\/wp\/v2\/categories?post=331115"},{"taxonomy":"post_tag","embeddable":true,"href":"https:\/\/www.europesays.com\/fr\/wp-json\/wp\/v2\/tags?post=331115"}],"curies":[{"name":"wp","href":"https:\/\/api.w.org\/{rel}","templated":true}]}}