{"id":331117,"date":"2025-08-20T08:03:11","date_gmt":"2025-08-20T08:03:11","guid":{"rendered":"https:\/\/www.europesays.com\/fr\/331117\/"},"modified":"2025-08-20T08:03:11","modified_gmt":"2025-08-20T08:03:11","slug":"en-egypte-le-croissant-rouge-deplore-les-controles-stricts-de-ses-camions-humanitaires-vers-gaza","status":"publish","type":"post","link":"https:\/\/www.europesays.com\/fr\/331117\/","title":{"rendered":"en Egypte, le Croissant-Rouge d\u00e9plore les contr\u00f4les stricts de ses camions humanitaires vers Gaza"},"content":{"rendered":"\n<p class=\"c-chapo \">\n  Depuis la ville d\u00e9sertique d&rsquo;Al-Arich, l&rsquo;organisation humanitaire tente d&rsquo;acheminer de l&rsquo;aide \u00e0 destination de Gaza. Mais les contr\u00f4les du c\u00f4t\u00e9 isra\u00e9lien rendent la t\u00e2che difficile, selon les membres du Croissant-Rouge \u00e9gyptien.\n<\/p>\n<p>            lire plus tard<\/p>\n<p id=\"dialog__title\" class=\"dialog__title\">Pour sauvegarder cet article, connectez-vous ou cr\u00e9ez un compte franceinfo<\/p>\n<p class=\"dialog__description\">Sans paiement. Sans abonnement.<\/p>\n<p>        Fermer la fen\u00eatre d\u2019activation des notifications France Info<\/p>\n<p>            cr\u00e9er votre compte<\/p>\n<p>            se connecter<\/p>\n<p>        Fermer la fen\u00eatre de pr\u00e9sentation<\/p>\n<p>    <img loading=\"lazy\" decoding=\"async\" class=\"signature__image lazyload\" width=\"100\" height=\"100\" data- alt=\"\" src=\"https:\/\/www.europesays.com\/fr\/wp-content\/uploads\/2025\/05\/64a7df4c5fe71_placeholder-36b69ec8.png\"\/><\/p>\n<p>    Publi\u00e9 le 20\/08\/2025 09:21<\/p>\n<p>        Temps de lecture : 2min<\/p>\n<p>    <img decoding=\"async\"  alt=\"Des b\u00e9n\u00e9voles du Croissant-Rouge font des cartons de denr\u00e9es alimentaires dans un centre logistique de l'organisation humanitaire, le 18 ao\u00fbt 2025 \u00e0 Al-Arich (Egypte). (KHALED DESOUKI \/ AFP)\" width=\"432\" height=\"243\" src=\"https:\/\/www.europesays.com\/fr\/wp-content\/uploads\/2025\/08\/000-69ty9nj-68a569d4bc8b8306758022.jpg\" fetchpriority=\"high\"\/><\/p>\n<p>      Des b\u00e9n\u00e9voles du Croissant-Rouge font des cartons de denr\u00e9es alimentaires dans un centre logistique de l&rsquo;organisation humanitaire, le 18 ao\u00fbt 2025 \u00e0 Al-Arich (Egypte). (KHALED DESOUKI \/ AFP)<\/p>\n<p>Seule une centaine de <a href=\"https:\/\/www.franceinfo.fr\/monde\/proche-orient\/israel-palestine\/reportage-ils-ont-besoin-de-tout-ca-a-gaza-mais-c-est-coince-ici-dans-l-entrepot-du-croissant-rouge-palestinien-a-ramallah-la-terrible-attente-pour-l-aide-humanitaire_7377961.html\" rel=\"nofollow noopener\" target=\"_blank\">camions d\u2019aide humanitaire<\/a> parviennent chaque jour <a href=\"https:\/\/www.franceinfo.fr\/monde\/proche-orient\/israel-palestine\/l-onu-denonce-le-blocage-de-la-livraison-d-abris-dans-la-bande-de-gaza_7443640.html\" rel=\"nofollow noopener\" target=\"_blank\">\u00e0 Gaza<\/a> via l\u2019Egypte, depuis la reprise des convois en juillet. Des quantit\u00e9s insuffisantes par rapport aux besoins, selon les humanitaires, qui mettent en cause les contr\u00f4les stricts c\u00f4t\u00e9 isra\u00e9lien du poste-fronti\u00e8re de Kerem Shalom.\u00a0<\/p>\n<p>Les palettes charg\u00e9es d\u2019aide humanitaire s\u2019amoncellent dans les hangars et tentes du Croissant-Rouge \u00e9gyptien, le principal centre logistique de l&rsquo;organisation, dans la p\u00e9riph\u00e9rie d\u00e9sertique de la ville d\u2019Al-Arich.\u00a0Ce centre, situ\u00e9 \u00e0 une heure de route de la fronti\u00e8re avec Gaza, est un point de passage incontournable pour la plupart des denr\u00e9es en partance pour l\u2019enclave palestinienne via l\u2019Egypte.<\/p>\n<p>\u00ab\u00a0Quand les camions arrivent, on s\u2019assure qu\u2019ils ont bien les papiers n\u00e9cessaires et nos \u00e9quipes font une inspection visuelle pour \u00eatre s\u00fbres qu\u2019ils sont autoris\u00e9s \u00e0 traverser le terminal\u00a0\u00bb, d\u00e9crit Amal Eman, la directrice de l\u2019organisation.<\/p>\n<p>Mais malgr\u00e9 ces pr\u00e9cautions, plusieurs dizaines de camions sont chaque jour refoul\u00e9es par les autorit\u00e9s isra\u00e9liennes. \u00ab\u00a0Cela d\u00e9pend plus du contenu, poursuit-elle, et on observe que beaucoup de denr\u00e9es vitales sont rejet\u00e9es, comme des bouteilles d\u2019oxyg\u00e8ne, de l\u2019\u00e9quipement m\u00e9dical et ce qui contient des pi\u00e8ces m\u00e9talliques.\u00a0\u00bb<\/p>\n<p>Une impr\u00e9visibilit\u00e9 critique pour certaines cargaisons m\u00e9dicales, comme l\u2019explique un repr\u00e9sentant de l&rsquo;Organisation mondiale de la Sant\u00e9 (OMS). \u00ab\u00a0Ici, on stocke des m\u00e9dicaments se conservant entre 2 et 8 degr\u00e9s, principalement de l\u2019insuline, raconte-t-il. Pour cette raison, c\u2019est une organisation compliqu\u00e9e. Il faut un camion r\u00e9frig\u00e9r\u00e9 qui parte vers Gaza et un autre d\u00e9j\u00e0 \u00e0 l\u2019int\u00e9rieur de Gaza. Les deux doivent se diriger en m\u00eame temps vers le point de passage. Il y a toujours des probl\u00e8mes, c&rsquo;est tr\u00e8s compliqu\u00e9.\u00a0\u00bb\u00a0Selon les autorit\u00e9s \u00e9gyptiennes, plus de 5\u00a0000 camions attendent encore leur tour pour se rendre \u00e0 la fronti\u00e8re.<\/p>\n","protected":false},"excerpt":{"rendered":"Depuis la ville d\u00e9sertique d&rsquo;Al-Arich, l&rsquo;organisation humanitaire tente d&rsquo;acheminer de l&rsquo;aide \u00e0 destination de Gaza. Mais les contr\u00f4les&hellip;\n","protected":false},"author":2,"featured_media":331118,"comment_status":"","ping_status":"","sticky":false,"template":"","format":"standard","meta":{"footnotes":""},"categories":[1888],"tags":[1111,1928,11,1927,1777,674,1011,27,12,1926,626,1925,25],"class_list":{"0":"post-331117","1":"post","2":"type-post","3":"status-publish","4":"format-standard","5":"has-post-thumbnail","7":"category-paris","8":"tag-actu","9":"tag-actu-paris","10":"tag-actualites","11":"tag-actualites-paris","12":"tag-eu","13":"tag-europe","14":"tag-fr","15":"tag-france","16":"tag-news","17":"tag-news-paris","18":"tag-paris","19":"tag-paris-news","20":"tag-republique-francaise"},"share_on_mastodon":{"url":"https:\/\/pubeurope.com\/@fr\/115060054695812303","error":""},"_links":{"self":[{"href":"https:\/\/www.europesays.com\/fr\/wp-json\/wp\/v2\/posts\/331117","targetHints":{"allow":["GET"]}}],"collection":[{"href":"https:\/\/www.europesays.com\/fr\/wp-json\/wp\/v2\/posts"}],"about":[{"href":"https:\/\/www.europesays.com\/fr\/wp-json\/wp\/v2\/types\/post"}],"author":[{"embeddable":true,"href":"https:\/\/www.europesays.com\/fr\/wp-json\/wp\/v2\/users\/2"}],"replies":[{"embeddable":true,"href":"https:\/\/www.europesays.com\/fr\/wp-json\/wp\/v2\/comments?post=331117"}],"version-history":[{"count":0,"href":"https:\/\/www.europesays.com\/fr\/wp-json\/wp\/v2\/posts\/331117\/revisions"}],"wp:featuredmedia":[{"embeddable":true,"href":"https:\/\/www.europesays.com\/fr\/wp-json\/wp\/v2\/media\/331118"}],"wp:attachment":[{"href":"https:\/\/www.europesays.com\/fr\/wp-json\/wp\/v2\/media?parent=331117"}],"wp:term":[{"taxonomy":"category","embeddable":true,"href":"https:\/\/www.europesays.com\/fr\/wp-json\/wp\/v2\/categories?post=331117"},{"taxonomy":"post_tag","embeddable":true,"href":"https:\/\/www.europesays.com\/fr\/wp-json\/wp\/v2\/tags?post=331117"}],"curies":[{"name":"wp","href":"https:\/\/api.w.org\/{rel}","templated":true}]}}