{"id":331121,"date":"2025-08-20T08:05:17","date_gmt":"2025-08-20T08:05:17","guid":{"rendered":"https:\/\/www.europesays.com\/fr\/331121\/"},"modified":"2025-08-20T08:05:17","modified_gmt":"2025-08-20T08:05:17","slug":"quels-musees-visiter-dans-le-16e-arrondissement-de-paris-paris-select","status":"publish","type":"post","link":"https:\/\/www.europesays.com\/fr\/331121\/","title":{"rendered":"Quels mus\u00e9es visiter dans le 16e arrondissement de Paris ? \u2013 Paris Select"},"content":{"rendered":"<p><strong>Le 16e arrondissement regorge de mus\u00e9es de qualit\u00e9, souvent moins fr\u00e9quent\u00e9s que ceux du centre. Entre art, patrimoine, anthropologie et mode, voici cinq adresses recommand\u00e9es pour explorer un Paris inspirant et singulier.<\/strong><\/p>\n<p><strong>Cit\u00e9 de l\u2019architecture et du patrimoine \u2013 L\u2019intelligence b\u00e2tie \u00e0 la fran\u00e7aise<\/strong><\/p>\n<p><img loading=\"lazy\" decoding=\"async\" width=\"2048\" height=\"1151\" src=\"data:image\/svg+xml,%3Csvg%20xmlns=\" http:=\"\" alt=\"\" class=\"wp-image-172085\" data-lazy- data-lazy- data-lazy-src=\"https:\/\/www.europesays.com\/fr\/wp-content\/uploads\/2025\/08\/cap_nborel-045-edited-scaled.jpg\"\/><\/p>\n<p>Ce mus\u00e9e rend hommage \u00e0 l\u2019architecture \u00e0 travers les si\u00e8cles, du Moyen \u00c2ge \u00e0 nos jours. On y d\u00e9couvre des maquettes monumentales, des moulages de portails de cath\u00e9drales, des plans originaux et des vid\u00e9os p\u00e9dagogiques. L\u2019espace est vaste, lumineux et superbement mis en sc\u00e8ne. La Cit\u00e9 propose aussi des expositions temporaires engag\u00e9es sur les enjeux urbains contemporains. Depuis les galeries, la vue sur la Tour Eiffel est exceptionnelle.<\/p>\n<p>\ud83d\udccd 1 Place du Trocad\u00e9ro<br \/><a class=\"\" href=\"https:\/\/www.citedelarchitecture.fr\" rel=\"nofollow noopener\" target=\"_blank\">citedelarchitecture.fr<\/a><\/p>\n<p><strong>Mus\u00e9e de l\u2019Homme \u2013 L\u2019aventure de l\u2019humanit\u00e9<\/strong><\/p>\n<p><img loading=\"lazy\" decoding=\"async\" width=\"2000\" height=\"1125\" src=\"data:image\/svg+xml,%3Csvg%20xmlns=\" http:=\"\" alt=\"\" class=\"wp-image-172122\" data-lazy- data-lazy- data-lazy-src=\"https:\/\/www.europesays.com\/fr\/wp-content\/uploads\/2025\/08\/j012215-1_webready-edited.jpg\"\/><\/p>\n<p>Situ\u00e9 dans l\u2019aile du Palais de Chaillot, ce mus\u00e9e interroge ce qui fait de nous des \u00eatres humains. Il retrace l\u2019\u00e9volution de l\u2019esp\u00e8ce humaine depuis ses origines jusqu\u2019\u00e0 ses futurs possibles. Les collections combinent fossiles, objets anthropologiques, archives sonores et multim\u00e9dias. Le parcours, tr\u00e8s accessible, convient autant aux adultes qu\u2019aux enfants. La sc\u00e9nographie claire, interactive et p\u00e9dagogique rend la visite vivante et captivante.<\/p>\n<p>\ud83d\udccd 17 Place du Trocad\u00e9ro<br \/><a class=\"\" href=\"https:\/\/www.museedelhomme.fr\" rel=\"nofollow noopener\" target=\"_blank\">museedelhomme.fr<\/a><\/p>\n<p><strong>Mus\u00e9e Guimet \u2013 Un voyage \u00e0 travers l\u2019art asiatique<\/strong><\/p>\n<p><img loading=\"lazy\" decoding=\"async\" width=\"1137\" height=\"640\" src=\"data:image\/svg+xml,%3Csvg%20xmlns=\" http:=\"\" alt=\"\" class=\"wp-image-172126\" data-lazy- data-lazy- data-lazy-src=\"https:\/\/www.europesays.com\/fr\/wp-content\/uploads\/2025\/08\/bibliotheque_historique_2cmnaag_paris_photo_vincent_leroux_0-edited.jpg\"\/><\/p>\n<p>Le mus\u00e9e national des arts asiatiques \u2013 Guimet est une p\u00e9pite pour les amateurs de civilisations orientales. Ses collections couvrent toute l\u2019Asie : Chine, Japon, Inde, Asie du Sud-Est, Cor\u00e9e et Himalaya. On y admire statues de Bouddha, peintures, objets rituels, estampes ou textiles anciens. L\u2019architecture du lieu, sobre et \u00e9l\u00e9gante, renforce l\u2019exp\u00e9rience de contemplation. C\u2019est un mus\u00e9e riche, silencieux, id\u00e9al pour s\u2019\u00e9vader le temps d\u2019un apr\u00e8s-midi.<\/p>\n<p>\ud83d\udccd 6 Place d\u2019I\u00e9na<br \/><a class=\"\" href=\"https:\/\/www.guimet.fr\" rel=\"nofollow noopener\" target=\"_blank\">guimet.fr<\/a><\/p>\n<p><strong>Palais de Tokyo \u2013 Le laboratoire de l\u2019art contemporain<\/strong><\/p>\n<p><img loading=\"lazy\" decoding=\"async\" width=\"900\" height=\"506\" src=\"data:image\/svg+xml,%3Csvg%20xmlns=\" http:=\"\" alt=\"\" class=\"wp-image-172130\" data-lazy- data-lazy- data-lazy-src=\"https:\/\/www.europesays.com\/fr\/wp-content\/uploads\/2025\/08\/2016-09-07-Palais-de-Tokyo-3-edited.jpg\"\/><\/p>\n<p>Le Palais de Tokyo n\u2019est pas un mus\u00e9e traditionnel. C\u2019est un espace d\u2019exp\u00e9rimentation d\u00e9di\u00e9 \u00e0 la cr\u00e9ation contemporaine. Il ne propose pas de collection permanente, mais une succession d\u2019expositions temporaires audacieuses. Les artistes, \u00e9mergents ou renomm\u00e9s, y testent de nouveaux formats et m\u00e9dias. L\u2019immensit\u00e9 du lieu et son esth\u00e9tique brute donnent aux \u0153uvres une grande force visuelle. C\u2019est un endroit \u00e0 d\u00e9couvrir pour celles et ceux qui aiment l\u2019art sans cadre.<\/p>\n<p>\ud83d\udccd 13 Avenue du Pr\u00e9sident Wilson<br \/><a class=\"\" href=\"https:\/\/www.palaisdetokyo.com\" rel=\"nofollow noopener\" target=\"_blank\">palaisdetokyo.com<\/a><\/p>\n<p><strong>Mus\u00e9e Galliera \u2013 La haute couture en majest\u00e9<\/strong><\/p>\n<p><img loading=\"lazy\" decoding=\"async\" width=\"587\" height=\"305\" src=\"data:image\/svg+xml,%3Csvg%20xmlns=\" http:=\"\" alt=\"\" class=\"wp-image-172105\" style=\"width:840px;height:auto\" data-lazy- data-lazy- data-lazy-src=\"https:\/\/www.europesays.com\/fr\/wp-content\/uploads\/2025\/08\/Visite-Gallier.jpg\"\/><\/p>\n<p>Enti\u00e8rement d\u00e9di\u00e9 \u00e0 la mode, le mus\u00e9e Galliera expose l\u2019histoire du v\u00eatement sous toutes ses coutures. Ses expositions, toujours temporaires, rendent hommage \u00e0 des figures majeures comme Gabrielle Chanel, Frida Kahlo ou Azzedine Ala\u00efa. Les pi\u00e8ces sont rares, parfois fragiles, souvent expos\u00e9es pour la premi\u00e8re fois. Le palais Second Empire, qui abrite le mus\u00e9e, participe au charme de la visite. On y d\u00e9couvre autant l\u2019art de s\u2019habiller que celui de raconter une \u00e9poque.<\/p>\n<p>\ud83d\udccd 10 Avenue Pierre 1er de Serbie<br \/><a class=\"\" href=\"https:\/\/www.palaisgalliera.paris.fr\" rel=\"nofollow noopener\" target=\"_blank\">palaisgalliera.paris.fr<\/a><\/p>\n<p>Le 16e arrondissement, discret mais riche en culture<\/p>\n<p>Ces cinq mus\u00e9es offrent des exp\u00e9riences vari\u00e9es, intellectuelles, sensorielles et visuelles. Le 16e arrondissement, souvent per\u00e7u comme r\u00e9sidentiel, rec\u00e8le en r\u00e9alit\u00e9 de v\u00e9ritables tr\u00e9sors culturels. Il m\u00e9rite largement une exploration pour ses lieux calmes, \u00e9l\u00e9gants et passionnants. <strong>Prenez le temps d\u2019y fl\u00e2ner<\/strong>, entre jardins, perspectives haussmanniennes et expositions de haut niveau.<\/p>\n<p>Retrouvez plus de lieux confidentiels \u00e0 Paris sur <a href=\"https:\/\/www.parisselectbook.com\/category\/que-faire-a-paris\/culture-expositions\/\" rel=\"nofollow noopener\" target=\"_blank\">parisselectbook.com<\/a>.<\/p>\n","protected":false},"excerpt":{"rendered":"Le 16e arrondissement regorge de mus\u00e9es de qualit\u00e9, souvent moins fr\u00e9quent\u00e9s que ceux du centre. Entre art, patrimoine,&hellip;\n","protected":false},"author":2,"featured_media":331122,"comment_status":"","ping_status":"","sticky":false,"template":"","format":"standard","meta":{"footnotes":""},"categories":[1888],"tags":[11,1777,674,1011,27,12,626,25],"class_list":{"0":"post-331121","1":"post","2":"type-post","3":"status-publish","4":"format-standard","5":"has-post-thumbnail","7":"category-paris","8":"tag-actualites","9":"tag-eu","10":"tag-europe","11":"tag-fr","12":"tag-france","13":"tag-news","14":"tag-paris","15":"tag-republique-francaise"},"share_on_mastodon":{"url":"https:\/\/pubeurope.com\/@fr\/115060062552280649","error":""},"_links":{"self":[{"href":"https:\/\/www.europesays.com\/fr\/wp-json\/wp\/v2\/posts\/331121","targetHints":{"allow":["GET"]}}],"collection":[{"href":"https:\/\/www.europesays.com\/fr\/wp-json\/wp\/v2\/posts"}],"about":[{"href":"https:\/\/www.europesays.com\/fr\/wp-json\/wp\/v2\/types\/post"}],"author":[{"embeddable":true,"href":"https:\/\/www.europesays.com\/fr\/wp-json\/wp\/v2\/users\/2"}],"replies":[{"embeddable":true,"href":"https:\/\/www.europesays.com\/fr\/wp-json\/wp\/v2\/comments?post=331121"}],"version-history":[{"count":0,"href":"https:\/\/www.europesays.com\/fr\/wp-json\/wp\/v2\/posts\/331121\/revisions"}],"wp:featuredmedia":[{"embeddable":true,"href":"https:\/\/www.europesays.com\/fr\/wp-json\/wp\/v2\/media\/331122"}],"wp:attachment":[{"href":"https:\/\/www.europesays.com\/fr\/wp-json\/wp\/v2\/media?parent=331121"}],"wp:term":[{"taxonomy":"category","embeddable":true,"href":"https:\/\/www.europesays.com\/fr\/wp-json\/wp\/v2\/categories?post=331121"},{"taxonomy":"post_tag","embeddable":true,"href":"https:\/\/www.europesays.com\/fr\/wp-json\/wp\/v2\/tags?post=331121"}],"curies":[{"name":"wp","href":"https:\/\/api.w.org\/{rel}","templated":true}]}}