{"id":331129,"date":"2025-08-20T08:09:09","date_gmt":"2025-08-20T08:09:09","guid":{"rendered":"https:\/\/www.europesays.com\/fr\/331129\/"},"modified":"2025-08-20T08:09:09","modified_gmt":"2025-08-20T08:09:09","slug":"bpost-nexpediera-plus-de-colis-vers-les-usa-tant-que-la-reglementation-sur-les-envois-internationaux-y-reste-floue","status":"publish","type":"post","link":"https:\/\/www.europesays.com\/fr\/331129\/","title":{"rendered":"Bpost n&rsquo;exp\u00e9diera plus de colis vers les USA tant que la r\u00e8glementation sur les envois internationaux y reste floue"},"content":{"rendered":"<p class=\"break-words ligatures-off prose-article-body-r print:leading-7\">\u00c0 partir de vendredi, Bpost n&rsquo;exp\u00e9diera temporairement plus de colis vers les Etats-Unis, en raison des incertitudes entourant les nouvelles r\u00e8gles am\u00e9ricaines en mati\u00e8re d&rsquo;envois internationaux. L\u2019information est rapport\u00e9e par le quotidien Het Laatste Nieuws. \u00ab\u00a0Nous voulons \u00e9viter que des colis restent bloqu\u00e9s quelque part parce que les droits n&rsquo;ont pas \u00e9t\u00e9 pay\u00e9s\u00a0\u00bb, a confirm\u00e9 la porte-parole Veerle Van Mierlo \u00e0 VRT NWS.<\/p>\n","protected":false},"excerpt":{"rendered":"\u00c0 partir de vendredi, Bpost n&rsquo;exp\u00e9diera temporairement plus de colis vers les Etats-Unis, en raison des incertitudes entourant&hellip;\n","protected":false},"author":2,"featured_media":331130,"comment_status":"","ping_status":"","sticky":false,"template":"","format":"standard","meta":{"footnotes":""},"categories":[1589],"tags":[11,73,1866,12,1864,1865,1863,308],"class_list":{"0":"post-331129","1":"post","2":"type-post","3":"status-publish","4":"format-standard","5":"has-post-thumbnail","7":"category-etats-unis","8":"tag-actualites","9":"tag-etats-unis","10":"tag-etats-unis-damerique","11":"tag-news","12":"tag-united-states","13":"tag-united-states-of-america","14":"tag-us","15":"tag-usa"},"share_on_mastodon":{"url":"https:\/\/pubeurope.com\/@fr\/115060078256727807","error":""},"_links":{"self":[{"href":"https:\/\/www.europesays.com\/fr\/wp-json\/wp\/v2\/posts\/331129","targetHints":{"allow":["GET"]}}],"collection":[{"href":"https:\/\/www.europesays.com\/fr\/wp-json\/wp\/v2\/posts"}],"about":[{"href":"https:\/\/www.europesays.com\/fr\/wp-json\/wp\/v2\/types\/post"}],"author":[{"embeddable":true,"href":"https:\/\/www.europesays.com\/fr\/wp-json\/wp\/v2\/users\/2"}],"replies":[{"embeddable":true,"href":"https:\/\/www.europesays.com\/fr\/wp-json\/wp\/v2\/comments?post=331129"}],"version-history":[{"count":0,"href":"https:\/\/www.europesays.com\/fr\/wp-json\/wp\/v2\/posts\/331129\/revisions"}],"wp:featuredmedia":[{"embeddable":true,"href":"https:\/\/www.europesays.com\/fr\/wp-json\/wp\/v2\/media\/331130"}],"wp:attachment":[{"href":"https:\/\/www.europesays.com\/fr\/wp-json\/wp\/v2\/media?parent=331129"}],"wp:term":[{"taxonomy":"category","embeddable":true,"href":"https:\/\/www.europesays.com\/fr\/wp-json\/wp\/v2\/categories?post=331129"},{"taxonomy":"post_tag","embeddable":true,"href":"https:\/\/www.europesays.com\/fr\/wp-json\/wp\/v2\/tags?post=331129"}],"curies":[{"name":"wp","href":"https:\/\/api.w.org\/{rel}","templated":true}]}}