{"id":331131,"date":"2025-08-20T08:10:11","date_gmt":"2025-08-20T08:10:11","guid":{"rendered":"https:\/\/www.europesays.com\/fr\/331131\/"},"modified":"2025-08-20T08:10:11","modified_gmt":"2025-08-20T08:10:11","slug":"linflation-progresse-au-dela-des-previsions-en-juillet-au-royaume-uni","status":"publish","type":"post","link":"https:\/\/www.europesays.com\/fr\/331131\/","title":{"rendered":"L\u2019inflation progresse au-del\u00e0 des pr\u00e9visions en juillet au Royaume-Uni"},"content":{"rendered":"<p>L\u2019inflation a progress\u00e9 au-del\u00e0 des pr\u00e9visions en juillet au Royaume-Uni. Le rench\u00e9rissement s\u2019est ainsi \u00e9tabli \u00e0 3,8% sur un an, contre 3,6% en juin, a annonc\u00e9 mercredi l\u2019Office national des statistiques (ONS), amplifiant la pression sur le gouvernement britannique.<\/p>\n<p>\u00abNous sommes loin de l\u2019inflation \u00e0 deux chiffres que nous avons connue sous le gouvernement pr\u00e9c\u00e9dent, mais il reste encore beaucoup \u00e0 faire pour all\u00e9ger le co\u00fbt de la vie\u00bb, a reconnu la ministre travailliste des Finances Rac&#8230;<\/p>\n","protected":false},"excerpt":{"rendered":"L\u2019inflation a progress\u00e9 au-del\u00e0 des pr\u00e9visions en juillet au Royaume-Uni. Le rench\u00e9rissement s\u2019est ainsi \u00e9tabli \u00e0 3,8% sur&hellip;\n","protected":false},"author":2,"featured_media":331132,"comment_status":"","ping_status":"","sticky":false,"template":"","format":"standard","meta":{"footnotes":""},"categories":[1588],"tags":[11,1777,674,12,473,1853,1851,1850,1852],"class_list":{"0":"post-331131","1":"post","2":"type-post","3":"status-publish","4":"format-standard","5":"has-post-thumbnail","7":"category-royaume-uni","8":"tag-actualites","9":"tag-eu","10":"tag-europe","11":"tag-news","12":"tag-royaume-uni","13":"tag-royaume-uni-de-grande-bretagne-et-dirlande-du-nord","14":"tag-uk","15":"tag-united-kingdom","16":"tag-united-kingdom-of-great-britain-and-northern-ireland"},"share_on_mastodon":{"url":"https:\/\/pubeurope.com\/@fr\/115060082325412301","error":""},"_links":{"self":[{"href":"https:\/\/www.europesays.com\/fr\/wp-json\/wp\/v2\/posts\/331131","targetHints":{"allow":["GET"]}}],"collection":[{"href":"https:\/\/www.europesays.com\/fr\/wp-json\/wp\/v2\/posts"}],"about":[{"href":"https:\/\/www.europesays.com\/fr\/wp-json\/wp\/v2\/types\/post"}],"author":[{"embeddable":true,"href":"https:\/\/www.europesays.com\/fr\/wp-json\/wp\/v2\/users\/2"}],"replies":[{"embeddable":true,"href":"https:\/\/www.europesays.com\/fr\/wp-json\/wp\/v2\/comments?post=331131"}],"version-history":[{"count":0,"href":"https:\/\/www.europesays.com\/fr\/wp-json\/wp\/v2\/posts\/331131\/revisions"}],"wp:featuredmedia":[{"embeddable":true,"href":"https:\/\/www.europesays.com\/fr\/wp-json\/wp\/v2\/media\/331132"}],"wp:attachment":[{"href":"https:\/\/www.europesays.com\/fr\/wp-json\/wp\/v2\/media?parent=331131"}],"wp:term":[{"taxonomy":"category","embeddable":true,"href":"https:\/\/www.europesays.com\/fr\/wp-json\/wp\/v2\/categories?post=331131"},{"taxonomy":"post_tag","embeddable":true,"href":"https:\/\/www.europesays.com\/fr\/wp-json\/wp\/v2\/tags?post=331131"}],"curies":[{"name":"wp","href":"https:\/\/api.w.org\/{rel}","templated":true}]}}