{"id":331133,"date":"2025-08-20T08:11:14","date_gmt":"2025-08-20T08:11:14","guid":{"rendered":"https:\/\/www.europesays.com\/fr\/331133\/"},"modified":"2025-08-20T08:11:14","modified_gmt":"2025-08-20T08:11:14","slug":"les-prix-a-la-production-poursuivent-leur-repli-en-juillet","status":"publish","type":"post","link":"https:\/\/www.europesays.com\/fr\/331133\/","title":{"rendered":"les prix \u00e0 la production poursuivent leur repli en juillet"},"content":{"rendered":"<p>        &#13;<br \/>\n            <img decoding=\"async\" src=\"https:\/\/www.europesays.com\/fr\/wp-content\/uploads\/2025\/04\/39-c.jpg\" alt=\"bourse Cac 40\"\/><\/p>\n<p>(Zonebourse.com) &#8211; Les prix \u00e0 la production ont poursuivi leur repli pour le cinqui\u00e8me mois cons\u00e9cutif en Allemagne en juillet sous l&rsquo;effet du recul continu des co\u00fbts de l&rsquo;\u00e9nergie, montrent des donn\u00e9es publi\u00e9es mercredi par l&rsquo;Office f\u00e9d\u00e9ral de la statistique.<\/p>\n<p>Les prix producteurs ont diminu\u00e9 de 0,1% sur un mois et ont recul\u00e9 de 1,5% par rapport \u00e0 la m\u00eame p\u00e9riode de 2024, selon les chiffres de Destatis.<\/p>\n<p>Au mois de juin, ces prix s&rsquo;\u00e9taient d\u00e9j\u00e0 repli\u00e9 de 1,3% sur un an.<\/p>\n<p>L&rsquo;institut allemand de la statistique souligne que la baisse des prix de l&rsquo;\u00e9nergie est rest\u00e9e la principale cause du recul des prix \u00e0 la production sur un an, avec un repli de 6,8% d&rsquo;une ann\u00e9e sur l&rsquo;autre.<\/p>\n<p>La baisse la plus marquante vient du gaz naturel, dont les prix ont recul\u00e9 de 8,6% sur un an, suivi des prix de l&rsquo;\u00e9lectricit\u00e9 qui ont co\u00fbt\u00e9 7,8% moins cher qu&rsquo;en juillet 2024.<\/p>\n<p>En excluant l&rsquo;impact de l&rsquo;\u00e9volution des prix de l&rsquo;\u00e9nergie, les prix \u00e0 la production ont augment\u00e9 de 1% sur un an, pr\u00e9cise Destatis.<\/p>\n<p>Copyright \u00a9 2025 Zonebourse.com &#8211; All rights reserved.<\/p>\n<p>&#13;<br \/>\n            &#13;<\/p>\n<p>Vous avez aim\u00e9 cet article ? Partagez-le avec vos amis avec les boutons ci-dessous.<\/p>\n<p>        <a target=\"_blank\" title=\"Twitter\" href=\"https:\/\/twitter.com\/share?url=https:\/\/www.abcbourse.com\/marches\/allemagne-les-prix-a-la-production-poursuivent-leur-repli-en-juillet_672568&amp;text=Allemagne: les prix \u00e0 la production poursuivent leur repli en juillet&amp;via=abcbourse\" rel=\"nofollow noopener\">&#13;<br \/>\n            <img decoding=\"async\" src=\"https:\/\/www.europesays.com\/fr\/wp-content\/uploads\/2025\/04\/share_twitter.png\" class=\"mr10\" alt=\"Twitter\"\/>&#13;<br \/>\n        <\/a><br \/>\n        <a target=\"_blank\" title=\"Facebook\" href=\"https:\/\/www.facebook.com\/sharer.php?u=https:\/\/www.abcbourse.com\/marches\/allemagne-les-prix-a-la-production-poursuivent-leur-repli-en-juillet_672568&amp;t=Allemagne: les prix \u00e0 la production poursuivent leur repli en juillet\" rel=\"nofollow noopener\">&#13;<br \/>\n            <img decoding=\"async\" src=\"https:\/\/www.europesays.com\/fr\/wp-content\/uploads\/2025\/04\/share_fb.png\" alt=\"Facebook\" class=\"mr10\"\/>&#13;<br \/>\n        <\/a><br \/>\n        <a target=\"_blank\" title=\"Linkedin\" href=\"https:\/\/www.linkedin.com\/shareArticle?mini=true&amp;url=https:\/\/www.abcbourse.com\/marches\/allemagne-les-prix-a-la-production-poursuivent-leur-repli-en-juillet_672568&amp;title=Allemagne: les prix \u00e0 la production poursuivent leur repli en juillet\" rel=\"nofollow noopener\">&#13;<br \/>\n            <img decoding=\"async\" src=\"https:\/\/www.europesays.com\/fr\/wp-content\/uploads\/2025\/04\/share_linkedin.png\" alt=\"Linkedin\" class=\"mr10\"\/>&#13;<br \/>\n        <\/a><br \/>\n        <a target=\"_blank\" title=\"Envoyer par mail\" href=\"mailto:?subject=Allemagne: les prix \u00e0 la production poursuivent leur repli en juillet&amp;body=https:\/\/www.abcbourse.com\/marches\/allemagne-les-prix-a-la-production-poursuivent-leur-repli-en-juillet_672568\" rel=\"nofollow\">&#13;<br \/>\n            <img decoding=\"async\" src=\"https:\/\/www.europesays.com\/fr\/wp-content\/uploads\/2025\/04\/share_email.png\" alt=\"email\"\/>&#13;<br \/>\n        <\/a><br \/>\n    <script async src=\"https:\/\/platform.twitter.com\/widgets.js\" charset=\"utf-8\"><\/script><\/p>\n","protected":false},"excerpt":{"rendered":"&#13; (Zonebourse.com) &#8211; Les prix \u00e0 la production ont poursuivi leur repli pour le cinqui\u00e8me mois cons\u00e9cutif en&hellip;\n","protected":false},"author":2,"featured_media":8683,"comment_status":"","ping_status":"","sticky":false,"template":"","format":"standard","meta":{"footnotes":""},"categories":[1587],"tags":[11,672,1804,1805,1803,1777,674,1801,12,1802],"class_list":{"0":"post-331133","1":"post","2":"type-post","3":"status-publish","4":"format-standard","5":"has-post-thumbnail","7":"category-allemagne","8":"tag-actualites","9":"tag-allemagne","10":"tag-bundesrepublik-deutschland","11":"tag-de","12":"tag-deutschland","13":"tag-eu","14":"tag-europe","15":"tag-germany","16":"tag-news","17":"tag-republique-federale-dallemagne"},"share_on_mastodon":{"url":"https:\/\/pubeurope.com\/@fr\/115060086468166946","error":""},"_links":{"self":[{"href":"https:\/\/www.europesays.com\/fr\/wp-json\/wp\/v2\/posts\/331133","targetHints":{"allow":["GET"]}}],"collection":[{"href":"https:\/\/www.europesays.com\/fr\/wp-json\/wp\/v2\/posts"}],"about":[{"href":"https:\/\/www.europesays.com\/fr\/wp-json\/wp\/v2\/types\/post"}],"author":[{"embeddable":true,"href":"https:\/\/www.europesays.com\/fr\/wp-json\/wp\/v2\/users\/2"}],"replies":[{"embeddable":true,"href":"https:\/\/www.europesays.com\/fr\/wp-json\/wp\/v2\/comments?post=331133"}],"version-history":[{"count":0,"href":"https:\/\/www.europesays.com\/fr\/wp-json\/wp\/v2\/posts\/331133\/revisions"}],"wp:featuredmedia":[{"embeddable":true,"href":"https:\/\/www.europesays.com\/fr\/wp-json\/wp\/v2\/media\/8683"}],"wp:attachment":[{"href":"https:\/\/www.europesays.com\/fr\/wp-json\/wp\/v2\/media?parent=331133"}],"wp:term":[{"taxonomy":"category","embeddable":true,"href":"https:\/\/www.europesays.com\/fr\/wp-json\/wp\/v2\/categories?post=331133"},{"taxonomy":"post_tag","embeddable":true,"href":"https:\/\/www.europesays.com\/fr\/wp-json\/wp\/v2\/tags?post=331133"}],"curies":[{"name":"wp","href":"https:\/\/api.w.org\/{rel}","templated":true}]}}