{"id":331136,"date":"2025-08-20T08:13:10","date_gmt":"2025-08-20T08:13:10","guid":{"rendered":"https:\/\/www.europesays.com\/fr\/331136\/"},"modified":"2025-08-20T08:13:10","modified_gmt":"2025-08-20T08:13:10","slug":"laccord-commercial-etats-unis-ue-proche-des-previsions-de-la-bce-selon-christine-lagarde","status":"publish","type":"post","link":"https:\/\/www.europesays.com\/fr\/331136\/","title":{"rendered":"L&rsquo;accord commercial \u00c9tats-Unis-UE proche des pr\u00e9visions de la BCE, selon Christine Lagarde"},"content":{"rendered":"<p>L&rsquo;accord commercial conclu entre les \u00c9tats-Unis et l&rsquo;Union europ\u00e9enne pr\u00e9voit des tarifs douaniers l\u00e9g\u00e8rement sup\u00e9rieurs, mais reste proche des hypoth\u00e8ses de base de la Banque centrale europ\u00e9enne (BCE), a d\u00e9clar\u00e9 mercredi Christine Lagarde, pr\u00e9sidente de l&rsquo;institution.<\/p>\n<p>\n\u00ab L&rsquo;accord commercial \u00e9tablit un tarif moyen effectif estim\u00e9 entre 12\u00a0% et 16\u00a0% sur les importations am\u00e9ricaines de biens en provenance de la zone euro \u00bb, a-t-elle pr\u00e9cis\u00e9 \u00e0 Gen\u00e8ve.<\/p>\n<p>\n\u00ab Ce tarif moyen effectif est quelque peu sup\u00e9rieur, mais reste proche des hypoth\u00e8ses utilis\u00e9es dans nos projections de base publi\u00e9es en juin dernier \u00bb, a-t-elle ajout\u00e9. \u00ab Le r\u00e9sultat de cet accord commercial demeure nettement inf\u00e9rieur au sc\u00e9nario s\u00e9v\u00e8re qui pr\u00e9voyait des droits de douane am\u00e9ricains sup\u00e9rieurs \u00e0 20\u00a0% \u00bb.<\/p>\n","protected":false},"excerpt":{"rendered":"L&rsquo;accord commercial conclu entre les \u00c9tats-Unis et l&rsquo;Union europ\u00e9enne pr\u00e9voit des tarifs douaniers l\u00e9g\u00e8rement sup\u00e9rieurs, mais reste proche&hellip;\n","protected":false},"author":2,"featured_media":331137,"comment_status":"","ping_status":"","sticky":false,"template":"","format":"standard","meta":{"footnotes":""},"categories":[1586],"tags":[11,340,1777,674,1779,1011,27,12,25,1778,364],"class_list":{"0":"post-331136","1":"post","2":"type-post","3":"status-publish","4":"format-standard","5":"has-post-thumbnail","7":"category-europe","8":"tag-actualites","9":"tag-bourse","10":"tag-eu","11":"tag-europe","12":"tag-european-union","13":"tag-fr","14":"tag-france","15":"tag-news","16":"tag-republique-francaise","17":"tag-ue","18":"tag-union-europeenne"},"share_on_mastodon":{"url":"https:\/\/pubeurope.com\/@fr\/115060094252771413","error":""},"_links":{"self":[{"href":"https:\/\/www.europesays.com\/fr\/wp-json\/wp\/v2\/posts\/331136","targetHints":{"allow":["GET"]}}],"collection":[{"href":"https:\/\/www.europesays.com\/fr\/wp-json\/wp\/v2\/posts"}],"about":[{"href":"https:\/\/www.europesays.com\/fr\/wp-json\/wp\/v2\/types\/post"}],"author":[{"embeddable":true,"href":"https:\/\/www.europesays.com\/fr\/wp-json\/wp\/v2\/users\/2"}],"replies":[{"embeddable":true,"href":"https:\/\/www.europesays.com\/fr\/wp-json\/wp\/v2\/comments?post=331136"}],"version-history":[{"count":0,"href":"https:\/\/www.europesays.com\/fr\/wp-json\/wp\/v2\/posts\/331136\/revisions"}],"wp:featuredmedia":[{"embeddable":true,"href":"https:\/\/www.europesays.com\/fr\/wp-json\/wp\/v2\/media\/331137"}],"wp:attachment":[{"href":"https:\/\/www.europesays.com\/fr\/wp-json\/wp\/v2\/media?parent=331136"}],"wp:term":[{"taxonomy":"category","embeddable":true,"href":"https:\/\/www.europesays.com\/fr\/wp-json\/wp\/v2\/categories?post=331136"},{"taxonomy":"post_tag","embeddable":true,"href":"https:\/\/www.europesays.com\/fr\/wp-json\/wp\/v2\/tags?post=331136"}],"curies":[{"name":"wp","href":"https:\/\/api.w.org\/{rel}","templated":true}]}}