{"id":331138,"date":"2025-08-20T08:14:11","date_gmt":"2025-08-20T08:14:11","guid":{"rendered":"https:\/\/www.europesays.com\/fr\/331138\/"},"modified":"2025-08-20T08:14:11","modified_gmt":"2025-08-20T08:14:11","slug":"clim-au-groupama-fuite-de-longoria-craquage-de-benatia-quelle-suite-pour-lapocalypse-marseillaise","status":"publish","type":"post","link":"https:\/\/www.europesays.com\/fr\/331138\/","title":{"rendered":"Clim&rsquo; au Groupama, fuite de Longoria, craquage de Benatia\u2026 Quelle suite pour l\u2019apocalypse marseillaise\u00a0?"},"content":{"rendered":"<p>En qu\u00eate d\u2019histoires et de storytelling \u00e0 la Hollywood, Ligue 1 +\u00a0n\u2019avait m\u00eame pas os\u00e9 l\u2019imaginer dans ses r\u00eaves les plus fous. Pas de probl\u00e8me, l\u2019OM lui a servi <a href=\"https:\/\/www.20minutes.fr\/sport\/football\/4168565-20250819-drama-om-zerbi-veut-plus-adrien-rabiot-pousse-vers-sortie\" target=\"_blank\" class=\"c-link c-link--is-underlined\" rel=\"noopener\">la plus belle crise<\/a> de ses dix derni\u00e8res ann\u00e9es, \u00e0 \u00e9galit\u00e9 peut-\u00eatre avec <a href=\"https:\/\/www.lequipe.fr\/Football\/Actualites\/Marcelo-bielsa-demissionne-de-l-om\/580397\" rel=\"nofollow noopener\" target=\"_blank\" class=\"c-link c-link--is-underlined\">le d\u00e9part de Marcelo Bielsa<\/a> lors de la premi\u00e8re journ\u00e9e de la saison 2015-2016 apr\u00e8s une d\u00e9faite au V\u00e9lodrome contre Caen.<\/p>\n<p>En se foutant sur la tronche dans les vestiaires apr\u00e8s un revers aussi honteux que pr\u00e9visible \u00e0 Rennes, apr\u00e8s un but de Blas dans les arr\u00eats de jeu malgr\u00e9 une sup\u00e9riorit\u00e9 num\u00e9rique, Adrien Rabiot et Jonathan Rowe <a href=\"https:\/\/www.20minutes.fr\/sport\/4168214-20250817-ligue-1-couilles-terrain-vestiaire-om-deja-feu-apres-defaite-rennes\" class=\"c-link c-link--is-underlined\" target=\"_blank\" rel=\"noopener\">ont ouvert l\u2019un des plus gros bordels<\/a> de l\u2019histoire de l\u2019Olympique de Marseille. Le club a officiellement annonc\u00e9 qu\u2019il souhaitait le d\u00e9part des deux hommes, imm\u00e9diatement plac\u00e9s sur la liste des transferts par le club, ouvrant la porte \u00e0 une saison que l\u2019on imagine d\u00e9j\u00e0 m\u00e9morable. Tous les sc\u00e9narios sont d\u00e9sormais envisageables. Voici le n\u00f4tre.<\/p>\n<blockquote class=\"twitter-tweet\" align=\"center\" data-lang=\"fr_FR\">\n<p lang=\"fr\" dir=\"ltr\">Hyp\u00e9s de fou par le recrutement, les amicaux et la s\u00e9rie sur la saison derni\u00e8re, on d\u00e9marre logiquement par une d\u00e9faite \u00e0 Rennes (but de Rongier) puis un nul arrach\u00e9 contre le PFC (but de Lopez qui c\u00e9l\u00e8bre pas) et \u00e9videmment une d\u00e9faite \u00e0 Lyon apr\u00e8s les avoir vann\u00e9 tout l\u2019\u00e9t\u00e9 \ud83e\udd37\u200d\u2642\ufe0f <a href=\"https:\/\/t.co\/BGT4sjfQq5\">https:\/\/t.co\/BGT4sjfQq5<\/a> <a href=\"https:\/\/t.co\/h5RMcH0bob\">pic.twitter.com\/h5RMcH0bob<\/a><\/p>\n<p>\u2014 Lino Treize (@LinoTreize) <a href=\"https:\/\/twitter.com\/LinoTreize\/status\/1954991003766751637?ref_src=twsrc%5Etfw\" target=\"_blank\" rel=\"noopener\">August 11, 2025<\/a><\/p><\/blockquote>\n<p class=\"mb-xxl@xs color-ultramarine font-weight-semi-bold@xs font-source-serif-pro heading-s@xs\">L\u2019acc\u00e8s \u00e0 ce contenu a \u00e9t\u00e9 bloqu\u00e9 afin de respecter votre choix de consentement<\/p>\n<p class=\"mb-m@xs text-l@xs\">En cliquant sur\u00ab J\u2019accepte \u00bb, vous acceptez le d\u00e9p\u00f4t de cookies par des services externes et aurez ainsi acc\u00e8s aux contenus de nos partenaires.<\/p>\n<p class=\"mb-xl@xs text-s@xs\">Plus d\u2019informations sur la page<a href=\"https:\/\/www.20minutes.fr\/gestion-cookies\" class=\"mx-xxs@xs color-ultramarine\" target=\"_blank\" rel=\"noopener\">Politique de gestion des cookies<\/a><\/p>\n<p>J\u2019accepteOM &#8211; Paris FC, stade V\u00e9lodrome, 23\u00a0ao\u00fbt 2025<\/p>\n<p>C\u2019est dans un V\u00e9lodrome surchauff\u00e9 mais tiraill\u00e9 entre la volont\u00e9 farouche de soutenir Roberto De Zerbi co\u00fbte que co\u00fbte, et la crainte d\u2019avoir \u00e9t\u00e9 tromp\u00e9 sur la marchandise avec un coach aux airs de fou du bus, que les Olympiens d\u00e9barquent sur la pelouse avec les guibolles en papier cr\u00e9pon. L\u2019occasion pour le promu parisien de tirer sur le corbillard ne demande qu\u2019\u00e0 \u00eatre saisie, et, comme si le destin ne s\u2019\u00e9tait pas d\u00e9j\u00e0 assez acharn\u00e9 sur ce club, c\u2019est un Maxime Lopez mi-heureux, mi-d\u00e9pit\u00e9, qui vient \u00e9galiser d\u2019un vieux but de raccroc \u00e0 la 98e minute de jeu, une heure apr\u00e8s l\u2019ouverture du score marseillaise et l\u2019habituelle domination st\u00e9rile qui s\u2019ensuit. La bronca du V\u00e9l est \u00e0 la hauteur du d\u00e9but de saison. Et dire que dans une semaine il va falloir aller \u00e0 Lyon, jamais aussi bon que quand son homologue olympien est au fond du trou.<\/p>\n<p>OL-OM, Groupama Stadium, 31\u00a0ao\u00fbt 2025<\/p>\n<p>Interdits de d\u00e9placement, les supporters de l\u2019OM ne se font gu\u00e8re d\u2019illusion quant \u00e0 l\u2019issue de ce match. Un an apr\u00e8s avoir climatis\u00e9 le Parc OL <a href=\"https:\/\/www.20minutes.fr\/sport\/football\/ligue-1\/4111074-20240922-direct-ol-om-lyon-joue-deja-gros-ligue-1-face-rival-marseillais-suivez-bouillant-olympico-20-heures\" class=\"c-link c-link--is-underlined\" target=\"_blank\" rel=\"noopener\">sur un but de Rowe<\/a> \u00e0 la 97e minute, ils savent d\u2019avance, comme nous, que ce match sent le p\u00e2t\u00e9 de t\u00eate. Deux mois plus t\u00f4t, l\u2019OM f\u00eatait sa qualif en Ligue des champions quand l\u2019OL bookait les chambres de l\u2019h\u00f4tel IBIS de Rodez <a href=\"https:\/\/www.20minutes.fr\/sport\/football\/ligue-1\/4160224-20250624-ol-coup-tonnerre-lyon-retrograde-ligue-2-dncg\" target=\"_blank\" class=\"c-link c-link--is-underlined\" rel=\"noopener\">pour la premi\u00e8re journ\u00e9e de Ligue 2<\/a>, mais comme le veut la th\u00e9orie dite des \u00ab\u00a0Olympiques invers\u00e9s\u00a0\u00bb, les mouches ont chang\u00e9 d\u2019\u00e2ne et l\u2019OL s\u2019impose sans forcer face \u00e0 une \u00e9quipe qui ne sait plus o\u00f9 elle habite. Furieux contre l\u2019attitude de ses joueurs, qu\u2019il traite de \u00ab\u00a0petites ballerines sans couilles\u00a0\u00bb devant les cam\u00e9ras en immersion de Ligue 1 +, De Zerbi oblige le groupe \u00e0 rentrer \u00e0 pied \u00e0 Marseille car, on cite, \u00ab\u00a0\u00e7a leur fera les pieds \u00e0 ses tocards\u00a0\u00bb. De toute fa\u00e7on, pas le choix, le car est tomb\u00e9 en panne apr\u00e8s s\u2019\u00eatre fait caillasser sur la route du Groupama Stadium.<\/p>\n<p>OM &#8211; Bar\u00e7a, stade V\u00e9lodrome, mardi 16\u00a0septembre 2025<\/p>\n<p>Et c\u2019est dans cette ambiance \u00e0 la \u00ab\u00a0Squideu Gamesss\u00a0\u00bb que les Marseillais lancent leur campagne europ\u00e9enne, trois ans apr\u00e8s leur derni\u00e8re apparition en Ligue des champions, contre\u2026 Le FC Barcelone. H\u00e9 ouais, quand \u00e7a ne veut pas\u2026 face \u00e0 11 plots d\u00e9pressifs, Lamine Yamal leur fait la danse de leurs beaux jours et claque un quadrupl\u00e9 qui relance la course au Ballon d\u2019or sur les r\u00e9seaux (alors que les votes sont clos depuis trois semaines). Manque de pot, les fans marseillais ne peuvent f\u00eater la bonne nouvelle, tiraill\u00e9s entre leur club de c\u0153ur et leur autre club de c\u0153ur.<\/p>\n<p>OM &#8211; PSG, 21\u00a0septembre 2025<\/p>\n<p>Apr\u00e8s avoir align\u00e9 une \u00e9quipe B depuis le d\u00e9but de la saison, Luis Enrique d\u00e9cide de respecter l\u2019institution marseillaise en alignant un 11 stratosph\u00e9rique sur la pelouse du V\u00e9lodrome, peu ou prou celui qui a martyris\u00e9 l\u2019Europe la saison pass\u00e9e et d\u00e9truit l\u2019Inter en finale. Et si les Italiens s\u2019\u00e9taient ridiculis\u00e9s en prenant une manita dans les gencives, que dire du 6-0 inflig\u00e9 par les Lucho Boys \u00e0 l\u2019issue de la rencontre\u00a0? Devenu aussi rouge que le troisi\u00e8me maillot parisien arbor\u00e9 ce soir-l\u00e0 \u00e0 Marseille, Roberto De Zerbi rend les armes.<\/p>\n<p>Comme Marcelo Bielsa avant lui, le coach italien annonce sa d\u00e9mission en conf\u00e9rence de presse. Dans les gradins, l\u2019ambiance est au moins aussi pourrie et Pablo Longoria, qui venait d\u2019apprendre le d\u00e9part de De Zerbi en direct sur Twitter, se fait courser par des supporters en col\u00e8re qui lui promettent le goudron, le Pastis et les plumes. Il r\u00e9ussira malgr\u00e9 tout \u00e0 quitter le stade sous escorte et prendre la fuite \u00e0 bord de la voiture du jeune stagiaire \u00e0 la com&rsquo; du club qui se demande bien o\u00f9 il a foutu les pieds. \u00ab\u00a0Vamos, vamos, lui hurle un Longoria en panique. Et tu ne t\u2019arr\u00eates pas avant d\u2019avoir pass\u00e9 la fronti\u00e8re espagnole\u00a0!\u00a0\u00bb<\/p>\n<p>Strasbourg &#8211; OM, 28\u00a0septembre 2025<\/p>\n<p>Sans nouvelle du pr\u00e9sident de l\u2019OM qui, on l\u2019apprendra le lendemain matin, est all\u00e9 se retrancher dans la maison familiale aupr\u00e8s de sa maman ch\u00e9rie, dans la r\u00e9gion de Huesca, en Espagne, Mehdi Benatia n\u2019a d\u2019autre choix que de prendre les r\u00eanes de l\u2019\u00e9quipe mais aussi du club, dans un r\u00f4le de double-casquette entra\u00eeneur-pr\u00e9sident. Mais le contexte est trop compliqu\u00e9, m\u00eame pour lui, et le meilleur ami de la commission de discipline de la LFP d\u00e9goupille lors du d\u00e9placement \u00e0 Strasbourg, une semaine plus tard.<\/p>\n<p>Furieux du p\u00e9nalty litigieux accord\u00e9 aux Alsaciens dans les arr\u00eats de jeu, Benatia d\u00e9boule en furie dans le vestiaire de Cl\u00e9ment Turpin, que l\u2019on retrouvera quelques instants plus tard accroch\u00e9 au portemanteau, ses jambes fluettes se balan\u00e7ant dans le vent tel Jamel Debbouze dans Ast\u00e9rix et Cl\u00e9op\u00e2tre. \u00ab\u00a0Il est bizarre ce sol, il est pas palpable.\u00a0\u00bb Cette sc\u00e8ne, caviard\u00e9e par les cam\u00e9ras de Ligue 1 +, fuitera malgr\u00e9 tout sur les r\u00e9seaux sociaux quelques minutes plus tard gr\u00e2ce \u00e0 un CDD <a href=\"https:\/\/www.20minutes.fr\/sport\/football\/1867827-20160617-euro-2016-apres-cas-pogba-medias-obliges-etre-patriotes-equipe-france\" class=\"c-link c-link--is-underlined\" target=\"_blank\" rel=\"noopener\">en qu\u00eate de buzz et de followers.<\/a><\/p>\n<p>La chute de Benatia, 1er\u00a0octobre 2025<\/p>\n<p>Interdit de toutes fonctions officielles \u00e0 vie dans le championnat de France, Benatia est le dernier homme du trio que l\u2019on pensait indestructible \u00e0 quitter un navire qui ressemble de plus en plus \u00e0 un vulgaire rafiot. C\u2019est donc tout naturellement que Rachid Zeroual, le chef des ultras marseillais des South Winners, propose ses services au peuple bleu et blanc pour \u00ab\u00a0remettre de l\u2019ordre dans ce putaing de merdier\u00a0\u00bb et assurer la transition en attendant la nomination d\u2019un nouveau pr\u00e9sident. En attendant l\u2019arriv\u00e9e de l\u2019homme providentiel, Zeroual est aper\u00e7u \u00e0 la terrasse de l\u2019h\u00f4tel Intercontinental de Marseille, en grande discussion avec Rolland Courbis, alors pressenti pour jouer les pompiers de service sur le banc. Publi\u00e9e sur les r\u00e9seaux sociaux par un insider peu scrupuleux, la photo des deux hommes d\u00e9clenchera une lev\u00e9e de boucliers dans les rangs des ultras de l\u2019OM. Le retour de Courbis fait pschitt.<\/p>\n<p>Christophe Galtier d\u00e9boule, 4\u00a0octobre 2025<\/p>\n<p>Craignant qu\u2019ils ne terminent le boulot <a href=\"https:\/\/www.eurosport.fr\/football\/ligue-1\/2020-2021\/om-violences-a-la-commanderie-marseille-le-point-de-non-retour_sto8091494\/story.shtml\" rel=\"nofollow noopener\" target=\"_blank\" class=\"c-link c-link--is-underlined\">entam\u00e9 en septembre\u00a02023<\/a> en passant la Commanderie au napalm, Franck Mc Court n\u2019a d\u2019autres choix que de reprendre les choses en main. Arriv\u00e9 \u00e0 la veille du d\u00e9placement \u00e0 Metz, le propri\u00e9taire de l\u2019OM annonce avoir trouv\u00e9 un accord avec\u2026 Christophe Galtier, l\u2019ancien entra\u00eeneur du PSG, annonc\u00e9 un temps \u00e0 l\u2019OM apr\u00e8s le d\u00e9part de Tudor. Et c\u2019est donc tout naturellement que le coach nouvellement nomm\u00e9 \u00e0 Neom, en Arabie saoudite, casse son contrat avec les Saoudiens pour \u00ab\u00a0vivre son r\u00eave de gosse et entra\u00eener l\u2019Olympique de Marseille\u00a0\u00bb, relan\u00e7ant par la m\u00eame occasion la rumeur du rachat du club par la patrie des droits de l&rsquo;homme.<\/p>\n<p>L\u2019occasion id\u00e9ale pour le journaliste Thibaud V\u00e9zirian de publier une nouvelle vid\u00e9o sur YouTube intitul\u00e9 \u00ab\u00a0alors les rageux, qui c\u2019est qu\u2019avait raison au final\u00a0?\u00a0\u00bb. Le soir m\u00eame, une silhouette appara\u00eet au loin dans les calanques\u00a0: c\u2019est l\u2019\u00e9lu Christophe Galtier, cheveux au vent, qui d\u00e9barque \u00e0 toute balle \u00e0 bord de son char \u00e0 voile customis\u00e9 et repeint aux couleurs de l\u2019OM. La suite appartient \u00e0 l\u2019histoire.<\/p>\n<p><script async src=\"https:\/\/platform.twitter.com\/widgets.js\" charset=\"utf-8\"><\/script><\/p>\n","protected":false},"excerpt":{"rendered":"En qu\u00eate d\u2019histoires et de storytelling \u00e0 la Hollywood, Ligue 1 +\u00a0n\u2019avait m\u00eame pas os\u00e9 l\u2019imaginer dans ses&hellip;\n","protected":false},"author":2,"featured_media":331139,"comment_status":"","ping_status":"","sticky":false,"template":"","format":"standard","meta":{"footnotes":""},"categories":[2],"tags":[11,2329,63,1011,27,66,12,2333,25,968,517],"class_list":{"0":"post-331138","1":"post","2":"type-post","3":"status-publish","4":"format-standard","5":"has-post-thumbnail","7":"category-actualites","8":"tag-actualites","9":"tag-adrien-rabiot","10":"tag-football","11":"tag-fr","12":"tag-france","13":"tag-ligue-1","14":"tag-news","15":"tag-olympique-de-marseille-om","16":"tag-republique-francaise","17":"tag-roberto-de-zerbi","18":"tag-sport"},"share_on_mastodon":{"url":"https:\/\/pubeurope.com\/@fr\/115060097974928535","error":""},"_links":{"self":[{"href":"https:\/\/www.europesays.com\/fr\/wp-json\/wp\/v2\/posts\/331138","targetHints":{"allow":["GET"]}}],"collection":[{"href":"https:\/\/www.europesays.com\/fr\/wp-json\/wp\/v2\/posts"}],"about":[{"href":"https:\/\/www.europesays.com\/fr\/wp-json\/wp\/v2\/types\/post"}],"author":[{"embeddable":true,"href":"https:\/\/www.europesays.com\/fr\/wp-json\/wp\/v2\/users\/2"}],"replies":[{"embeddable":true,"href":"https:\/\/www.europesays.com\/fr\/wp-json\/wp\/v2\/comments?post=331138"}],"version-history":[{"count":0,"href":"https:\/\/www.europesays.com\/fr\/wp-json\/wp\/v2\/posts\/331138\/revisions"}],"wp:featuredmedia":[{"embeddable":true,"href":"https:\/\/www.europesays.com\/fr\/wp-json\/wp\/v2\/media\/331139"}],"wp:attachment":[{"href":"https:\/\/www.europesays.com\/fr\/wp-json\/wp\/v2\/media?parent=331138"}],"wp:term":[{"taxonomy":"category","embeddable":true,"href":"https:\/\/www.europesays.com\/fr\/wp-json\/wp\/v2\/categories?post=331138"},{"taxonomy":"post_tag","embeddable":true,"href":"https:\/\/www.europesays.com\/fr\/wp-json\/wp\/v2\/tags?post=331138"}],"curies":[{"name":"wp","href":"https:\/\/api.w.org\/{rel}","templated":true}]}}