{"id":331141,"date":"2025-08-20T08:16:14","date_gmt":"2025-08-20T08:16:14","guid":{"rendered":"https:\/\/www.europesays.com\/fr\/331141\/"},"modified":"2025-08-20T08:16:14","modified_gmt":"2025-08-20T08:16:14","slug":"safilo-la-france-confirme-sa-position-parmi-nos-principaux-marches","status":"publish","type":"post","link":"https:\/\/www.europesays.com\/fr\/331141\/","title":{"rendered":"Safilo : \u00ab\u00a0La France confirme sa position parmi nos principaux march\u00e9s\u00a0\u00bb"},"content":{"rendered":"<p>\t\t\t&#13;<\/p>\n<p>Les ventes de Safilo au 1er semestre 2025 sont en progression. En Europe, le march\u00e9 fran\u00e7ais tire particuli\u00e8rement son \u00e9pingle du jeu.<\/p>\n<p>&#13;<br \/>\n &#13;<\/p>\n<p>Safilo annonce des r\u00e9sultats en croissance pour les six premiers mois de l\u2019ann\u00e9e. Le fabricant italien fait \u00e9tat de pr\u00e8s de 538 millions d\u2019euros de chiffre d\u2019affaires sur la p\u00e9riode, en progression de 2,3 % \u00e0 taux de change constants, dont quasi 252 millions sur le deuxi\u00e8me trimestre. Au cours de cette premi\u00e8re moiti\u00e9 de l&rsquo;ann\u00e9e, l\u2019Hexagone appara\u00eet toujours comme l\u2019un des march\u00e9s europ\u00e9ens les plus dynamiques. \u00ab\u00a0La France a confirm\u00e9 son r\u00f4le de principal moteur de croissance de la r\u00e9gion, soutenue par un environnement commercial favorable\u00a0\u00bb, peut-on lire dans la synth\u00e8se financi\u00e8re du lunetier qui ne d\u00e9taille toutefois pas le niveau des ventes enregistr\u00e9es dans l&rsquo;Hexagone. Et Angelo Trocchia (photo), le PDG de Safilo, de commenter la situation tricolore en ces termes : \u00ab\u00a0La France confirme sa position parmi nos principaux march\u00e9s, gr\u00e2ce \u00e0 une demande soutenue pour les montures de lunettes de vue et de soleil aupr\u00e8s des opticiens ind\u00e9pendants et des cha\u00eenes, et gr\u00e2ce \u00e0 nos initiatives de communication en magasin\u00a0\u00bb. Parmi les marques de son portefeuille actuellement les plus performantes, le groupe cite Carrera, David Beckham, Boss, Tommy Hilfiger ou encore Marc Jacobs.<\/p>\n<p>&#13;<\/p>\n<p><img loading=\"lazy\" decoding=\"async\" src=\"https:\/\/www.europesays.com\/fr\/wp-content\/uploads\/2025\/08\/ATS2.png\" alt=\"\" width=\"480\" height=\"325\"\/><\/p>\n<p>&#13;<\/p>\n<p><strong><a href=\"https:\/\/www.frequenceoptic.fr\/newsletter.html\" rel=\"nofollow noopener\" target=\"_blank\">Pour recevoir les derni\u00e8res infos, inscrivez-vous \u00e0 notre newsletter<\/a><\/strong><\/p>\n<p><img decoding=\"async\" class=\"fb-share\" src=\"https:\/\/www.europesays.com\/fr\/wp-content\/uploads\/2025\/08\/share.png\" onclick=\"window.open('http:\/\/www.facebook.com\/sharer.php?u='+encodeURIComponent('https:\/\/www.frequenceoptic.fr\/actualites\/safilo-la-france-confirme-sa-position-parmi-nos-principaux-marches.html')+'&amp;t=\" :=\"\"\/><\/p>\n","protected":false},"excerpt":{"rendered":"&#13; Les ventes de Safilo au 1er semestre 2025 sont en progression. En Europe, le march\u00e9 fran\u00e7ais tire&hellip;\n","protected":false},"author":2,"featured_media":331142,"comment_status":"","ping_status":"","sticky":false,"template":"","format":"standard","meta":{"footnotes":""},"categories":[4],"tags":[11,1011,27,1831,23474,23473,12,23471,23472,21638,25,13373],"class_list":{"0":"post-331141","1":"post","2":"type-post","3":"status-publish","4":"format-standard","5":"has-post-thumbnail","7":"category-france","8":"tag-actualites","9":"tag-fr","10":"tag-france","11":"tag-frequence","12":"tag-frequence-optique","13":"tag-lunette","14":"tag-news","15":"tag-optic","16":"tag-opticien","17":"tag-optique","18":"tag-republique-francaise","19":"tag-vue"},"share_on_mastodon":{"url":"https:\/\/pubeurope.com\/@fr\/115060106007094757","error":""},"_links":{"self":[{"href":"https:\/\/www.europesays.com\/fr\/wp-json\/wp\/v2\/posts\/331141","targetHints":{"allow":["GET"]}}],"collection":[{"href":"https:\/\/www.europesays.com\/fr\/wp-json\/wp\/v2\/posts"}],"about":[{"href":"https:\/\/www.europesays.com\/fr\/wp-json\/wp\/v2\/types\/post"}],"author":[{"embeddable":true,"href":"https:\/\/www.europesays.com\/fr\/wp-json\/wp\/v2\/users\/2"}],"replies":[{"embeddable":true,"href":"https:\/\/www.europesays.com\/fr\/wp-json\/wp\/v2\/comments?post=331141"}],"version-history":[{"count":0,"href":"https:\/\/www.europesays.com\/fr\/wp-json\/wp\/v2\/posts\/331141\/revisions"}],"wp:featuredmedia":[{"embeddable":true,"href":"https:\/\/www.europesays.com\/fr\/wp-json\/wp\/v2\/media\/331142"}],"wp:attachment":[{"href":"https:\/\/www.europesays.com\/fr\/wp-json\/wp\/v2\/media?parent=331141"}],"wp:term":[{"taxonomy":"category","embeddable":true,"href":"https:\/\/www.europesays.com\/fr\/wp-json\/wp\/v2\/categories?post=331141"},{"taxonomy":"post_tag","embeddable":true,"href":"https:\/\/www.europesays.com\/fr\/wp-json\/wp\/v2\/tags?post=331141"}],"curies":[{"name":"wp","href":"https:\/\/api.w.org\/{rel}","templated":true}]}}