{"id":331143,"date":"2025-08-20T08:17:14","date_gmt":"2025-08-20T08:17:14","guid":{"rendered":"https:\/\/www.europesays.com\/fr\/331143\/"},"modified":"2025-08-20T08:17:14","modified_gmt":"2025-08-20T08:17:14","slug":"que-va-faire-keegan-bradley-quil-joue-pour-le-bien-de-leurope-assure-nick-faldo","status":"publish","type":"post","link":"https:\/\/www.europesays.com\/fr\/331143\/","title":{"rendered":"Que va faire Keegan Bradley ? \u00ab\u00a0Qu&rsquo;il joue pour le bien de l&rsquo;Europe\u00a0\u00bb, assure Nick Faldo"},"content":{"rendered":"<p>\t\t\t\t\t\t<img width=\"770\" height=\"559\" src=\"https:\/\/www.europesays.com\/fr\/wp-content\/uploads\/2025\/08\/the-153rd-open-previews-770x559.jpg\" class=\"img-responsive wp-post-image\" alt=\"\" decoding=\"async\" fetchpriority=\"high\"  \/>\t\t\t\t\t<\/p>\n<p>\t\t\t\t\t\t Partager cet article <\/p>\n<p class=\"screen-reader-text juiz_sps_maybe_hidden_text\">Partager la publication \u00ab\u00a0Que va faire Keegan Bradley ? \u00ab\u00a0Qu\u2019il joue pour le bien de l\u2019Europe\u00a0\u00bb, assure Nick Faldo\u00a0\u00bb<\/p>\n<p><strong>A l\u2019issue du Tour Championship, Keegan Bradley, le capitaine de l\u2019\u00e9quipe am\u00e9ricaine de Ryder Cup, va d\u00e9voiler ses six choix, les six joueurs qui vont compl\u00e9ter son \u00ab\u00a0squad\u00a0\u00bb \u00e0 Bethpage. Va-t-il se choisir lui-m\u00eame ? Les voix sont dissonantes \u00e0 ce sujet, mais certains du c\u00f4t\u00e9 de l\u2019Europe aimeraient bien qu\u2019il choisisse de doubler\u2026<br \/><\/strong><\/p>\n<p>C\u2019est LE sujet qui anime les conversations autour de la<strong> Ryder Cup<\/strong> cette semaine \u00e0 <strong>East Lake<\/strong>. Bien s\u00fbr, les meilleurs joueurs du monde sont pr\u00e9sents cette semaine \u00e0 <strong>Atlanta<\/strong> pour tenter de r\u00e9ussir le doubl\u00e9 : gagner le <strong>Tour Championship<\/strong> et du m\u00eame coup l\u2019\u00e9norme bonus attribu\u00e9 au vainqueur de la <strong>FedEx Cup<\/strong>.<\/p>\n<p>Mais ensuite\u2026 Au lendemain du tournoi, <strong>Keegan Bradley<\/strong> donnera une conf\u00e9rence de presse o\u00f9 il d\u00e9voilera ses six choix. Six nouveaux joueurs qui vont rejoindre les six hommes d\u00e9j\u00e0 qualifi\u00e9s : <strong>Scottie Scheffler<\/strong>, <strong>J.J. Spaun<\/strong>, <strong>Xander Schauffele<\/strong>, <strong>Russell Henley<\/strong>, <strong>Harris English<\/strong> et <strong>Bryson DeChambeau<\/strong>.\u00a0<\/p>\n<p>Que va faire le capitaine de \u00ab\u00a0Team USA\u00a0\u00bb ? Traditionnellement, le classement aux points sert de base pour les choix du capitaine, qui a tendance a privil\u00e9gier ceux qui sont les mieux class\u00e9s parmi les non qualifi\u00e9s. Ainsi <strong>Justin Thomas<\/strong> et <strong>Colin Morikawa<\/strong>, respectivement 7e et 8e du classement, n\u2019ont pas trop de souci \u00e0 se faire. Ils seront \u00e0 Bethpage.<\/p>\n<p><a href=\"https:\/\/www.rydercup.com\/us-rankings\" target=\"_blank\" rel=\"noopener nofollow\">Le classement final de l\u2019\u00e9quipe am\u00e9ricaine<\/a><\/p>\n<p>Mais ensuite ? <strong>Ben Griffin<\/strong> (9e),<strong> Maverick McNealy<\/strong> (10e) et\u2026 Keegan Bradley (11e) seront-ils choisis ? Les deux premiers seraient des d\u00e9butants dans l\u2019\u00e9preuve comme Russell Henley et J.J. Spaun. Le troisi\u00e8me\u2026 Il deviendrait le premier capitaine-joueur depuis <strong>Arnold Palmer<\/strong> en 1963.<\/p>\n<p>\t\t\t\t\t<a id=\"174987\" href=\"https:\/\/www.sudfrancegolf.com\/fr\/\" target=\"_blank\" rel=\"sponsorised nofollow noopener\"><img decoding=\"async\" src=\"data:image\/svg+xml,%3Csvg%20xmlns=\" http:=\"\" class=\"img-responsive\" alt=\"\" data-lazy-src=\"https:\/\/www.europesays.com\/fr\/wp-content\/uploads\/2025\/06\/giesudfrancegolf-e02-egolf-pass-2025-v2-1170x275-1.gif\"\/><\/a><\/p>\n<blockquote><p>\nUn double job impossible \u00e0 r\u00e9aliser et donc j\u2019esp\u00e8re qu\u2019il va le faire.<\/p>\n<p>Nick Faldo<\/p>\n<\/blockquote>\n<p>Au-del\u00e0 de s\u2019auto-s\u00e9lectionner lui-m\u00eame, ce qui serait d\u00e9j\u00e0 une situation ubuesque, Bradley risque fort d\u2019\u00eatre emp\u00eatr\u00e9 dans un double r\u00f4le tr\u00e8s prenant que <strong>Nick Faldo<\/strong>, ancien capitaine europ\u00e9en, juge \u00ab impossible \u00e0 r\u00e9aliser \u00bb. Et c\u2019est pour \u00e7a que l\u2019Anglais aux six victoires en Majeur encourage le skipper des USA \u00e0 le faire.<\/p>\n<p>\u00ab Il y a tant de choses \u00e0 faire quand vous \u00eates capitaine. Il faut parler aux joueurs. Les jours des doubles, vous devez d\u00e9voiler votre s\u00e9lection pour l\u2019apr\u00e8s-midi avant midi. S\u2019il est sur le parcours, \u00e7a va \u00eatre compliqu\u00e9. \u00bb<\/p>\n<p>Alors bien s\u00fbr, Keegan Bradley peut d\u00e9f\u00e9rer certaines de ses missions \u00e0 ses nombreux vice-capitaines. L\u2019un d\u2019eux, <strong>Brandt Snedeker<\/strong>, a d\u2019ailleurs r\u00e9cemment fait machine arri\u00e8re en d\u00e9clarant que le double r\u00f4le \u00e9tait possible apr\u00e8s avoir \u00e9mis des gros doutes sur ce sujet. Mais Faldo voit bien d\u2019autres barri\u00e8res.<\/p>\n<p>\u00ab Essayer de gagner un match en Ryder Cup est tr\u00e8s exigeant mentalement. Si en plus vous \u00eates distrait par d\u2019autres missions, par des d\u00e9cisions \u00e0 prendre\u2026 Et donc nous (l\u2019Europe) esp\u00e9rons qu\u2019il va le faire. J\u2019esp\u00e8re qu\u2019il va rester capitaine et \u00e9pouser les deux r\u00f4les ! \u00bb\u00a0<\/p>\n<blockquote><p>\nCe serait la pire d\u00e9cision de l\u2019histoire pour un capitaine.<\/p>\n<p>Sam Torrance<\/p>\n<\/blockquote>\n<p>Sur un ton moins provocateur, un autre ancien capitaine de l\u2019\u00e9quipe europ\u00e9enne, <strong>Sam Torrance<\/strong>, a estim\u00e9 que si Keegan Bradley se choisit, \u00ab ce serait la pire d\u00e9cision de l\u2019histoire d\u2019un capitaine de Ryder Cup. \u00bb<\/p>\n<p><strong>L\u2019\u00c9cossais<\/strong> a reconnu que le sc\u00e9nario \u00e9tait compliqu\u00e9. \u00ab Il (Bradley) est 7e mondial (en r\u00e9alit\u00e9 13e), il est dans le top 12 du classement aux points\u2026 Il doit jouer. Ce qu\u2019il y a de mieux \u00e0 faire pour lui est d\u2019\u00eatre joueur et de laisser le r\u00f4le premier de capitaine \u00e0 l\u2019un de ses vices-capitaines, \u00e0<strong> Jim Furyk<\/strong> par exemple. \u00bb<\/p>\n<p>Mais ce n\u2019est pas ce qui va se produire a priori.<\/p>\n<p>\u00a0<br \/>\nLa frustration de Rome<\/p>\n<p>S\u2019il reste ind\u00e9cis sur ses choix de wild-cards, Keegan Bradley donne la priorit\u00e9 \u00e0 son poste de capitaine. Il l\u2019a toujours dit. \u00ab Je ne sais pas encore ce que je vais d\u00e9cider. Dans ma carri\u00e8re, on m\u2019a toujours pr\u00e9dit qu\u2019il allait se passer des choses et j\u2019ai souvent prouv\u00e9 le contraire. Par exemple, on m\u2019a assur\u00e9 qu\u2019il \u00e9tait impossible de bien jouer l\u2019ann\u00e9e o\u00f9 vous \u00eates capitaine de Ryder Cup, et je r\u00e9alise peut-\u00eatre la meilleure saison de ma carri\u00e8re. \u00bb<\/p>\n<p>On sait aussi que l\u2019int\u00e9ress\u00e9 \u00e9tait tr\u00e8s frustr\u00e9 de ne pas avoir \u00e9t\u00e9 choisi pour joueur la Ryder Cup 2023 \u00e0 Rome, alors qu\u2019il \u00e9tait dans le fameux \u00ab\u00a0top 12\u00a0\u00bb. <strong>Zach Johnson<\/strong> avait pr\u00e9f\u00e9r\u00e9 d\u2019autres joueurs, plus proches de lui\u2026<\/p>\n<p>Le casse-t\u00eate de Keegan Bradley (et aussi de la <strong>PGA of America<\/strong> qui n\u2019avait pas pr\u00e9vu un tel d\u00e9nouement en le d\u00e9signant capitaine) va s\u00fbrement se poursuivre jusqu\u2019\u00e0 dimanche soir. Si KB brille au Tour Championship, le pi\u00e8ge sera total\u2026<\/p>\n<p>\nPhoto : Alex Pantling\/R&amp;A\/R&amp;A via Getty Images<\/p>\n","protected":false},"excerpt":{"rendered":"Partager cet article Partager la publication \u00ab\u00a0Que va faire Keegan Bradley ? \u00ab\u00a0Qu\u2019il joue pour le bien de&hellip;\n","protected":false},"author":2,"featured_media":331144,"comment_status":"","ping_status":"","sticky":false,"template":"","format":"standard","meta":{"footnotes":""},"categories":[1418],"tags":[1011,27,1472,60],"class_list":{"0":"post-331143","1":"post","2":"type-post","3":"status-publish","4":"format-standard","5":"has-post-thumbnail","7":"category-golf","8":"tag-fr","9":"tag-france","10":"tag-golf","11":"tag-sports"},"share_on_mastodon":{"url":"https:\/\/pubeurope.com\/@fr\/115060109712361764","error":""},"_links":{"self":[{"href":"https:\/\/www.europesays.com\/fr\/wp-json\/wp\/v2\/posts\/331143","targetHints":{"allow":["GET"]}}],"collection":[{"href":"https:\/\/www.europesays.com\/fr\/wp-json\/wp\/v2\/posts"}],"about":[{"href":"https:\/\/www.europesays.com\/fr\/wp-json\/wp\/v2\/types\/post"}],"author":[{"embeddable":true,"href":"https:\/\/www.europesays.com\/fr\/wp-json\/wp\/v2\/users\/2"}],"replies":[{"embeddable":true,"href":"https:\/\/www.europesays.com\/fr\/wp-json\/wp\/v2\/comments?post=331143"}],"version-history":[{"count":0,"href":"https:\/\/www.europesays.com\/fr\/wp-json\/wp\/v2\/posts\/331143\/revisions"}],"wp:featuredmedia":[{"embeddable":true,"href":"https:\/\/www.europesays.com\/fr\/wp-json\/wp\/v2\/media\/331144"}],"wp:attachment":[{"href":"https:\/\/www.europesays.com\/fr\/wp-json\/wp\/v2\/media?parent=331143"}],"wp:term":[{"taxonomy":"category","embeddable":true,"href":"https:\/\/www.europesays.com\/fr\/wp-json\/wp\/v2\/categories?post=331143"},{"taxonomy":"post_tag","embeddable":true,"href":"https:\/\/www.europesays.com\/fr\/wp-json\/wp\/v2\/tags?post=331143"}],"curies":[{"name":"wp","href":"https:\/\/api.w.org\/{rel}","templated":true}]}}