{"id":331145,"date":"2025-08-20T08:18:13","date_gmt":"2025-08-20T08:18:13","guid":{"rendered":"https:\/\/www.europesays.com\/fr\/331145\/"},"modified":"2025-08-20T08:18:13","modified_gmt":"2025-08-20T08:18:13","slug":"le-reve-bleu-de-luca-ramon","status":"publish","type":"post","link":"https:\/\/www.europesays.com\/fr\/331145\/","title":{"rendered":"le r\u00eave bleu de Luca Ramon"},"content":{"rendered":"<p>Si l\u2019effectif du Tours VB a \u00e9t\u00e9 remodel\u00e9 cet \u00e9t\u00e9, il y a des t\u00eates qui seront imm\u00e9diatement reconnues par les spectateurs lors de la reprise du championnat, le 21\u00a0octobre 2025, contre Ajaccio. Luca Ramon, un des cadres de l\u2019\u00e9quipe, va d\u00e9buter sa troisi\u00e8me saison sous les couleurs du TVB. \u00ab\u00a0J\u2019avais h\u00e2te de reprendre le volley\u00a0\u00bb, confie-t-il au moment de d\u00e9buter le premier entra\u00eenement de la pr\u00e9paration. \u00ab\u00a0J\u2019ai eu un bon mois de coupure, cela m\u2019a permis de me reposer.\u00a0\u00bb<\/p>\n<p>Seulement un mois, car le libero n\u00e9 \u00e0 Tours a prolong\u00e9 le plaisir avec l\u2019\u00e9quipe de France. Il a connu cet \u00e9t\u00e9 ses premi\u00e8res s\u00e9lections. Une mini-revanche pour celui qui avait fait la pr\u00e9paration pour la Ligue des nations en 2023, avant de se blesser d\u2019une \u00ab\u00a0fracture de fatigue au pied\u00a0\u00bb, se souvient-il&#8230;. <\/p>\n<p>    Cet article a \u00e9t\u00e9 tronqu\u00e9. Abonnez-vous pour lire l&rsquo;article complet sur notre site.<\/p>\n<p style=\"margin: 0 !important; padding: 0 !important; font-size: 12px !important;\">Cet article a \u00e9t\u00e9 tronqu\u00e9. Abonnez-vous pour lire l&rsquo;article complet.<\/p>\n<p>    <a href=\"https:\/\/www.lanouvellerepublique.fr\/abonnements\" style=\"display: inline-block; margin-top: 5px !important; padding: 6px 12px !important; background: #cb1c27; color: white; text-decoration: none; border-radius: 4px; font-size: 12px !important;\" target=\"_blank\" rel=\"noopener\"><br \/>\n      S&rsquo;abonner<br \/>\n    <\/a><\/p>\n","protected":false},"excerpt":{"rendered":"Si l\u2019effectif du Tours VB a \u00e9t\u00e9 remodel\u00e9 cet \u00e9t\u00e9, il y a des t\u00eates qui seront imm\u00e9diatement&hellip;\n","protected":false},"author":2,"featured_media":331146,"comment_status":"","ping_status":"","sticky":false,"template":"","format":"standard","meta":{"footnotes":""},"categories":[1417],"tags":[1011,27,1387,1655,60,1390,1471,2767,1470,1469],"class_list":{"0":"post-331145","1":"post","2":"type-post","3":"status-publish","4":"format-standard","5":"has-post-thumbnail","7":"category-volley","8":"tag-fr","9":"tag-france","10":"tag-indre-et-loire","11":"tag-ligue-a","12":"tag-sports","13":"tag-tours","14":"tag-tours-volley-ball","15":"tag-tvb-37","16":"tag-volley","17":"tag-volleyball"},"share_on_mastodon":{"url":"https:\/\/pubeurope.com\/@fr\/115060113627758176","error":""},"_links":{"self":[{"href":"https:\/\/www.europesays.com\/fr\/wp-json\/wp\/v2\/posts\/331145","targetHints":{"allow":["GET"]}}],"collection":[{"href":"https:\/\/www.europesays.com\/fr\/wp-json\/wp\/v2\/posts"}],"about":[{"href":"https:\/\/www.europesays.com\/fr\/wp-json\/wp\/v2\/types\/post"}],"author":[{"embeddable":true,"href":"https:\/\/www.europesays.com\/fr\/wp-json\/wp\/v2\/users\/2"}],"replies":[{"embeddable":true,"href":"https:\/\/www.europesays.com\/fr\/wp-json\/wp\/v2\/comments?post=331145"}],"version-history":[{"count":0,"href":"https:\/\/www.europesays.com\/fr\/wp-json\/wp\/v2\/posts\/331145\/revisions"}],"wp:featuredmedia":[{"embeddable":true,"href":"https:\/\/www.europesays.com\/fr\/wp-json\/wp\/v2\/media\/331146"}],"wp:attachment":[{"href":"https:\/\/www.europesays.com\/fr\/wp-json\/wp\/v2\/media?parent=331145"}],"wp:term":[{"taxonomy":"category","embeddable":true,"href":"https:\/\/www.europesays.com\/fr\/wp-json\/wp\/v2\/categories?post=331145"},{"taxonomy":"post_tag","embeddable":true,"href":"https:\/\/www.europesays.com\/fr\/wp-json\/wp\/v2\/tags?post=331145"}],"curies":[{"name":"wp","href":"https:\/\/api.w.org\/{rel}","templated":true}]}}