{"id":331147,"date":"2025-08-20T08:19:15","date_gmt":"2025-08-20T08:19:15","guid":{"rendered":"https:\/\/www.europesays.com\/fr\/331147\/"},"modified":"2025-08-20T08:19:15","modified_gmt":"2025-08-20T08:19:15","slug":"yannick-bru-dement-toute-forme-de-jalousie-vis-a-vis-du-stade-toulousain","status":"publish","type":"post","link":"https:\/\/www.europesays.com\/fr\/331147\/","title":{"rendered":"Yannick Bru d\u00e9ment toute forme de jalousie vis-\u00e0-vis du Stade-Toulousain !"},"content":{"rendered":"<p>Le manager de l\u2019UBB, Yannick Bru s\u2019est confi\u00e9 au cours d\u2019une conf\u00e9rence de presse, ce mardi.<\/p>\n<p>Au cours de cette conf\u00e9rence de presse, le technicien Bordelais a \u00e9voqu\u00e9 le parcours de son \u00e9quipe lors des deux derni\u00e8res saisons.<\/p>\n<p><strong>Il l\u2019affirme : son \u00e9quipe ne cesse de prendre de l\u2019exp\u00e9rience. Extrait:<\/strong><\/p>\n<p>\u00ab\u00a0Sur la premi\u00e8re ann\u00e9e, on \u00e9tait un outsider, on a v\u00e9cu la saison qu\u2019on devait vivre. Sur la deuxi\u00e8me ann\u00e9e, on a \u00e9t\u00e9 un challenger important et on a assum\u00e9 ce statut. On a une tr\u00e8s belle g\u00e9n\u00e9ration, beaucoup de jeunesse. Cette \u00e9quipe prend de l\u2019exp\u00e9rience. Sur cette ann\u00e9e qui vient, on voudra \u00eatre un vrai candidat cr\u00e9dible \u00e0 la victoire, tout le temps. On a envie d\u2019\u00eatre un acteur majeur de la perf\u2019.\u00a0\u00bb<\/p>\n<p><strong>Il estime d\u2019ailleurs que son \u00e9quipe a \u00e9vacu\u00e9 la d\u00e9faite conc\u00e9d\u00e9e contre le Stade-Toulousain, en finale du Top 14. Extrait:<\/strong><\/p>\n<p>\u00ab\u00a0Si le groupe a \u00e9vacu\u00e9 la finale ? Oui ! Je ne pensais pas aussi vite. Ils ont fait le d\u00e9brief de la saison derni\u00e8re sur une ou deux journ\u00e9es, ils ont vite bascul\u00e9 sur la nouvelle saison. Je suis agr\u00e9ablement surpris de la volont\u00e9 de remise en question et de la fraicheur de l\u2019ensemble de l\u2019effectif. Une des menaces que je craignais, c\u2019\u00e9tait l\u2019autosatisfaction, des joueurs un peu \u00e9gocentr\u00e9s et pas trop enclins \u00e0 d\u00e9briefer la saison. Avec objectivit\u00e9, j\u2019ai \u00e9t\u00e9 surpris par la capacit\u00e9 de travail et l\u2019honn\u00eatet\u00e9 dans l\u2019analyse des performances de l\u2019ensemble du groupe.\u00a0\u00bb<\/p>\n<p><strong>Pour conclure, Yannick Bru d\u00e9ment toute forme de jalousie vis-\u00e0-vis du Stade-Toulousain. Extrait:<\/strong><\/p>\n<p>\u00ab\u00a0Sur la premi\u00e8re ann\u00e9e, on \u00e9tait clairement un outsider ou une surprise. La deuxi\u00e8me, un challenger important et on a assum\u00e9 ce statut mais on s\u2019est toujours centr\u00e9 sur ce qu\u2019on pouvait am\u00e9liorer, nous. Ce n\u2019est pas de la jalousie, c\u2019est juste l\u2019envie d\u2019utiliser au maximum notre potentiel parce qu\u2019on a une tr\u00e8s, tr\u00e8s belle g\u00e9n\u00e9ration.<\/p>\n<p>Sportivement, le groupe b\u00e2ti est remarquable en termes d\u2019\u00e9tat d\u2019esprit. Donc cette ann\u00e9e qui vient, au-del\u00e0 de discuter de Toulouse ou des autres candidats au titre, l\u2019id\u00e9e sera d\u2019\u00eatre un vrai candidat cr\u00e9dible \u00e0 la victoire, r\u00e9guli\u00e8rement, tout le temps. On a vraiment envie d\u2019\u00eatre un acteur majeur de la performance dans le rugby en France.\u00a0\u00bb<\/p>\n","protected":false},"excerpt":{"rendered":"Le manager de l\u2019UBB, Yannick Bru s\u2019est confi\u00e9 au cours d\u2019une conf\u00e9rence de presse, ce mardi. Au cours&hellip;\n","protected":false},"author":2,"featured_media":331148,"comment_status":"","ping_status":"","sticky":false,"template":"","format":"standard","meta":{"footnotes":""},"categories":[1416],"tags":[1011,27,479,1468,60],"class_list":{"0":"post-331147","1":"post","2":"type-post","3":"status-publish","4":"format-standard","5":"has-post-thumbnail","7":"category-rugby","8":"tag-fr","9":"tag-france","10":"tag-rugby","11":"tag-rugby-football","12":"tag-sports"},"share_on_mastodon":{"url":"https:\/\/pubeurope.com\/@fr\/115060117555494649","error":""},"_links":{"self":[{"href":"https:\/\/www.europesays.com\/fr\/wp-json\/wp\/v2\/posts\/331147","targetHints":{"allow":["GET"]}}],"collection":[{"href":"https:\/\/www.europesays.com\/fr\/wp-json\/wp\/v2\/posts"}],"about":[{"href":"https:\/\/www.europesays.com\/fr\/wp-json\/wp\/v2\/types\/post"}],"author":[{"embeddable":true,"href":"https:\/\/www.europesays.com\/fr\/wp-json\/wp\/v2\/users\/2"}],"replies":[{"embeddable":true,"href":"https:\/\/www.europesays.com\/fr\/wp-json\/wp\/v2\/comments?post=331147"}],"version-history":[{"count":0,"href":"https:\/\/www.europesays.com\/fr\/wp-json\/wp\/v2\/posts\/331147\/revisions"}],"wp:featuredmedia":[{"embeddable":true,"href":"https:\/\/www.europesays.com\/fr\/wp-json\/wp\/v2\/media\/331148"}],"wp:attachment":[{"href":"https:\/\/www.europesays.com\/fr\/wp-json\/wp\/v2\/media?parent=331147"}],"wp:term":[{"taxonomy":"category","embeddable":true,"href":"https:\/\/www.europesays.com\/fr\/wp-json\/wp\/v2\/categories?post=331147"},{"taxonomy":"post_tag","embeddable":true,"href":"https:\/\/www.europesays.com\/fr\/wp-json\/wp\/v2\/tags?post=331147"}],"curies":[{"name":"wp","href":"https:\/\/api.w.org\/{rel}","templated":true}]}}