{"id":331149,"date":"2025-08-20T08:20:09","date_gmt":"2025-08-20T08:20:09","guid":{"rendered":"https:\/\/www.europesays.com\/fr\/331149\/"},"modified":"2025-08-20T08:20:09","modified_gmt":"2025-08-20T08:20:09","slug":"monterrey-pas-de-deuxieme-tour-pour-jeanjean","status":"publish","type":"post","link":"https:\/\/www.europesays.com\/fr\/331149\/","title":{"rendered":"Monterrey : Pas de deuxi\u00e8me tour pour Jeanjean"},"content":{"rendered":"<p class=\"date\">\n                                                            Cl\u00e9ment P\u00e9dron, Media365, publi\u00e9 le mercredi 20 ao\u00fbt 2025 \u00e0 08h55\n                                                    <\/p>\n<p>Au premier tour du tournoi de Monterrey au Mexique, L\u00e9olia Jeanjean n&rsquo;a pas r\u00e9ussi \u00e0 cr\u00e9er l&rsquo;exploit et s&rsquo;est inclin\u00e9e contre Elisabetta Cocciaretto (6-3, 6-4).<\/p>\n<p>La seule Fran\u00e7aise align\u00e9e d&rsquo;entr\u00e9e \u00e0 Monterrey au Mexique n&rsquo;est d\u00e9j\u00e0 plus en lice. Dans la nuit de mardi \u00e0 mercredi, L\u00e9olia Jeanjean a pris la porte dans ce tournoi WTA. Face \u00e0 Elisabetta Cocciaretto, la Tricolore a pourtant bien n\u00e9goci\u00e9 son d\u00e9but de match, breakant d&rsquo;entr\u00e9e son adversaire avant de confirmer sur sa mise en jeu. <strong>Mais l&rsquo;Italienne a tr\u00e8s vite repris l&rsquo;ascendant et en deux temps trois mouvements, a pris le leadership du set en s&rsquo;offrant deux breaks de suite.<\/strong> Gr\u00e2ce \u00e0 un joli pourcentage au service (4 aces, 75% de premier service, 74% de points au premier service), la 87\u00e8me au classement WTA a pos\u00e9 de gros probl\u00e8mes \u00e0 son adversaire qui s&rsquo;est toutefois d\u00e9fendu aves ses armes. Apr\u00e8s avoir sauv\u00e9 deux balles de set et empoch\u00e9 le huiti\u00e8me jeu de la partie, L\u00e9olia Jeanjean a c\u00e9d\u00e9 lors du jeu suivant o\u00f9 elle avait pourtant r\u00e9ussi \u00e0 obtenir deux balles de break.<\/p>\n<p>Ruzic au prochain tour<\/p>\n<p>M\u00eame sc\u00e9nario lors du deuxi\u00e8me set. La 91\u00e8me joueuse mondiale a tr\u00e8s bien d\u00e9but\u00e9, menant rapidement 3-1 apr\u00e8s avoir fait le break. Mais en difficult\u00e9 pour grappiller des points sur sa mise en jeu (69% de premier service, 53% de points au premier service, 44% de points au deuxi\u00e8me service), la Fran\u00e7aise n&rsquo;est pas parvenue \u00e0 conserver l&rsquo;avantage. <strong>Elle a c\u00e9d\u00e9 une premi\u00e8re fois puis une seconde, de quoi donner l&rsquo;occasion \u00e0 Elisabetta Cocciaretto de mener la danse (3-4).<\/strong> Et l&rsquo;Italienne ne s&rsquo;est pas fait prier pour remporter ses deux jeux restants tandis que L\u00e9olia Jeanjean a eu le m\u00e9rite de s&rsquo;accrocher. Au deuxi\u00e8me tour, la 87\u00e8me mondiale croisera le fer avec Antonia Ruzic (CRO), victorieuse d&rsquo;Anastasia Pavlyuchenkova au premier tour. L&rsquo;aventure s&rsquo;arr\u00eate malheureusement l\u00e0 pour la Tricolore qui avait pourtant r\u00e9ussi \u00e0 s&rsquo;extraire des qualifications apr\u00e8s avoir battu Siskova (RTC) et Kalieva (USA).<\/p>\n","protected":false},"excerpt":{"rendered":"Cl\u00e9ment P\u00e9dron, Media365, publi\u00e9 le mercredi 20 ao\u00fbt 2025 \u00e0 08h55 Au premier tour du tournoi de Monterrey&hellip;\n","protected":false},"author":2,"featured_media":331150,"comment_status":"","ping_status":"","sticky":false,"template":"","format":"standard","meta":{"footnotes":""},"categories":[1415],"tags":[1011,27,60,1467],"class_list":{"0":"post-331149","1":"post","2":"type-post","3":"status-publish","4":"format-standard","5":"has-post-thumbnail","7":"category-tennis","8":"tag-fr","9":"tag-france","10":"tag-sports","11":"tag-tennis"},"share_on_mastodon":{"url":"https:\/\/pubeurope.com\/@fr\/115060121445568551","error":""},"_links":{"self":[{"href":"https:\/\/www.europesays.com\/fr\/wp-json\/wp\/v2\/posts\/331149","targetHints":{"allow":["GET"]}}],"collection":[{"href":"https:\/\/www.europesays.com\/fr\/wp-json\/wp\/v2\/posts"}],"about":[{"href":"https:\/\/www.europesays.com\/fr\/wp-json\/wp\/v2\/types\/post"}],"author":[{"embeddable":true,"href":"https:\/\/www.europesays.com\/fr\/wp-json\/wp\/v2\/users\/2"}],"replies":[{"embeddable":true,"href":"https:\/\/www.europesays.com\/fr\/wp-json\/wp\/v2\/comments?post=331149"}],"version-history":[{"count":0,"href":"https:\/\/www.europesays.com\/fr\/wp-json\/wp\/v2\/posts\/331149\/revisions"}],"wp:featuredmedia":[{"embeddable":true,"href":"https:\/\/www.europesays.com\/fr\/wp-json\/wp\/v2\/media\/331150"}],"wp:attachment":[{"href":"https:\/\/www.europesays.com\/fr\/wp-json\/wp\/v2\/media?parent=331149"}],"wp:term":[{"taxonomy":"category","embeddable":true,"href":"https:\/\/www.europesays.com\/fr\/wp-json\/wp\/v2\/categories?post=331149"},{"taxonomy":"post_tag","embeddable":true,"href":"https:\/\/www.europesays.com\/fr\/wp-json\/wp\/v2\/tags?post=331149"}],"curies":[{"name":"wp","href":"https:\/\/api.w.org\/{rel}","templated":true}]}}