{"id":331159,"date":"2025-08-20T08:26:21","date_gmt":"2025-08-20T08:26:21","guid":{"rendered":"https:\/\/www.europesays.com\/fr\/331159\/"},"modified":"2025-08-20T08:26:21","modified_gmt":"2025-08-20T08:26:21","slug":"tiffanie-esposito-familles-nombreuses-publie-un-message-inquietant-apres-plus-dun-mois-sans-nouvelles","status":"publish","type":"post","link":"https:\/\/www.europesays.com\/fr\/331159\/","title":{"rendered":"Tiffanie Esposito (Familles nombreuses) publie un message inqui\u00e9tant apr\u00e8s plus d&rsquo;un mois sans nouvelles"},"content":{"rendered":"<p>Au beau milieu de l&rsquo;\u00e9t\u00e9, Tiffanie Esposito ne semble pas profiter de ses vacances scolaires comme il se doit. La maman actuellement au casting de l&rsquo;\u00e9mission Familles nombreuses : la vie en XXL traverse une p\u00e9riode tr\u00e8s difficile, ce qui explique son absence sur les r\u00e9seaux sociaux depuis un peu plus d&rsquo;un mois. Elle a tent\u00e9 de se confier sur Instagram ce mardi 19 ao\u00fbt.<\/p>\n<p>\u00c0 l&rsquo;instar d&rsquo;une trentaine d&rsquo;autres parents, Tiffanie Esposito a accept\u00e9 d&rsquo;ouvrir les portes de son domicile aux cam\u00e9ras de TF1. Depuis 2023, elle est l&rsquo;une des mamans qui partagent<a href=\"https:\/\/www.programme-tv.net\/news\/tele-realite\/329624-tiffanie-et-olivier-esposito-familles-nombreuses-leur-budget-pour-les-costumes-dhalloween-de-leurs-enfants-choquent-les-internautes\/\" data-api-deeplink=\"teleloisirs:\/\/news\/329624\" target=\"_blank\" rel=\"noopener\"> ses traditions<\/a>, ses moments de communion et de <a href=\"https:\/\/www.programme-tv.net\/news\/tele-realite\/373576-tiffanie-esposito-familles-nombreuses-elle-revele-avoir-perdu-un-proche-de-la-mucoviscidose-ses-tristes-confidences\/\" data-api-deeplink=\"teleloisirs:\/\/news\/373576\" target=\"_blank\" rel=\"noopener\">peines<\/a> aussi avec les fid\u00e8les de l&rsquo;\u00e9mission Familles nombreuses : la vie en XXL. <a href=\"https:\/\/www.programme-tv.net\/news\/tele-realite\/349467-de-tout-mon-coeur-tiffanie-esposito-familles-nombreuses-remercie-ses-abonnes-pour-leur-soutien-apres-ses-emouvantes-confidences-sur-le-deces-de-sa-grand-mere\/\" data-api-deeplink=\"teleloisirs:\/\/news\/349467\" target=\"_blank\" rel=\"noopener\">Celle qui n&rsquo;a pas grandi avec sa m\u00e8re <\/a>s&rsquo;est exprim\u00e9e \u00e0 l&rsquo;antenne avec une grande transparence sur son enfance donc, mais \u00e9galement sur sa rencontre avec l&rsquo;homme qui lui a donn\u00e9 trois fils et quatre filles.<\/p>\n<p>Tiffanie Esposito (Familles nombreuses) refait surface sur les r\u00e9seaux sociaux et publie un message inqui\u00e9tant<\/p>\n<p>Plus discr\u00e8te ces derniers temps sur les r\u00e9seaux sociaux, Tiffanie Esposito a publi\u00e9 un message \u00e9ph\u00e9m\u00e8re ce mardi 19 ao\u00fbt dans sa story Instagram apr\u00e8s un mois de silence. Habitu\u00e9e \u00e0 partager sa routine sportive et des vid\u00e9os humoristiques o\u00f9 elle met en sc\u00e8ne toute la fratrie, la maman de 35 ans ne profite pas vraiment des vacances scolaires pour se reposer ou cr\u00e9er du contenu avec sa tribu. Sans trop en d\u00e9voiler,<a href=\"https:\/\/www.programme-tv.net\/news\/tele-realite\/328927-exclu-jai-ete-cinq-fois-championne-de-france-pourquoi-tiffanie-esposito-familles-nombreuses-a-arrete-le-taekwondo-aux-portes-des-jeux-olympiques\/\" data-api-deeplink=\"teleloisirs:\/\/news\/328927\" target=\"_blank\" rel=\"noopener\"> l&rsquo;ex-championne de taekwondo<\/a> indique : \u00ab\u00a0<b>En ce moment, je traverse une p\u00e9riode tr\u00e8s difficile qui me demande beaucoup de force et de courage. C&rsquo;est pour cela que je suis moins pr\u00e9sente, <\/b>mais je vous promets de revenir tr\u00e8s vite. J&rsquo;ai h\u00e2te de vous retrouver, de partager \u00e0 nouveau des instants avec vous et surtout de vous raconter mon combat. Parce que chaque \u00e9preuve, aussi dure soit-elle, peut devenir une force\u00a0\u00bb. La trentenaire continue toutefois de proposer des bons plans \u00e0 ses 126 000 abonn\u00e9s en raison de ses partenariats avec certaines marques. \u00ab\u00a0Je tiens mes engagements avec sinc\u00e9rit\u00e9, mais mon c\u0153ur est avec vous et je sais que vous comprendrez. <b>Merci pour votre patience, votre soutien et vos messages qui me portent \u00e9norm\u00e9ment. \u00c0 tr\u00e8s vite<\/b>\u00ab\u00a0, a-t-elle adress\u00e9 le jour m\u00eame o\u00f9 son \u00e9poux a \u00e9t\u00e9 aper\u00e7u dans un parc aquatique avec leurs petits.<\/p>\n<p>                        Olivier Esposito (Familles nombreuses), aper\u00e7u seul avec ses enfants<\/p>\n<p>Olivier Esposito a partag\u00e9 plusieurs stories sur son compte personnel cet apr\u00e8s-midi o\u00f9 l&rsquo;on peut voir ses bambins s&rsquo;amuser \u00e0 la piscine entre eux. <a href=\"https:\/\/www.programme-tv.net\/news\/tele-realite\/328924-exclu-pourquoi-nous-tiffany-et-olivier-esposito-familles-nombreuses-reagissent-a-leur-selection-pour-participer-a-la-septieme-saison-sur-tf1\/\" data-api-deeplink=\"teleloisirs:\/\/news\/328924\" target=\"_blank\" rel=\"noopener\">Le g\u00e9rant d&rsquo;une soci\u00e9t\u00e9 de voitures de luxe \u00e0 Monaco <\/a>\u00e9tait visiblement seul \u00e0 assurer le r\u00f4le de surveillant de baignade.<\/p>\n","protected":false},"excerpt":{"rendered":"Au beau milieu de l&rsquo;\u00e9t\u00e9, Tiffanie Esposito ne semble pas profiter de ses vacances scolaires comme il se&hellip;\n","protected":false},"author":2,"featured_media":331160,"comment_status":"","ping_status":"","sticky":false,"template":"","format":"standard","meta":{"footnotes":""},"categories":[1359],"tags":[17756,244,58,59,17754,4980,1011,27,973,199],"class_list":{"0":"post-331159","1":"post","2":"type-post","3":"status-publish","4":"format-standard","5":"has-post-thumbnail","7":"category-people","8":"tag-amandine-pellissard","9":"tag-commentaire","10":"tag-divertissement","11":"tag-entertainment","12":"tag-famille-pellissard","13":"tag-familles-nombreuses-la-vie-en-xxl","14":"tag-fr","15":"tag-france","16":"tag-people","17":"tag-tf1"},"share_on_mastodon":{"url":"https:\/\/pubeurope.com\/@fr\/115060145212911414","error":""},"_links":{"self":[{"href":"https:\/\/www.europesays.com\/fr\/wp-json\/wp\/v2\/posts\/331159","targetHints":{"allow":["GET"]}}],"collection":[{"href":"https:\/\/www.europesays.com\/fr\/wp-json\/wp\/v2\/posts"}],"about":[{"href":"https:\/\/www.europesays.com\/fr\/wp-json\/wp\/v2\/types\/post"}],"author":[{"embeddable":true,"href":"https:\/\/www.europesays.com\/fr\/wp-json\/wp\/v2\/users\/2"}],"replies":[{"embeddable":true,"href":"https:\/\/www.europesays.com\/fr\/wp-json\/wp\/v2\/comments?post=331159"}],"version-history":[{"count":0,"href":"https:\/\/www.europesays.com\/fr\/wp-json\/wp\/v2\/posts\/331159\/revisions"}],"wp:featuredmedia":[{"embeddable":true,"href":"https:\/\/www.europesays.com\/fr\/wp-json\/wp\/v2\/media\/331160"}],"wp:attachment":[{"href":"https:\/\/www.europesays.com\/fr\/wp-json\/wp\/v2\/media?parent=331159"}],"wp:term":[{"taxonomy":"category","embeddable":true,"href":"https:\/\/www.europesays.com\/fr\/wp-json\/wp\/v2\/categories?post=331159"},{"taxonomy":"post_tag","embeddable":true,"href":"https:\/\/www.europesays.com\/fr\/wp-json\/wp\/v2\/tags?post=331159"}],"curies":[{"name":"wp","href":"https:\/\/api.w.org\/{rel}","templated":true}]}}