{"id":331161,"date":"2025-08-20T08:27:21","date_gmt":"2025-08-20T08:27:21","guid":{"rendered":"https:\/\/www.europesays.com\/fr\/331161\/"},"modified":"2025-08-20T08:27:21","modified_gmt":"2025-08-20T08:27:21","slug":"au-fil-de-loeil-deuxieme-edition-de-ce-concours-photo-dans-le-val-doise","status":"publish","type":"post","link":"https:\/\/www.europesays.com\/fr\/331161\/","title":{"rendered":"\u00ab\u00a0Au fil de l&rsquo;\u0153il\u00a0\u00bb, deuxi\u00e8me \u00e9dition de ce concours photo dans le Val-d&rsquo;Oise"},"content":{"rendered":"<p>            Par<br \/>\n        <strong><br \/>\n            <a href=\"https:\/\/actu.fr\/auteur\/fabrice-cahen\" title=\"Consulter tous les articles de Fabrice Cahen\" rel=\"nofollow noopener\" target=\"_blank\">Fabrice Cahen<\/a><br \/>\n        <\/strong><\/p>\n<p>        Publi\u00e9 le<\/p>\n<p>            19 ao\u00fbt 2025 \u00e0 17h46        <\/p>\n<p>\u00c0 l\u2019occasion du mois de la<b> <\/b>photographie, en <b>novembre <\/b>prochain, la Ville de <a href=\"https:\/\/actu.fr\/ile-de-france\/pontoise_95500\" rel=\"nofollow noopener\" target=\"_blank\">Pontoise<\/a> (<a href=\"https:\/\/actu.fr\/la-gazette-du-val-d-oise\/\" rel=\"nofollow noopener\" target=\"_blank\">Val-d\u2019Oise<\/a>) organise, pour sa deuxi\u00e8me ann\u00e9e, un<b> concours photo <\/b>nomm\u00e9 \u00ab Au fil de l\u2019\u0153il \u00bb.<\/p>\n<p class=\" wall-content\">Il est ouvert \u00e0 tous les passionn\u00e9s, amateurs comme confirm\u00e9s, \u00e0 partir de <b>6 ans<\/b>.<\/p>\n<p class=\" wall-content\">Pour les <b>mineurs<\/b>, il faut l\u2019autorisation \u00e9crite d\u2019un parent ou d\u2019un tuteur l\u00e9gal.<\/p>\n<p class=\" wall-content\">Cette ann\u00e9e, le th\u00e8me porte sur le <b>patrimoine pontoisien<\/b> sous toutes ses formes.<\/p>\n<p class=\" wall-content\">Explorez l\u2019architecture de la Ville, allez au contact de l\u2019humain, saisissez le naturel et baladez-vous au c\u0153ur des paysages ruraux ou encore en zone urbaine pour capter tout ce qui compose l\u2019identit\u00e9 de la Ville.<\/p>\n<p class=\" wall-content\">Pas besoin d\u2019\u00eatre Pontoisien pour y participer.<\/p>\n<p>Vid\u00e9os : en ce moment sur Actu<\/p>\n<p class=\" wall-content\">Le concours contient <b>deux prix<\/b> : noir et blanc ; couleur.<\/p>\n<p class=\" wall-content\">Il y a <b>deux cat\u00e9gories<\/b> par prix : 6-15 ans ; 16 ans et plus.<\/p>\n<p>Votre r\u00e9gion, votre actu !<\/p>\n<p>Recevez chaque jour les infos qui comptent pour vous.<\/p>\n<p>\t<a href=\"https:\/\/actu.fr\/newsletter\" class=\"ac-btn ac-btn--corner ac-btn--medium ac-btn--blue800\" rel=\"nofollow noopener\" target=\"_blank\">S&rsquo;incrire<\/a><\/p>\n<p class=\" wall-content\">Concernant les <b>retouches<\/b>, elles sont autoris\u00e9es pour ajuster la luminosit\u00e9, le contraste, la saturation ou encore le recadrage, tant qu\u2019elles ne d\u00e9forment pas l\u2019image d\u2019origine.<\/p>\n<p class=\" wall-content\">Cependant, l\u2019utilisation de l\u2019<b>intelligence artificielle<\/b> est strictement <b>interdite<\/b>.<\/p>\n<p class=\" wall-content\">Les \u0153uvres s\u00e9lectionn\u00e9es seront mises \u00e0 l\u2019honneur dans une grande <b>exposition en plein air <\/b>sur les grilles de l\u2019H\u00f4tel de Ville et seront \u00e9galement publi\u00e9es sur les pages Facebook et Instagram de Pontoise, d\u00e8s le 1er novembre.<\/p>\n<p class=\" wall-content\">Jusqu\u2019au <b>31 ao\u00fbt,<\/b> envoyez une \u00e0 trois photos maximum (Jpeg ou Png uniquement, d\u2019une taille maximale de 10 Mo par image), \u00e0 l\u2019adresse mail <b><a href=\"https:\/\/actu.fr\/cdn-cgi\/l\/email-protection\" class=\"__cf_email__\" data-cfemail=\"61000215080e0f1202140d151413040d0d04122117080d0d044c110e0f150e0812044f0713\" rel=\"nofollow noopener\" target=\"_blank\">[email\u00a0protected]<\/a>.<\/b><\/p>\n<p class=\" wall-content\">Informations et inscriptions : https:\/\/bit.ly\/43YuPMP<\/p>\n<p>    <a href=\"https:\/\/maps.google.com\/maps?q=49.050966,2.100645&amp;z=15&amp;output=embed\" title=\"Ouvrie le lien\" rel=\"nofollow noopener\" target=\"_blank\">Cliquez ici pour visualiser le contenu<\/a><\/p>\n<p class=\" wall-content\">Personnalisez votre actualit\u00e9 en ajoutant vos villes et m\u00e9dias en favori avec <a href=\"https:\/\/moncompte.actu.fr\" title=\"D\u00e9couvez Mon Actu\" rel=\"nofollow noopener\" data-trk=\"{&quot;cta&quot;:{&quot;action&quot;:&quot;https:\\\/\\\/moncompte.actu.fr&quot;,&quot;category&quot;:&quot;mon compte&quot;,&quot;from&quot;:&quot;article footer&quot;,&quot;name&quot;:&quot;Mon actu&quot;,&quot;type&quot;:&quot;cta&quot;}}\" target=\"_blank\">Mon Actu<\/a>.<\/p>\n","protected":false},"excerpt":{"rendered":"Par Fabrice Cahen Publi\u00e9 le 19 ao\u00fbt 2025 \u00e0 17h46 \u00c0 l\u2019occasion du mois de la photographie, en&hellip;\n","protected":false},"author":2,"featured_media":331162,"comment_status":"","ping_status":"","sticky":false,"template":"","format":"standard","meta":{"footnotes":""},"categories":[1358],"tags":[1348,1384,1385,1386,58,59,1011,27,2551,1756,104],"class_list":{"0":"post-331161","1":"post","2":"type-post","3":"status-publish","4":"format-standard","5":"has-post-thumbnail","7":"category-arts-et-design","8":"tag-arts","9":"tag-arts-and-design","10":"tag-arts-et-design","11":"tag-design","12":"tag-divertissement","13":"tag-entertainment","14":"tag-fr","15":"tag-france","16":"tag-patrimoine","17":"tag-photographie","18":"tag-societe"},"share_on_mastodon":{"url":"https:\/\/pubeurope.com\/@fr\/115060149141217899","error":""},"_links":{"self":[{"href":"https:\/\/www.europesays.com\/fr\/wp-json\/wp\/v2\/posts\/331161","targetHints":{"allow":["GET"]}}],"collection":[{"href":"https:\/\/www.europesays.com\/fr\/wp-json\/wp\/v2\/posts"}],"about":[{"href":"https:\/\/www.europesays.com\/fr\/wp-json\/wp\/v2\/types\/post"}],"author":[{"embeddable":true,"href":"https:\/\/www.europesays.com\/fr\/wp-json\/wp\/v2\/users\/2"}],"replies":[{"embeddable":true,"href":"https:\/\/www.europesays.com\/fr\/wp-json\/wp\/v2\/comments?post=331161"}],"version-history":[{"count":0,"href":"https:\/\/www.europesays.com\/fr\/wp-json\/wp\/v2\/posts\/331161\/revisions"}],"wp:featuredmedia":[{"embeddable":true,"href":"https:\/\/www.europesays.com\/fr\/wp-json\/wp\/v2\/media\/331162"}],"wp:attachment":[{"href":"https:\/\/www.europesays.com\/fr\/wp-json\/wp\/v2\/media?parent=331161"}],"wp:term":[{"taxonomy":"category","embeddable":true,"href":"https:\/\/www.europesays.com\/fr\/wp-json\/wp\/v2\/categories?post=331161"},{"taxonomy":"post_tag","embeddable":true,"href":"https:\/\/www.europesays.com\/fr\/wp-json\/wp\/v2\/tags?post=331161"}],"curies":[{"name":"wp","href":"https:\/\/api.w.org\/{rel}","templated":true}]}}