{"id":331163,"date":"2025-08-20T08:28:10","date_gmt":"2025-08-20T08:28:10","guid":{"rendered":"https:\/\/www.europesays.com\/fr\/331163\/"},"modified":"2025-08-20T08:28:10","modified_gmt":"2025-08-20T08:28:10","slug":"vanessa-schneider-la-peau-dure","status":"publish","type":"post","link":"https:\/\/www.europesays.com\/fr\/331163\/","title":{"rendered":"Vanessa Schneider, La peau dure"},"content":{"rendered":"<p>\u00ab\u00a0Pour Vanessa.\u00a0\u00bb C\u2019est ce que Michel Schneider a inscrit sur une pochette destin\u00e9e \u00e0 sa fille. Apr\u00e8s sa mort, elle y trouve, parmi des papiers, un roman d\u2019un auteur qui leur est cher, S\u00e1ndor M\u00e1rai\u00a0: Ce que j\u2019ai voulu taire. Est-ce un message\u00a0? Quels silences cache encore cet homme qui, de romans en essais, de conversations sans fard en actions \u00e9loquentes, avait pourtant l\u2019air d\u2019avancer dans la vie \u00e0 d\u00e9couvert, sans g\u00eane ni retenue\u00a0? En revisitant son enfance de fils ill\u00e9gitime ou son engagement politique, en racontant leur vie de famille et leur relation pleine de tendresse et de fureur, Vanessa Schneider essaie de rassembler les morceaux d\u2019un p\u00e8re qui se refusait \u00e0 \u00eatre d\u00e9fini.<\/p>\n<p>Avec une distance litt\u00e9raire remarquable, l\u2019autrice dresse le portrait d\u2019un p\u00e8re en m\u00eame temps qu\u2019elle d\u00e9peint une g\u00e9n\u00e9ration d\u2019hommes \u00e9rig\u00e9e sur les ruines de la Seconde Guerre mondiale, \u00e0 la fois singuli\u00e8rement libre et redoutablement \u00e9go\u00efste.<\/p>\n<p><strong><a href=\"https:\/\/r.cantook.com\/eden\/sample\/aHR0cHM6Ly93d3cuZWRlbmxpdnJlcy5mci9zYW1wbGUvODEzMjk1L3dlYl9yZWFkZXJfbWFuaWZlc3Q_Zm9ybWF0X25hdHVyZT1lcHViJnNpZ2lkPTE3MjYzMTY1MzYmc2lnbmF0dXJlPTZkYzJjY2M2MjIwM2UwNDU5OTVjMDA0YjkyOTBjZWJmNDFjMDA1YWZlNTdjYWUwZmQ5Mjk1NmM0NDg3ODFlZjE\" rel=\"nofollow noopener\" target=\"_blank\">Feuilleter l&rsquo;ouvrage\u2026<\/a><\/strong><\/p>\n","protected":false},"excerpt":{"rendered":"\u00ab\u00a0Pour Vanessa.\u00a0\u00bb C\u2019est ce que Michel Schneider a inscrit sur une pochette destin\u00e9e \u00e0 sa fille. Apr\u00e8s sa&hellip;\n","protected":false},"author":2,"featured_media":331164,"comment_status":"","ping_status":"","sticky":false,"template":"","format":"standard","meta":{"footnotes":""},"categories":[1357],"tags":[1379,58,59,1011,27,1380],"class_list":{"0":"post-331163","1":"post","2":"type-post","3":"status-publish","4":"format-standard","5":"has-post-thumbnail","7":"category-livres","8":"tag-books","9":"tag-divertissement","10":"tag-entertainment","11":"tag-fr","12":"tag-france","13":"tag-livres"},"share_on_mastodon":{"url":"https:\/\/pubeurope.com\/@fr\/115060153016732802","error":""},"_links":{"self":[{"href":"https:\/\/www.europesays.com\/fr\/wp-json\/wp\/v2\/posts\/331163","targetHints":{"allow":["GET"]}}],"collection":[{"href":"https:\/\/www.europesays.com\/fr\/wp-json\/wp\/v2\/posts"}],"about":[{"href":"https:\/\/www.europesays.com\/fr\/wp-json\/wp\/v2\/types\/post"}],"author":[{"embeddable":true,"href":"https:\/\/www.europesays.com\/fr\/wp-json\/wp\/v2\/users\/2"}],"replies":[{"embeddable":true,"href":"https:\/\/www.europesays.com\/fr\/wp-json\/wp\/v2\/comments?post=331163"}],"version-history":[{"count":0,"href":"https:\/\/www.europesays.com\/fr\/wp-json\/wp\/v2\/posts\/331163\/revisions"}],"wp:featuredmedia":[{"embeddable":true,"href":"https:\/\/www.europesays.com\/fr\/wp-json\/wp\/v2\/media\/331164"}],"wp:attachment":[{"href":"https:\/\/www.europesays.com\/fr\/wp-json\/wp\/v2\/media?parent=331163"}],"wp:term":[{"taxonomy":"category","embeddable":true,"href":"https:\/\/www.europesays.com\/fr\/wp-json\/wp\/v2\/categories?post=331163"},{"taxonomy":"post_tag","embeddable":true,"href":"https:\/\/www.europesays.com\/fr\/wp-json\/wp\/v2\/tags?post=331163"}],"curies":[{"name":"wp","href":"https:\/\/api.w.org\/{rel}","templated":true}]}}