{"id":331165,"date":"2025-08-20T08:29:08","date_gmt":"2025-08-20T08:29:08","guid":{"rendered":"https:\/\/www.europesays.com\/fr\/331165\/"},"modified":"2025-08-20T08:29:08","modified_gmt":"2025-08-20T08:29:08","slug":"audiences-access-50-000-telespectateurs-decart-entre-demain-nous-appartient-tf1-noubliez-pas-les-paroles-france-2-et-ici-19-20-france-3-purem","status":"publish","type":"post","link":"https:\/\/www.europesays.com\/fr\/331165\/","title":{"rendered":"Audiences access : 50.000 t\u00e9l\u00e9spectateurs d&#039;\u00e9cart entre &quot;Demain nous appartient&quot; (TF1), &quot;N&#039;oubliez pas les paroles&quot; (France 2) et &quot;Ici 19\/20&quot; (France 3) &#8211; puremedias"},"content":{"rendered":"<ol>\n<li><a href=\"https:\/\/news.google.com\/rss\/articles\/CBMi-gFBVV95cUxQaVRlN0RiR0RzeGR0TXZYZ3FBV1piRGs2Z09YX2JrbEdKdTNmZVdlaWZKVVlYcjR5ck1wdkQ1NVRwT21pb0k2N01aa2dZWnp3a1BfU2liRTBNMkNlNFBnZGpWU0VZWUQxSFpmdkpHMGpaV2REWWdtY3gzc2oyM3AzLUo4OThEcDNsS2Q5bTIybkUweEg2Z3N5NWpHYzhtWnRWQWpPQU5EeUNycE94MVR4cFh0MFFUZ3JfTmYzcm8yc1BJTTFHTlpqWl9BNUxtSkZtMWIzbHRISHpLaVRHX0NqSzhYQVRnV0E2M2dTT3ZrMVQyTWVUMnU3RWt3?oc=5\" target=\"_blank\" rel=\"nofollow noopener\">Audiences access : 50.000 t\u00e9l\u00e9spectateurs d&rsquo;\u00e9cart entre \u00ab\u00a0Demain nous appartient\u00a0\u00bb (TF1), \u00ab\u00a0N&rsquo;oubliez pas les paroles\u00a0\u00bb (France 2) et \u00ab\u00a0Ici 19\/20\u00a0\u00bb (France 3)<\/a>&nbsp;&nbsp;puremedias<\/li>\n<li><a href=\"https:\/\/news.google.com\/rss\/articles\/CBMirAJBVV95cUxONHg3aTlhWnNMZmZBZXlGZTVIRzRvdnZiMnhmVGFLZWY5WVdHdFF2T3E1eTdVQlVRcHhyaTZ2MDk2c3RIUlg1ZHVzR1JMUlR2X2ExUFgyaWNBLXg4eG5YN18yV0FSMDVRZ2JUa09XdkVfQzF0a3hMT3B5MXBDYl9pdnFYNUh6ZndnajNjYlY5eVZYWjNvZ0FrQ3dDamIxMGhpZEU2clI3WUE4ZXdRSVV2NFgyRUdFdVV3Sl9uOE1RbXhsOG5WSUstMF9ySFh2UFdueXp4ZEVsV0gtbUJoYmNOc180WnlVT2tOX3Z6YTAwMmV1MEtyam55dUVzWmdJbGE4OWR5OE1rSkUzcHJXbExUNFZtT0p4R0E1NFBLdER5bXRYbFNSVEVHYlJvM3TSAbICQVVfeXFMTW0yZDhSbEM0bW90dFF5UWFJUTF4UHdFUmFLRzNISzRLaHBxZVhfSlRLOU9FVkVBTXprS2FzNV9DbUtxWUVWOXZQOW82U3AtMTZ2azJOOTRPWU0zNGEtY1dnMlNwNjl4MFFndk9Qbld2ZWNxdnl2dkxoTnlvYUZiVXA4VnhXQ1ZQVFNNekEzc0ttbm5BRE4xcUV1dFE3aTN0SGlXTUczOHUyejlEV1pJcVlWMEFMTXpLcjhmaVhVUDQ5ZmUwTHpTc0ZGVDREQnFMcXRNQmJsa0NZRC1GeU9RNHJPYUN6ZVY4V0tvYUNSOFpkUUFYc19wRm4xNDFrQVV3UlF6dV9PSGU3UnVNOWZyZnhaM0RBNTlZZ3hqWjl5ZG9sQlRoNHl1ZWwxLXVlZ0lSbDRB?oc=5\" target=\"_blank\" rel=\"nofollow noopener\">Audiences Avant 20h : Avec les premiers retours de vacances, les access de TF1, France 2 et France 3 peuven&#8230;<\/a>&nbsp;&nbsp;Jean-Marc Morandini<\/li>\n<li><a href=\"https:\/\/news.google.com\/rss\/articles\/CBMiuAFBVV95cUxQVmJHajRCSGlnMVJ1ZVVYSldLclFTSDhMbDhmTHBrd0F6NW0xMW1YOGMxcUZrdVFpRmxZaHkxMVJpZjdkRGUxY1ZDZlZIMmRKbTJKRnVYLUFUOEt4aU1pWlpueVZzbmM5ODhUU1dYUzhycEUtSHdPenREQmpDbkMzcl9va1VkWDh0QVEzaEswbnlVUmJhdTRaQXlGa1RCQXJ3ZndGT3ItcHRiRTNPTE5faHlkZlBQRFl3?oc=5\" target=\"_blank\" rel=\"nofollow noopener\">Audiences TV access du 14 ao\u00fbt 2025 : de petits scores pour tout le monde ou presque !<\/a>&nbsp;&nbsp;F\u00e9min Actu<\/li>\n<li><a href=\"https:\/\/news.google.com\/rss\/articles\/CBMiwgJBVV95cUxQYVl1ODR2ZkNUT3FjdG5IU3d6NkRQemJBWWNQaDVqa2gxbnRra2w1SVdBLTV2Z01jS2RRVWpRdm5pWWJNeDlpVmMwR1Zfb0lVeF9QZ1hUUEdBN3NrdldxVlRqU1pjYkxfSW83TFlydnFzRGNSelVTX3JuRWw2a01MdFJ2YmpxblZUbG16bGVkOUVuX2N5ZS02Ry0yQVpCUS1nVFJxQUVPcUd4WjY3cTFYcV8yUVRCVHFxa0F1NENjTXlzZnM2bmlCT01GQUhDbUd3UjltbHREUjEyWGxFQWh1LW5GQ1RWYTRTUEJMOUdLaVViRHZaa1FueWp3bWh0MGd4cGYzOXlfYVYxRFB0M2x5SktZMDFNMmplNkpuXzg1UUEzMEJrMDhCMEVndWJRRXY4OGFKWkNaTmxUQmdKVkEwVkdR0gHHAkFVX3lxTE5lUTZFWHFDa2NDM2xUTFdJZS1wWmhPcDFWOTBzTkRid0Y3TE5zb1RRQWVtaFlXdTQyRnZYbnZHOUxMQmw4REFXUy1WcThXcng5bU01YlBxWExvbUlQbk00OEtoLThBSklNUUhLbHVjUHVxUHlKRFFJWkgxbnVVQkk2UkttTTNxSEVIMlZ6emNIYlltYkwtRHBGODdQdlhoc3EtdldUZEFFbmh6cWt5dXRRbFJwU2xtelBwWmdONHZCQVZjamYxMElNRXNMN3VUN1VUVjRsY012aFc1a3UySERZSXVSbFFVSVlDZ2V5bTlPUWVnamZ0UmVEZVJ6ZkhCUGVtaXd4cUVpbDVwX19ybnctWEJnX21NclA1WTVjRWJjWUk5WVJKc1JUU3RtZkEzc2hjeUE1VnRMZ1ByODU1Nm1BNEVQaDhqdw?oc=5\" target=\"_blank\" rel=\"nofollow noopener\">Audiences Avant 20h: Une fois de plus, seul le 19\/20 de France 3 parvient \u00e0 franchir la barre des 2 millio&#8230;<\/a>&nbsp;&nbsp;Jean-Marc Morandini<\/li>\n<li><a href=\"https:\/\/news.google.com\/rss\/articles\/CBMi-wFBVV95cUxOcEx6QlZkUEE3S2pZR0NkRUVaTkpEV3NfTWZBSml4YnFhcnNJTlFzbnRJRUhHbllxazF2dnNtTXBFb2ZFeE1XanRWUTZrbGhmX3VTVF9UV2FaSFpCakZCb0Q0VWk3eWlIT1FJMWhFWXFjc3BjRE54cUMwdzJWTHlzczZUVTcwdXc4UDBseGpsX3gwbFJRVEVxZlU5aldLLXgtaE50dGlhbC1PZTlEMXE3NzhwR3lWaVZYNWVPV25QOURRLW5aUWFvaFhmWFJ6NEFINHZzY0szVEVNNnpGTFVXd0dLbnVrUUJkSkpQRE4zNVNKaDZLdHA4RnRfMA?oc=5\" target=\"_blank\" rel=\"nofollow noopener\">Audiences access : \u00ab\u00a0Ici 19\/20\u00a0\u00bb s&rsquo;envole sur France 3, 66.000 t\u00e9l\u00e9spectateurs d&rsquo;\u00e9cart entre Nagui sur France 2 et \u00ab\u00a0Demain nous appartient\u00a0\u00bb sur TF1<\/a>&nbsp;&nbsp;puremedias<\/li>\n<\/ol>\n","protected":false},"excerpt":{"rendered":"Audiences access : 50.000 t\u00e9l\u00e9spectateurs d&rsquo;\u00e9cart entre \u00ab\u00a0Demain nous appartient\u00a0\u00bb (TF1), \u00ab\u00a0N&rsquo;oubliez pas les paroles\u00a0\u00bb (France 2) et&hellip;\n","protected":false},"author":2,"featured_media":1445,"comment_status":"","ping_status":"","sticky":false,"template":"","format":"standard","meta":{"footnotes":""},"categories":[1356],"tags":[58,59,1011,27,252,1364],"class_list":{"0":"post-331165","1":"post","2":"type-post","3":"status-publish","4":"format-standard","5":"has-post-thumbnail","7":"category-television","8":"tag-divertissement","9":"tag-entertainment","10":"tag-fr","11":"tag-france","12":"tag-television","13":"tag-tv"},"share_on_mastodon":{"url":"https:\/\/pubeurope.com\/@fr\/115060157029939097","error":""},"_links":{"self":[{"href":"https:\/\/www.europesays.com\/fr\/wp-json\/wp\/v2\/posts\/331165","targetHints":{"allow":["GET"]}}],"collection":[{"href":"https:\/\/www.europesays.com\/fr\/wp-json\/wp\/v2\/posts"}],"about":[{"href":"https:\/\/www.europesays.com\/fr\/wp-json\/wp\/v2\/types\/post"}],"author":[{"embeddable":true,"href":"https:\/\/www.europesays.com\/fr\/wp-json\/wp\/v2\/users\/2"}],"replies":[{"embeddable":true,"href":"https:\/\/www.europesays.com\/fr\/wp-json\/wp\/v2\/comments?post=331165"}],"version-history":[{"count":0,"href":"https:\/\/www.europesays.com\/fr\/wp-json\/wp\/v2\/posts\/331165\/revisions"}],"wp:featuredmedia":[{"embeddable":true,"href":"https:\/\/www.europesays.com\/fr\/wp-json\/wp\/v2\/media\/1445"}],"wp:attachment":[{"href":"https:\/\/www.europesays.com\/fr\/wp-json\/wp\/v2\/media?parent=331165"}],"wp:term":[{"taxonomy":"category","embeddable":true,"href":"https:\/\/www.europesays.com\/fr\/wp-json\/wp\/v2\/categories?post=331165"},{"taxonomy":"post_tag","embeddable":true,"href":"https:\/\/www.europesays.com\/fr\/wp-json\/wp\/v2\/tags?post=331165"}],"curies":[{"name":"wp","href":"https:\/\/api.w.org\/{rel}","templated":true}]}}