{"id":331166,"date":"2025-08-20T08:30:19","date_gmt":"2025-08-20T08:30:19","guid":{"rendered":"https:\/\/www.europesays.com\/fr\/331166\/"},"modified":"2025-08-20T08:30:19","modified_gmt":"2025-08-20T08:30:19","slug":"diddy-a-pisse-sur-ta-meuf","status":"publish","type":"post","link":"https:\/\/www.europesays.com\/fr\/331166\/","title":{"rendered":"Diddy a piss\u00e9 sur ta meuf"},"content":{"rendered":"<p itemprop=\"description\"><strong>Dave Blunts veut vraiment se frotter \u00e0 50 Cent, et il y va fort.<\/strong><\/p>\n<p><strong>Le clash reste une v\u00e9ritable culture dans le rap US<\/strong>, o\u00f9 les rappeurs prennent la discipline tr\u00e8s s\u00e9rieusement. On l&rsquo;a d&rsquo;ailleurs vu lors du beef entre Kendrick Lamar et Drake : \u00e7a s&rsquo;envoie diss track sur diss track, \u00e7a sort des dossiers, et <strong>le perdant du clash est vraiment impact\u00e9 sur sa carri\u00e8re<\/strong>, comme on peut l&rsquo;observer du c\u00f4t\u00e9 de Drake. Sa carri\u00e8re n&rsquo;est pas finie, loin de l\u00e0, mais il ne retrouvera probablement jamais la popularit\u00e9 qui \u00e9tait la sienne avant tout \u00e7a. <strong>Cette semaine, c&rsquo;est Dave Blunts qui s&rsquo;attaque \u00e0 <a href=\"https:\/\/generations.fr\/news\/coulisse\/79784\/50-cent-detruit-diddy-apres-les-revelations-sur-ses-mensurations-pendant-le-proces\" target=\"_blank\" rel=\"noopener\">50 Cent<\/a>, et il y va tr\u00e8s fort !<\/strong><\/p>\n<p>Qu&rsquo;on se le dise tout de suite, <strong>le risque n&rsquo;est pas si \u00e9norme, puisque <a href=\"https:\/\/generations.fr\/news\/culture-et-societe\/79467\/50-cent-se-moque-de-mayweather-apres-la-candidature-de-mcgregor\" target=\"_blank\" rel=\"noopener\">50 Cent<\/a> n&rsquo;a plus vraiment de carri\u00e8re dans le rap \u00e0 d\u00e9fendre.<\/strong> Il ne r\u00e9pondra peut-\u00eatre m\u00eame pas, mais il ferait bien, car les attaques de Dave Blunts sont plut\u00f4t violentes. <strong>Le rappeur affili\u00e9 \u00e0 Kanye West<\/strong> avait annonc\u00e9 sa volont\u00e9 de s&rsquo;attaquer \u00e0 Fifty, et il vient de d\u00e9voiler le teaser de son diss track. Plusieurs lignes ont retenu l&rsquo;attention des fans, notamment quand il affirme que <strong>\u00ab\u00a0Diddy a piss\u00e9 sur ta sale baby mama\u00a0\u00bb<\/strong>, et que <strong>c&rsquo;est pour cette raison que Fifty d\u00e9teste Diddy<\/strong>.<\/p>\n<blockquote class=\"instagram-media\" style=\"background: #FFF; border: 0; border-radius: 3px; box-shadow: 0 0 1px 0 rgba(0,0,0,0.5),0 1px 10px 0 rgba(0,0,0,0.15); margin: 1px; max-width: 540px; min-width: 326px; padding: 0; width: calc(100% - 2px);\" data-instgrm-captioned=\"\" data-instgrm-permalink=\"https:\/\/www.instagram.com\/reel\/DNUD7hrvQvx\/?utm_source=ig_embed&amp;utm_campaign=loading\" data-instgrm-version=\"14\"><p>&#13;<br \/>\n&#13;\n<\/p><\/blockquote>\n<p>Dave Blunts affirme aussi qu&rsquo;il a <strong>donn\u00e9 30$ \u00e0 cette \u00ab\u00a0baby mama\u00a0\u00bb<\/strong>, qui n&rsquo;est autre que Daphn\u00e9 Joy, cit\u00e9e pendant le proc\u00e8s de Diddy, et que <strong>maintenant elle le harc\u00e8le par t\u00e9l\u00e9phone pour le sucer<\/strong>. Il le trolle ensuite en lui demandant : <strong>\u00ab\u00a0quand Diddy a bais\u00e9 ta baby mama, est-ce que tu as pleur\u00e9 ? Est-ce que \u00e7a t&rsquo;a fait mal?\u00a0\u00bb<\/strong>.<\/p>\n<p>Vous l&rsquo;aurez not\u00e9, <strong>visuellement, Dave Blunts a repris les codes du c\u00e9l\u00e8bre clip \u00ab\u00a0In Da Club\u00a0\u00bb<\/strong> de <a href=\"https:\/\/generations.fr\/news\/culture-et-societe\/79467\/50-cent-se-moque-de-mayweather-apres-la-candidature-de-mcgregor\" target=\"_blank\" rel=\"noopener\">50 Cent<\/a>, torse nu, avec des \u00e9lectrodes sur le torse, et le c\u00e9l\u00e8bre plan \u00ab\u00a0\u00e0 l&rsquo;envers\u00a0\u00bb. On n&rsquo;est pas s\u00fbrs que Fifty appr\u00e9cie l&rsquo;hommage ! Pour ce qui est de la raison de cette attaque envers la l\u00e9gende du rap new-yorkais, elle remonte \u00e0 un moment de l&rsquo;ann\u00e9e derni\u00e8re pendant lequel <strong>50 Cent a clash\u00e9 Kanye West \u00e0 plusieurs reprises, et comme Blunt est le prot\u00e9g\u00e9 de Yeezy, il a pris ses patins<\/strong> pour r\u00e9pondre \u00e0 sa place. Depuis c&rsquo;est la guerre, et cette fois, on se demande bien o\u00f9 tout \u00e7a va nous emmener !<\/p>\n<p>\t\t\t\t\t\t\t\t\t\t\t\t\t\t\t\t\t\t\t<script async src=\"\/\/www.instagram.com\/embed.js\"><\/script><\/p>\n","protected":false},"excerpt":{"rendered":"Dave Blunts veut vraiment se frotter \u00e0 50 Cent, et il y va fort. Le clash reste une&hellip;\n","protected":false},"author":2,"featured_media":331167,"comment_status":"","ping_status":"","sticky":false,"template":"","format":"standard","meta":{"footnotes":""},"categories":[1355],"tags":[3627,3628,3626,3632,3631,3630,3629,3649,3634,3647,3663,3625,3623,3646,2163,3648,3645,58,59,3660,1011,27,3612,3620,3606,3607,3605,3608,3665,3657,3622,3613,3617,3615,3609,3614,3659,3654,3643,3653,3650,3641,3636,3642,3638,3651,3635,1361,873,12,3624,626,3639,2189,3658,1825,3618,3616,3661,3656,3619,3621,3662,3640,3664,3633,3644,3611,3610,3637,1863,2955,3655,3652],"class_list":{"0":"post-331166","1":"post","2":"type-post","3":"status-publish","4":"format-standard","5":"has-post-thumbnail","7":"category-musique","8":"tag-3627","9":"tag-3628","10":"tag-3626","11":"tag-3632","12":"tag-3631","13":"tag-3630","14":"tag-3629","15":"tag-al-peco","16":"tag-alibi","17":"tag-alpeco","18":"tag-b2o","19":"tag-banlieue","20":"tag-black","21":"tag-booba","22":"tag-chroniques","23":"tag-despo","24":"tag-diams","25":"tag-divertissement","26":"tag-entertainment","27":"tag-exclus","28":"tag-fr","29":"tag-france","30":"tag-freestyles","31":"tag-funk","32":"tag-generation","33":"tag-generation88-2","34":"tag-generations","35":"tag-generations88-2","36":"tag-generationslive","37":"tag-genratio","38":"tag-grime","39":"tag-hip","40":"tag-hip-hop","41":"tag-hiphop","42":"tag-hiphopsoul","43":"tag-hop","44":"tag-hotlist","45":"tag-james","46":"tag-k1fry","47":"tag-kerry","48":"tag-larsen","49":"tag-lim","50":"tag-lskadrille","51":"tag-mafia","52":"tag-mctyer","53":"tag-medine","54":"tag-montana","55":"tag-music","56":"tag-musique","57":"tag-news","58":"tag-noir","59":"tag-paris","60":"tag-parishiphop","61":"tag-photos","62":"tag-playlist","63":"tag-radio","64":"tag-ragga","65":"tag-rap","66":"tag-rap-francais","67":"tag-rapfr","68":"tag-reggae","69":"tag-rnb","70":"tag-roh2f","71":"tag-rue","72":"tag-ruskov-molotov","73":"tag-sefyu","74":"tag-sinik","75":"tag-sons","76":"tag-soul","77":"tag-tandem","78":"tag-us","79":"tag-videos","80":"tag-webradio","81":"tag-youssoupha"},"share_on_mastodon":{"url":"","error":"Validation failed: Text character limit of 500 exceeded"},"_links":{"self":[{"href":"https:\/\/www.europesays.com\/fr\/wp-json\/wp\/v2\/posts\/331166","targetHints":{"allow":["GET"]}}],"collection":[{"href":"https:\/\/www.europesays.com\/fr\/wp-json\/wp\/v2\/posts"}],"about":[{"href":"https:\/\/www.europesays.com\/fr\/wp-json\/wp\/v2\/types\/post"}],"author":[{"embeddable":true,"href":"https:\/\/www.europesays.com\/fr\/wp-json\/wp\/v2\/users\/2"}],"replies":[{"embeddable":true,"href":"https:\/\/www.europesays.com\/fr\/wp-json\/wp\/v2\/comments?post=331166"}],"version-history":[{"count":0,"href":"https:\/\/www.europesays.com\/fr\/wp-json\/wp\/v2\/posts\/331166\/revisions"}],"wp:featuredmedia":[{"embeddable":true,"href":"https:\/\/www.europesays.com\/fr\/wp-json\/wp\/v2\/media\/331167"}],"wp:attachment":[{"href":"https:\/\/www.europesays.com\/fr\/wp-json\/wp\/v2\/media?parent=331166"}],"wp:term":[{"taxonomy":"category","embeddable":true,"href":"https:\/\/www.europesays.com\/fr\/wp-json\/wp\/v2\/categories?post=331166"},{"taxonomy":"post_tag","embeddable":true,"href":"https:\/\/www.europesays.com\/fr\/wp-json\/wp\/v2\/tags?post=331166"}],"curies":[{"name":"wp","href":"https:\/\/api.w.org\/{rel}","templated":true}]}}