{"id":331170,"date":"2025-08-20T08:32:12","date_gmt":"2025-08-20T08:32:12","guid":{"rendered":"https:\/\/www.europesays.com\/fr\/331170\/"},"modified":"2025-08-20T08:32:12","modified_gmt":"2025-08-20T08:32:12","slug":"cette-evolution-decoule-de-la-reforme-nationale-des-autorisations-de-soins-lagence-regionale-de-sante-sexplique-sur-la-fin-des-operations-lourdes-a-lhopital-prive-arnault","status":"publish","type":"post","link":"https:\/\/www.europesays.com\/fr\/331170\/","title":{"rendered":"\u00ab\u00a0Cette \u00e9volution d\u00e9coule de la r\u00e9forme nationale des autorisations de soins\u00a0\u00bb: l\u2019Agence r\u00e9gionale de sant\u00e9 s\u2019explique sur la fin des op\u00e9rations lourdes \u00e0 l\u2019h\u00f4pital priv\u00e9 Arnault Tzanck de Mougins"},"content":{"rendered":"<p>L\u2019Agence r\u00e9gionale de sant\u00e9 (ARS) Paca a r\u00e9agi apr\u00e8s la pol\u00e9mique suscit\u00e9e par l\u2019avenir de la chirurgie canc\u00e9rologique \u00e0 l\u2019h\u00f4pital priv\u00e9 Arnault Tzanck Mougins. L\u2019\u00e9tablissement devra arr\u00eater, \u00e0 compter du 1er septembre, ses op\u00e9rations dites \u00ab\u00a0complexes\u00a0\u00bb en canc\u00e9rologie digestive, urologique et gyn\u00e9cologique. <a href=\"https:\/\/www.nicematin.com\/sante\/cet-hopital-prive-ne-pourra-plus-proceder-a-des-operations-lourdes-en-cancerologie-une-petition-de-protestation-a-deja-recueilli-plus-de-800-signatures--998476\" rel=\"nofollow noopener\" target=\"_blank\">Une d\u00e9cision qui inqui\u00e8te patients et associations, et contre laquelle une p\u00e9tition a d\u00e9j\u00e0 r\u00e9uni en quelques jours pr\u00e8s de 1.300 signatures.<\/a><\/p>\n<p><strong>Une r\u00e9forme nationale<\/strong><\/p>\n<p>L\u2019ARS rappelle que cette \u00e9volution \u00ab\u00a0d\u00e9coule de la r\u00e9forme nationale des autorisations de soins, adopt\u00e9e en 2022 dans le cadre de la Strat\u00e9gie d\u00e9cennale de lutte contre le cancer\u00a0\u00bb. Celle-ci distingue d\u00e9sormais la chirurgie \u00ab\u00a0simple\u00a0\u00bb (mention A) et la chirurgie \u00ab\u00a0complexe\u00a0\u00bb (mention B), cette derni\u00e8re devant \u00eatre concentr\u00e9e \u00ab\u00a0dans des centres experts en nombre limit\u00e9 afin de garantir la s\u00e9curit\u00e9 des patients et la r\u00e9currence des actes pour les \u00e9quipes m\u00e9dicales\u00a0\u00bb.<\/p>\n<p><strong>Trois autorisations refus\u00e9es \u00e0 Tzanck<\/strong><\/p>\n<p>Dans ce cadre, l\u2019h\u00f4pital priv\u00e9 Arnault Tzanck Mougins avait sollicit\u00e9 11 autorisations. Il en a obtenu huit, mais trois demandes concernant des chirurgies complexes (mentions B1, B4 et B5) ont \u00e9t\u00e9 rejet\u00e9es. Ces refus ont \u00e9t\u00e9 notifi\u00e9s le 27 avril dernier, avec une prorogation jusqu\u2019au 1er septembre 2025 afin d\u2019assurer la prise en charge des patients d\u00e9j\u00e0 programm\u00e9s.<\/p>\n<p>\u00ab\u00a0L\u2019\u00e9tablissement dispose ainsi d\u2019un d\u00e9lai pour s\u2019articuler avec les centres retenus en r\u00e9gion et adresser les patients qui rel\u00e8veraient du profil dit complexe\u00a0\u00bb, pr\u00e9cise encore l\u2019ARS, qui souligne que les autorisations de mention A et l\u2019activit\u00e9 de chimioth\u00e9rapie ont \u00e9t\u00e9 maintenues, \u00ab\u00a0permettant de r\u00e9pondre aux besoins de sant\u00e9 de proximit\u00e9\u00a0\u00bb.<\/p>\n<p><strong>Des recours en cours<\/strong><\/p>\n<p>Les crit\u00e8res retenus pour attribuer les autorisations incluaient le volume d\u2019activit\u00e9, la fr\u00e9quence des r\u00e9unions pluridisciplinaires, le dimensionnement des \u00e9quipes ou encore la pr\u00e9sence d\u2019une r\u00e9animation sur site. \u00ab\u00a0L\u2019analyse a \u00e9t\u00e9 conduite de mani\u00e8re concert\u00e9e et coll\u00e9giale\u00a0\u00bb, insiste l\u2019agence.<\/p>\n<p>Des recours sont actuellement d\u00e9pos\u00e9s par l\u2019\u00e9tablissement, qui estime que l\u2019arr\u00eat de ces op\u00e9rations lourdes repr\u00e9sente une perte de chance pour les patients.<\/p>\n<p><strong>L\u2019ordre des m\u00e9decins appelle \u00e0 un moratoire<\/strong><\/p>\n<p>Le conseil r\u00e9gional de l\u2019ordre des m\u00e9decins, par la voix de son pr\u00e9sident le Dr Herv\u00e9 Cael, a \u00e9galement r\u00e9agi \u00e0 cette r\u00e9forme. Pour lui, \u00ab\u00a0ce sujet d\u00e9passe de loin le cadre d\u2019un \u00e9tablissement de sant\u00e9 isol\u00e9: c\u2019est toute l\u2019offre de soins de notre r\u00e9gion qui est menac\u00e9e\u00a0\u00bb.<\/p>\n<p>Il appelle l\u2019ARS Paca \u00e0 un moratoire afin de proroger les autorisations actuelles de chirurgie du cancer au-del\u00e0 du 1er septembre, et \u00e0 ne pas pr\u00e9cipiter la transition vers \u00ab\u00a0une ultra concentration de l\u2019offre de soins oncologiques, unique en France\u00a0\u00bb.<\/p>\n<p>Le pr\u00e9sident plaide pour l\u2019ouverture d\u2019un d\u00e9bat r\u00e9gional rassemblant \u00e9tablissements publics et priv\u00e9s, afin de \u00ab\u00a0construire ensemble un v\u00e9ritable projet r\u00e9gional de canc\u00e9rologie, fond\u00e9 sur la compl\u00e9mentarit\u00e9 des acteurs, l\u2019excellence m\u00e9dicale et l\u2019int\u00e9r\u00eat premier des patients\u00a0\u00bb.<\/p>\n","protected":false},"excerpt":{"rendered":"L\u2019Agence r\u00e9gionale de sant\u00e9 (ARS) Paca a r\u00e9agi apr\u00e8s la pol\u00e9mique suscit\u00e9e par l\u2019avenir de la chirurgie canc\u00e9rologique&hellip;\n","protected":false},"author":2,"featured_media":331171,"comment_status":"","ping_status":"","sticky":false,"template":"","format":"standard","meta":{"footnotes":""},"categories":[10],"tags":[1011,27,72,71],"class_list":{"0":"post-331170","1":"post","2":"type-post","3":"status-publish","4":"format-standard","5":"has-post-thumbnail","7":"category-sante","8":"tag-fr","9":"tag-france","10":"tag-health","11":"tag-sante"},"share_on_mastodon":{"url":"https:\/\/pubeurope.com\/@fr\/115060168817541937","error":""},"_links":{"self":[{"href":"https:\/\/www.europesays.com\/fr\/wp-json\/wp\/v2\/posts\/331170","targetHints":{"allow":["GET"]}}],"collection":[{"href":"https:\/\/www.europesays.com\/fr\/wp-json\/wp\/v2\/posts"}],"about":[{"href":"https:\/\/www.europesays.com\/fr\/wp-json\/wp\/v2\/types\/post"}],"author":[{"embeddable":true,"href":"https:\/\/www.europesays.com\/fr\/wp-json\/wp\/v2\/users\/2"}],"replies":[{"embeddable":true,"href":"https:\/\/www.europesays.com\/fr\/wp-json\/wp\/v2\/comments?post=331170"}],"version-history":[{"count":0,"href":"https:\/\/www.europesays.com\/fr\/wp-json\/wp\/v2\/posts\/331170\/revisions"}],"wp:featuredmedia":[{"embeddable":true,"href":"https:\/\/www.europesays.com\/fr\/wp-json\/wp\/v2\/media\/331171"}],"wp:attachment":[{"href":"https:\/\/www.europesays.com\/fr\/wp-json\/wp\/v2\/media?parent=331170"}],"wp:term":[{"taxonomy":"category","embeddable":true,"href":"https:\/\/www.europesays.com\/fr\/wp-json\/wp\/v2\/categories?post=331170"},{"taxonomy":"post_tag","embeddable":true,"href":"https:\/\/www.europesays.com\/fr\/wp-json\/wp\/v2\/tags?post=331170"}],"curies":[{"name":"wp","href":"https:\/\/api.w.org\/{rel}","templated":true}]}}