{"id":331172,"date":"2025-08-20T08:33:09","date_gmt":"2025-08-20T08:33:09","guid":{"rendered":"https:\/\/www.europesays.com\/fr\/331172\/"},"modified":"2025-08-20T08:33:09","modified_gmt":"2025-08-20T08:33:09","slug":"affaire-rabiot-pour-prendre-cette-decision-il-a-du-se-passer-quelque-chose-de-grave-sinterroge-bernard-pardo","status":"publish","type":"post","link":"https:\/\/www.europesays.com\/fr\/331172\/","title":{"rendered":"Affaire Rabiot : \u00ab\u00a0Pour prendre cette d\u00e9cision il a d\u00fb se passer quelque chose de grave\u00a0\u00bb, s&rsquo;interroge Bernard Pardo"},"content":{"rendered":"<p>La d\u00e9cision prise par le club olympien de mettre l&rsquo;international fran\u00e7ais sur la liste des transferts a surpris tout le monde. Le sujet est sensible, \u00e0 tel point que bon nombre d&rsquo;anciens Olympiens n&rsquo;ont pas donn\u00e9 suite \u00e0 nos sollicitations.<\/p>\n<p>Certains, <a href=\"https:\/\/www.laprovence.com\/article\/om\/19260895109508\/om-meme-sil-a-mis-un-coup-de-boule-a-rowe-je-ne-vire-jamais-rabiot-clame-jerome-alonzo\" target=\"_blank\" rel=\"noopener\">comme J\u00e9r\u00f4me Alonzo<\/a>, ont tout de m\u00eame accept\u00e9 d&rsquo;exprimer leur point de vue, avec un mot d&rsquo;ordre : \u00ab\u00a0Nous ne savons pas tout, seules les personnes pr\u00e9sentes dans le vestiaire \u00e0 Rennes connaissent la v\u00e9rit\u00e9\u00a0\u00bb. Verbatim.<\/p>\n<p>Pour l&rsquo;ancien milieu de terrain marseillais <a href=\"https:\/\/www.laprovence.com\/article\/om\/75047906979617\/on-ne-sera-jamais-egale-on-restera-a-jamais-les-premiers-danciens-joueurs-de-lom-prennent-position-avant-la-finale-du-psg\" target=\"_blank\" rel=\"noopener\">Bernard Pardo<\/a> (1990-1991), le choix de l&rsquo;OM pourrait avoir de grosses cons\u00e9quences durant la saison. \u00ab\u00a0On ne sait pas exactement ce qu&rsquo;il s&rsquo;est pass\u00e9 dans le vestiaire, seuls les joueurs et l&rsquo;entra\u00eeneur le savent. Je pense que la d\u00e9cision de De Zerbi est m\u00fbrement r\u00e9fl\u00e9chie, il ne peut pas prendre le risque de faire partir Rabiot si ce n&rsquo;est pas m\u00fbrement r\u00e9fl\u00e9chi en collaboration avec le pr\u00e9sident (Pablo Longoria). C&rsquo;est quasiment ton meilleur joueur la saison derni\u00e8re donc pour prendre cette d\u00e9cision il a d\u00fb se passer quelque chose de grave. Apr\u00e8s, il doit \u00eatre droit dans ses bottes car ce n&rsquo;est pas une d\u00e9cision simple \u00e0 prendre. C&rsquo;est un choix qui doit \u00eatre assum\u00e9 par toutes les parties car il ne faut pas dire, en cours de saison\u00a0: &lsquo;On n&rsquo;aurait pas d\u00fb faire partir Rabiot&rsquo;.<\/p>\n","protected":false},"excerpt":{"rendered":"La d\u00e9cision prise par le club olympien de mettre l&rsquo;international fran\u00e7ais sur la liste des transferts a surpris&hellip;\n","protected":false},"author":2,"featured_media":331173,"comment_status":"","ping_status":"","sticky":false,"template":"","format":"standard","meta":{"footnotes":""},"categories":[9],"tags":[17,13060,3477,17227,1011,27,149,471,4571,4029,60],"class_list":{"0":"post-331172","1":"post","2":"type-post","3":"status-publish","4":"format-standard","5":"has-post-thumbnail","7":"category-sports","8":"tag-17","9":"tag-affaire","10":"tag-cette","11":"tag-decision","12":"tag-fr","13":"tag-france","14":"tag-om","15":"tag-pour","16":"tag-prendre","17":"tag-rabiot","18":"tag-sports"},"share_on_mastodon":{"url":"https:\/\/pubeurope.com\/@fr\/115060172955250848","error":""},"_links":{"self":[{"href":"https:\/\/www.europesays.com\/fr\/wp-json\/wp\/v2\/posts\/331172","targetHints":{"allow":["GET"]}}],"collection":[{"href":"https:\/\/www.europesays.com\/fr\/wp-json\/wp\/v2\/posts"}],"about":[{"href":"https:\/\/www.europesays.com\/fr\/wp-json\/wp\/v2\/types\/post"}],"author":[{"embeddable":true,"href":"https:\/\/www.europesays.com\/fr\/wp-json\/wp\/v2\/users\/2"}],"replies":[{"embeddable":true,"href":"https:\/\/www.europesays.com\/fr\/wp-json\/wp\/v2\/comments?post=331172"}],"version-history":[{"count":0,"href":"https:\/\/www.europesays.com\/fr\/wp-json\/wp\/v2\/posts\/331172\/revisions"}],"wp:featuredmedia":[{"embeddable":true,"href":"https:\/\/www.europesays.com\/fr\/wp-json\/wp\/v2\/media\/331173"}],"wp:attachment":[{"href":"https:\/\/www.europesays.com\/fr\/wp-json\/wp\/v2\/media?parent=331172"}],"wp:term":[{"taxonomy":"category","embeddable":true,"href":"https:\/\/www.europesays.com\/fr\/wp-json\/wp\/v2\/categories?post=331172"},{"taxonomy":"post_tag","embeddable":true,"href":"https:\/\/www.europesays.com\/fr\/wp-json\/wp\/v2\/tags?post=331172"}],"curies":[{"name":"wp","href":"https:\/\/api.w.org\/{rel}","templated":true}]}}