{"id":331176,"date":"2025-08-20T08:35:08","date_gmt":"2025-08-20T08:35:08","guid":{"rendered":"https:\/\/www.europesays.com\/fr\/331176\/"},"modified":"2025-08-20T08:35:08","modified_gmt":"2025-08-20T08:35:08","slug":"cest-un-monstre-cosmique-lobjet-spatial-a-591-millions-de-kilometres-pulverise-les-lois-connues-et-terrorise-la-communaute-scientifique-le-gaz-fr","status":"publish","type":"post","link":"https:\/\/www.europesays.com\/fr\/331176\/","title":{"rendered":"\u00ab C\u2019est un monstre cosmique \u00bb : l\u2019objet spatial \u00e0 591 millions de kilom\u00e8tres pulv\u00e9rise les lois connues et terrorise la communaut\u00e9 scientifique &#8211; le-gaz.fr"},"content":{"rendered":"<ol>\n<li><a href=\"https:\/\/news.google.com\/rss\/articles\/CBMi_gFBVV95cUxOelpjNDVLVXpKM3piZXhMNG8zbjNqdHozUU4wUVRlNnloZ1FsODFNLUM3bFZMUFlRcy11WGt5cWQyLWJBU2pOMnc5T0lTajRKdm81SkNCdHdCN2JOYlVxdVkzdVdjQktUMzRDMHNxa3VHTUZSMDJ0TEZGVjl1VzVjVGw1SmJuT013dmVqa2V2M1VCMmJnYmoyLTdjWFBmbkdyWHN6NzhaaUw3elJvZ1R6LXhsdUJDMWRMM0gyTTB6dV9SUmNnZmtiTUJpZFVjRkJVLV9MWWNJdTFfQzRORV9JSFNWUzdoQ214VFpKc3A3MlJoVV9RQXJsQW9CUzVDUQ?oc=5\" target=\"_blank\" rel=\"noopener\">\u00ab C\u2019est un monstre cosmique \u00bb : l\u2019objet spatial \u00e0 591 millions de kilom\u00e8tres pulv\u00e9rise les lois connues et terrorise la communaut\u00e9 scientifique<\/a>&nbsp;&nbsp;le-gaz.fr<\/li>\n<li><a href=\"https:\/\/news.google.com\/rss\/articles\/CBMi0AFBVV95cUxNWDQ4YVozN1dSWmZFVzFzYWhySnhZcm1LeUFDQWxIbEFDUThocDRvX1NwcGpHN24xWDhuMjEzbXhlenZfMHJaelJLMTBzZ2lDZGQwejZmMHBpS2E5bmItbjRQa0tGMFM5TEd6SllmR2dIZHVmR1JxTG51R1EyVWoyNnJoTWFhRUNUTi1xNm9oNEphN1VHZHRlTGluWTJUOWZEMVEzbmRYUWlqNlYwNmNWSkFFbE5jV0xNZDlzRFZ4OV9FWWVfMGZLUHU3STdJR3Ju?oc=5\" target=\"_blank\" rel=\"noopener\">Une com\u00e8te interstellaire fonce \u00e0 travers le syst\u00e8me solaire : cette sonde est notre seule chance de l&rsquo;intercepter<\/a>&nbsp;&nbsp;Sciencepost<\/li>\n<li><a href=\"https:\/\/news.google.com\/rss\/articles\/CBMixwFBVV95cUxPazNvVlJCbEh3UXNub0VKVi1kM0h4R0VMREl6aldpNWE1Sk51NFlEU0dhN1NGXy14ZHJuTlQycEVjNVQ2d21LV3dyQklKZ2hNZ0F1UzZxOC1xMjc3Ti1qeS1WQzBIdlFvWTA1RDZpXzBUcHdpVmxPbHJaZjZMd2pWTDE3WVJBRkY0UVBpZ2ZpWnZzbDNIYXJXTE5lWXFZZkFiV0ktX3NERkhxU2xPcHdONHEydVViT05OcDUySVpnMEdDS0VQZmpn?oc=5\" target=\"_blank\" rel=\"noopener\">Une com\u00e8te \u00abvenue d\u2019ailleurs\u00bb en transit \u00e0 tr\u00e8s haute vitesse dans notre Syst\u00e8me solaire<\/a>&nbsp;&nbsp;Le Figaro<\/li>\n<li><a href=\"https:\/\/news.google.com\/rss\/articles\/CBMixAFBVV95cUxPTkZvT05Sc1N6MjFGOXlkUlVxOV9DWFQ0QVI0anpOWUpSdEdYMnhMYk5hZjJLM2Z2T1Z3bTU0QVBoNmtNU01BN3N5WENTUVd3VW9aUVpkUDVYTEFUbTNXSkFxX3dfODhnVUJvaVdCelBlbWFoam5vVm9SRWNMaDRrTTFEM3kwTlhBRGV3RG8wTVZpSlZOTjFPNmtjX1h0Q0FIRjlldjRnbXJHOTcwYWY0UmtOejJ4THlrT1QzdWFrNENneEpJ?oc=5\" target=\"_blank\" rel=\"noopener\">Quiz : beau oui comme des space oddities<\/a>&nbsp;&nbsp;Lib\u00e9ration<\/li>\n<li><a href=\"https:\/\/news.google.com\/rss\/articles\/CBMihgJBVV95cUxOdTRBVWtNOVpUQmRSN1hvNHVLc1hjSHNpNGFXWC1tbFV3eUg4MUdlZ0w1VHNKbjVuZ004dzVVc2VFdzBtdjVpZ19pcjY5Wm85OUZReWhqOFVmN0ZVZUVxUHY5bXFPZHNwOS00Zl94S3FGaVBqM0hsWnBjVDlQbEdsUDBlVmlhd3hhTnJjbU04SG9FTlRWNHZCSDBSUVhacVB6VGx0RlJQRTlqaEF1UUxEQ0xJU3NmTFA3d2twNTY0bEpxQUYyU0JfaDFMT1NXTk5QRFI1WHJKbjhlN2c5VjM3ZXdheGxjM3I3V2ZBd2FUNWt1bHIzWTloRzd3bHM2VEpWWWRQTFBB?oc=5\" target=\"_blank\" rel=\"noopener\">Des astronomes utilisent Hubble pour mesurer la taille de la com\u00e8te 3I\/AT : la NASA r\u00e9v\u00e8le une image et des d\u00e9tails<\/a>&nbsp;&nbsp;Tameteo.com<\/li>\n<\/ol>\n","protected":false},"excerpt":{"rendered":"\u00ab C\u2019est un monstre cosmique \u00bb : l\u2019objet spatial \u00e0 591 millions de kilom\u00e8tres pulv\u00e9rise les lois connues&hellip;\n","protected":false},"author":2,"featured_media":1445,"comment_status":"","ping_status":"","sticky":false,"template":"","format":"standard","meta":{"footnotes":""},"categories":[7],"tags":[1011,27,43,40,41,39,42,44],"class_list":{"0":"post-331176","1":"post","2":"type-post","3":"status-publish","4":"format-standard","5":"has-post-thumbnail","7":"category-sciences-et-technologies","8":"tag-fr","9":"tag-france","10":"tag-science","11":"tag-science-and-technology","12":"tag-sciences","13":"tag-sciences-et-technologies","14":"tag-technologies","15":"tag-technology"},"share_on_mastodon":{"url":"https:\/\/pubeurope.com\/@fr\/115060180628804975","error":""},"_links":{"self":[{"href":"https:\/\/www.europesays.com\/fr\/wp-json\/wp\/v2\/posts\/331176","targetHints":{"allow":["GET"]}}],"collection":[{"href":"https:\/\/www.europesays.com\/fr\/wp-json\/wp\/v2\/posts"}],"about":[{"href":"https:\/\/www.europesays.com\/fr\/wp-json\/wp\/v2\/types\/post"}],"author":[{"embeddable":true,"href":"https:\/\/www.europesays.com\/fr\/wp-json\/wp\/v2\/users\/2"}],"replies":[{"embeddable":true,"href":"https:\/\/www.europesays.com\/fr\/wp-json\/wp\/v2\/comments?post=331176"}],"version-history":[{"count":0,"href":"https:\/\/www.europesays.com\/fr\/wp-json\/wp\/v2\/posts\/331176\/revisions"}],"wp:featuredmedia":[{"embeddable":true,"href":"https:\/\/www.europesays.com\/fr\/wp-json\/wp\/v2\/media\/1445"}],"wp:attachment":[{"href":"https:\/\/www.europesays.com\/fr\/wp-json\/wp\/v2\/media?parent=331176"}],"wp:term":[{"taxonomy":"category","embeddable":true,"href":"https:\/\/www.europesays.com\/fr\/wp-json\/wp\/v2\/categories?post=331176"},{"taxonomy":"post_tag","embeddable":true,"href":"https:\/\/www.europesays.com\/fr\/wp-json\/wp\/v2\/tags?post=331176"}],"curies":[{"name":"wp","href":"https:\/\/api.w.org\/{rel}","templated":true}]}}