{"id":331179,"date":"2025-08-20T08:37:09","date_gmt":"2025-08-20T08:37:09","guid":{"rendered":"https:\/\/www.europesays.com\/fr\/331179\/"},"modified":"2025-08-20T08:37:09","modified_gmt":"2025-08-20T08:37:09","slug":"le-spectaculaire-deplacement-de-leglise-de-kiruna","status":"publish","type":"post","link":"https:\/\/www.europesays.com\/fr\/331179\/","title":{"rendered":"Le spectaculaire d\u00e9placement de l\u2019\u00e9glise de Kiruna"},"content":{"rendered":"<p>Contrairement aux oiseaux, l\u2019\u00e9glise <a href=\"https:\/\/www.20minutes.fr\/dossier\/protestantisme\" class=\"c-link c-link--is-underlined\" rel=\"nofollow noopener\" target=\"_blank\">protestante <\/a>de Kiruna fait sa migration en plein mois d\u2019ao\u00fbt. L\u2019\u00e9difice en bois rouge, situ\u00e9 au nord de la <a href=\"https:\/\/www.20minutes.fr\/dossier\/suede\" class=\"c-link c-link--is-underlined\" rel=\"nofollow noopener\" target=\"_blank\">Su\u00e8de<\/a>, a commenc\u00e9 mardi sa migration vers son nouvel emplacement. C\u2019est une \u00e9tape symbolique du d\u00e9m\u00e9nagement de la ville pour permettre l\u2019expansion d\u2019une mine de fer.<\/p>\n<p>Charg\u00e9e sur un convoi sp\u00e9cial &#8211; des poutres et deux rang\u00e9es de remorques, Kiruna Kyrka, <a href=\"https:\/\/www.20minutes.fr\/dossier\/eglise\" class=\"c-link c-link--is-underlined\" rel=\"nofollow noopener\" target=\"_blank\">\u00c9glise <\/a>luth\u00e9rienne inaugur\u00e9e en\u00a01912 et consid\u00e9r\u00e9e comme l\u2019un des plus beaux b\u00e2timents de Su\u00e8de, s\u2019est d\u00e9plac\u00e9e tr\u00e8s lentement &#8211; entre 500 m\u00e8tres et 1\u00a0km\/h jusqu\u2019\u00e0 15h50, plus d\u2019une heure avant l\u2019heure pr\u00e9vue, malgr\u00e9 une courte pause d\u00e9jeuner et des v\u00e9rifications techniques fr\u00e9quentes \u00e0 l\u2019int\u00e9rieur de l\u2019\u00e9glise. Le transport doit reprendre mercredi matin vers 8 heures (heure fran\u00e7aise).<\/p>\n<p>Dangereux virage<\/p>\n<p>L\u2019un des aspects les plus d\u00e9licats de ce trajet m\u00e9ticuleusement chor\u00e9graphi\u00e9 a \u00e9t\u00e9 le d\u00e9part, ont indiqu\u00e9 les responsables. Le convoi de 1.200 tonnes devait effectuer un virage et descendre une l\u00e9g\u00e8re pente pour atteindre la route principale qu\u2019il devait emprunter. En pr\u00e9paration, le sol autour de l\u2019\u00e9glise avait \u00e9t\u00e9 creus\u00e9, permettant de placer de grosses poutres jaunes en dessous afin que le b\u00e2timent puisse \u00eatre soulev\u00e9 sur les remorques.<\/p>\n<p>Tout au long du trajet mardi, des travailleurs en gilets jaunes et casques s\u2019affairaient autour de la structure, prenant des mesures et effectuant des tests pour s\u2019assurer que tout se passait comme pr\u00e9vu. \u00ab\u00a0Esp\u00e9rons que demain sera \u00e0 nouveau une promenade de sant\u00e9\u00a0\u00bb, a d\u00e9clar\u00e9 le directeur g\u00e9n\u00e9ral de LKAB, Jan Mostr\u00f6m, admettant avoir \u00e9t\u00e9 \u00ab\u00a0un peu inquiet \u00e0 ce sujet\u00a0\u00bb. Ce voyage, qui a \u00e9t\u00e9 b\u00e9ni par l\u2019\u00e9v\u00eaque \u00c5sa Nystr\u00f6m et la <a href=\"https:\/\/www.20minutes.fr\/dossier\/pretre\" class=\"c-link c-link--is-underlined\" rel=\"nofollow noopener\" target=\"_blank\">pr\u00eatre<\/a> Lena Tj\u00e4rnberg, cur\u00e9 de Kiruna, doit s\u2019achever mercredi dans l\u2019apr\u00e8s-midi, en pr\u00e9sence du <a href=\"https:\/\/www.20minutes.fr\/monde\/roi\/\" class=\"c-link c-link--is-underlined\" rel=\"nofollow noopener\" target=\"_blank\">roi<\/a> de Su\u00e8de Carl XVI Gustaf.<\/p>\n<p class=\"mb-xxl@xs color-ultramarine font-weight-semi-bold@xs font-source-serif-pro heading-s@xs\">L\u2019acc\u00e8s \u00e0 ce contenu a \u00e9t\u00e9 bloqu\u00e9 afin de respecter votre choix de consentement<\/p>\n<p class=\"mb-m@xs text-l@xs\">En cliquant sur\u00ab J\u2019accepte \u00bb, vous acceptez le d\u00e9p\u00f4t de cookies par des services externes et aurez ainsi acc\u00e8s aux contenus de nos partenaires.<\/p>\n<p class=\"mb-xl@xs text-s@xs\">Plus d\u2019informations sur la page<a href=\"https:\/\/www.20minutes.fr\/gestion-cookies\" class=\"mx-xxs@xs color-ultramarine\" rel=\"nofollow noopener\" target=\"_blank\">Politique de gestion des cookies<\/a><\/p>\n<p>J\u2019accepteCreuser toujours plus profond<\/p>\n<p>Tout le centre-ville de Kiruna est en cours de relocalisation en raison de l\u2019exploitation d\u2019un immense gisement de minerai de fer par le groupe LKAB. A mesure que les activit\u00e9s mini\u00e8res se sont \u00e9tendues, l\u2019objectif \u00e9tant de creuser toujours plus profond &#8211; la compagnie extrait aujourd\u2019hui \u00e0 1.365 m\u00e8tres de profondeur &#8211; la stabilit\u00e9 du sol sous Kiruna s\u2019est affaiblie, augmentant le risque d\u2019effondrement dans certaines zones.<\/p>\n<p>Le chantier de d\u00e9m\u00e9nagement a d\u00e9but\u00e9 il y a pr\u00e8s de vingt ans, et devrait se poursuivre au moins jusqu\u2019en\u00a02035. Le nouveau centre-ville lui a \u00e9t\u00e9 inaugur\u00e9 en septembre\u00a02022. Le d\u00e9placement de l\u2019\u00e9glise, enti\u00e8rement financ\u00e9 par LKAB, devrait co\u00fbter 500\u00a0millions de couronnes (44,8\u00a0millions d\u2019euros). Il a attir\u00e9 plusieurs milliers de curieux.<\/p>\n<p>Un joyau architectural<\/p>\n<p>Large de 40 m\u00e8tres et pesant 672 tonnes, l\u2019imposant \u00e9difice, con\u00e7u par l\u2019architecte su\u00e9dois Gustaf Wickman, m\u00eale diff\u00e9rentes influences architecturales. Des motifs d\u2019inspiration sami, peuple autochtone de la r\u00e9gion, ornent les bancs. Sa silhouette singuli\u00e8re se distingue par un ext\u00e9rieur n\u00e9ogothique rouge, o\u00f9 les toits aux pentes prononc\u00e9es descendent jusqu\u2019au sol, de larges fen\u00eatres dispos\u00e9es de part et d\u2019autre.<\/p>\n<p>L\u2019int\u00e9rieur, sombre, comporte des \u00e9l\u00e9ments de style romantique national, ainsi qu\u2019un retable Art nouveau peint par le <a href=\"https:\/\/www.20minutes.fr\/dossier\/prince\" class=\"c-link c-link--is-underlined\" rel=\"nofollow noopener\" target=\"_blank\">prince<\/a> Eug\u00e8ne de Su\u00e8de (1865-1947), repr\u00e9sentant un paysage aux couleurs pastel, inspir\u00e9 par ses voyages en Toscane et dans le sud-ouest de la Su\u00e8de. Parmi les vingt-trois monuments culturels d\u00e9j\u00e0 d\u00e9plac\u00e9s, l\u2019\u00e9glise de Kiruna sera le plus imposant, explique LKAB qui qualifie le d\u00e9placement \u00ab\u00a0d\u2019\u00e9v\u00e9nement unique dans l\u2019histoire mondiale\u00a0\u00bb.<\/p>\n","protected":false},"excerpt":{"rendered":"Contrairement aux oiseaux, l\u2019\u00e9glise protestante de Kiruna fait sa migration en plein mois d\u2019ao\u00fbt. L\u2019\u00e9difice en bois rouge,&hellip;\n","protected":false},"author":2,"featured_media":331180,"comment_status":"","ping_status":"","sticky":false,"template":"","format":"standard","meta":{"footnotes":""},"categories":[5],"tags":[47,11,12336,1011,27,1757,14,74,12,7199,28],"class_list":{"0":"post-331179","1":"post","2":"type-post","3":"status-publish","4":"format-standard","5":"has-post-thumbnail","7":"category-international","8":"tag-actualite","9":"tag-actualites","10":"tag-eglise","11":"tag-fr","12":"tag-france","13":"tag-insolite","14":"tag-international","15":"tag-monde","16":"tag-news","17":"tag-suede","18":"tag-world"},"share_on_mastodon":{"url":"https:\/\/pubeurope.com\/@fr\/115060188736317283","error":""},"_links":{"self":[{"href":"https:\/\/www.europesays.com\/fr\/wp-json\/wp\/v2\/posts\/331179","targetHints":{"allow":["GET"]}}],"collection":[{"href":"https:\/\/www.europesays.com\/fr\/wp-json\/wp\/v2\/posts"}],"about":[{"href":"https:\/\/www.europesays.com\/fr\/wp-json\/wp\/v2\/types\/post"}],"author":[{"embeddable":true,"href":"https:\/\/www.europesays.com\/fr\/wp-json\/wp\/v2\/users\/2"}],"replies":[{"embeddable":true,"href":"https:\/\/www.europesays.com\/fr\/wp-json\/wp\/v2\/comments?post=331179"}],"version-history":[{"count":0,"href":"https:\/\/www.europesays.com\/fr\/wp-json\/wp\/v2\/posts\/331179\/revisions"}],"wp:featuredmedia":[{"embeddable":true,"href":"https:\/\/www.europesays.com\/fr\/wp-json\/wp\/v2\/media\/331180"}],"wp:attachment":[{"href":"https:\/\/www.europesays.com\/fr\/wp-json\/wp\/v2\/media?parent=331179"}],"wp:term":[{"taxonomy":"category","embeddable":true,"href":"https:\/\/www.europesays.com\/fr\/wp-json\/wp\/v2\/categories?post=331179"},{"taxonomy":"post_tag","embeddable":true,"href":"https:\/\/www.europesays.com\/fr\/wp-json\/wp\/v2\/tags?post=331179"}],"curies":[{"name":"wp","href":"https:\/\/api.w.org\/{rel}","templated":true}]}}