{"id":331183,"date":"2025-08-20T08:39:14","date_gmt":"2025-08-20T08:39:14","guid":{"rendered":"https:\/\/www.europesays.com\/fr\/331183\/"},"modified":"2025-08-20T08:39:14","modified_gmt":"2025-08-20T08:39:14","slug":"je-pleure-en-regardant-ma-fille-apres-les-abus-a-lhopital-de-montreuil-la-colere-et-langoisse-des-parents-le-parisien","status":"publish","type":"post","link":"https:\/\/www.europesays.com\/fr\/331183\/","title":{"rendered":"\u00ab Je pleure en regardant ma fille \u00bb : apr\u00e8s les abus \u00e0 l\u2019h\u00f4pital de Montreuil, la col\u00e8re et l\u2019angoisse des parents &#8211; Le Parisien"},"content":{"rendered":"<ol>\n<li><a href=\"https:\/\/news.google.com\/rss\/articles\/CBMinwJBVV95cUxOZk9QZ0I1VHAwVzhvVUtJU21YLU9UN180cl83ZERmS1kzd0w5dnJrUjBGVm5ub1hCQklIZ1BBbmwyWnR3SlhGQ0d3OVhmRmFmeDNfMUdMckt6Vzg2ZGl2V0FaaUtPenhPYzNoWlZVMnd0RjRZMzlVTk1VLVM1Sjc2UmktY3Jaa0V2UFRQTWFYZ2lRR1RTQzlFVWcyOWxXcDhocnJsckEwSTVlR2dJak1nanB0WnhiUHhXRTljRkhZS1lhTkJhSWZOT29yMEtSX2N0eUxoRVZQRkNMbkpEMEx1YnNPMlFGRnQ5Q25BRHpGQzZ5TmRrZC1yNHdfOEFodzBfOHRFalNyamh0dThlMUFIbVNCN0FhdnJjTWNmX3NJZw?oc=5\" target=\"_blank\" rel=\"nofollow noopener\">\u00ab Je pleure en regardant ma fille \u00bb : apr\u00e8s les abus \u00e0 l\u2019h\u00f4pital de Montreuil, la col\u00e8re et l\u2019angoisse des parents<\/a>&nbsp;&nbsp;Le Parisien<\/li>\n<li><a href=\"https:\/\/news.google.com\/rss\/articles\/CBMijAJBVV95cUxNMUtUS2pqdGpRQ0pIMmNYWUFiQ0ZONHlic1lfV0ttc2VocndxNHB3bTB5SWpER2dZQXFVWDRmVWJKU0k2LUEwWXRXcG5qaFE3TC14X2lVQVM2a3lGUF9sMmtyTjEwV2JXQjg4UUpEM0FKS1pmZTBuNEtfMmtheXNQUlNJTWx0NjRWWTNtNjJTZHN5bXprbHdkRUJlUFVzc29tRWlaWXZiOUpIUjY3M0pOWkpRMEpDX0E2LVAtWjhvejIxcGRKbEtVNWljSHRMUTVmelItQTl2UVBoUjVwaE8wTmpIMHZ0UnZMYUgyRGlRZ05uVjRoNzFrcTdaZDlZX2tIOUxHWE01WHBmNElR?oc=5\" target=\"_blank\" rel=\"nofollow noopener\">Nourrissons agress\u00e9s sexuellement \u00e0 l&rsquo;h\u00f4pital de Montreuil : des parents dans l&rsquo;incertitude saisissent la justice<\/a>&nbsp;&nbsp;Portail Orange<\/li>\n<li><a href=\"https:\/\/news.google.com\/rss\/articles\/CBMigwJBVV95cUxOVUh1UEtvOFlnRDVtc0p1emlkV2RDYkZQbWpXRmw0RmJtendIOUo4bjNSakV1d04xLVFRdzNpcl9qMTN6MGZocHRCMGJTSGhqT0l2b2RHd1Vlc1Jjc2M0NTRwQTZnXzZhSmtCWkUzTlE0ZDV2ak4tZGFZRVZKUGh5c29TbVNWd3o4S1E5X3lobEN2ZVhlc2lRazVGT3hVZFBZMkkzeHgxcnp4R3hheFFJb2pZbFIxcTdFTTJfRzRVczdOMjd0Rk5IUHM1TVFZZkZrdGFybTY3c1FqcV9GVTM2UEROcWZqbUNVQjcyNDJfSlFwdFc0aHNUaGRQNFI3alBhSUJr?oc=5\" target=\"_blank\" rel=\"nofollow noopener\">Agressions sexuelles sur des b\u00e9b\u00e9s \u00e0 l\u2019h\u00f4pital de Montreuil : les parents, \u00abentre d\u00e9tresse et choc\u00bb, veulent faire entendre leur voix<\/a>&nbsp;&nbsp;Le Figaro<\/li>\n<li><a href=\"https:\/\/news.google.com\/rss\/articles\/CBMi9gFBVV95cUxQRDlhQnRUazZROGtfQjgzUE5NTXVyaGxzSEF3YzZCMzVSTHNjdE9PSGVLYmpaRG1MeEgxTjV5dW0ySlVPX2tjMGItNm1nbjNHWG5BbW43R29aNFpRak5UTE5idzlRUGxOWlRYcUQxNzJXUWc3ZHBjSzZ6b0dCdkFoYkZzbHd5QURXbEhicWtDQm94T1lDTmN6UGQ4ckI0LVJMd1VRMVFlWmlxWkJ5MGY0UkFwMlNYaVBXUzVPM1VJbi1MYzNnUVBSZ0htd0FnLXh0a3dYRE5IZmI0SThieS14QjFKNlpsTzJ0VFNIbUFHZDl5Zk9na3c?oc=5\" target=\"_blank\" rel=\"nofollow noopener\">Huit familles portent plainte dans l\u2019affaire des abus sexuels sur des b\u00e9b\u00e9s \u00e0 l\u2019h\u00f4pital de Montreuil<\/a>&nbsp;&nbsp;Le HuffPost<\/li>\n<li><a href=\"https:\/\/news.google.com\/rss\/articles\/CBMiiAJBVV95cUxQNm9FajltdjF6ZFdsSUg0UzJyRWxjWTVtbE14YjE5RWdId0VGakg3ZmtDTnQ4ekpWYjk1M1JnMlNVRk5SRVJ2ekR3R1R0Vy1DMGNoRmRtRXp2UlRrYzBwT0lCVjRDRE12eUloTDZMWGVlYVdGcFJIZkhWT2gxb2pGbU1vNmI4d0JDb19ZUmxPdkZoSUJ2RWdTaC1wN2hNUThHZWFTUGhWQWtGWldBWGYteW1Dck5qRXlfZ3NuYmpKLVNCc3Q4MG13R09qUGdyUDZXTXRpU1RYcHMwZ2ZiMmJoa3k3UVQyZVFFd2ZfcnVUSGVZS2UwX0YydVljMFB4ZVpERWd4YkRuNmk?oc=5\" target=\"_blank\" rel=\"nofollow noopener\">Agressions sexuelles sur des b\u00e9b\u00e9s \u00e0 l\u2019h\u00f4pital de Montreuil : couple suspect\u00e9, relation \u00ab\u00a0toxique\u00a0\u00bb\u2026 ce que l\u2019on sait de l\u2019enqu\u00eate en cours<\/a>&nbsp;&nbsp;ladepeche.fr<\/li>\n<\/ol>\n","protected":false},"excerpt":{"rendered":"\u00ab Je pleure en regardant ma fille \u00bb : apr\u00e8s les abus \u00e0 l\u2019h\u00f4pital de Montreuil, la col\u00e8re&hellip;\n","protected":false},"author":2,"featured_media":331184,"comment_status":"","ping_status":"","sticky":false,"template":"","format":"standard","meta":{"footnotes":""},"categories":[2],"tags":[11,118,1011,27,1944,12,1945],"class_list":{"0":"post-331183","1":"post","2":"type-post","3":"status-publish","4":"format-standard","5":"has-post-thumbnail","7":"category-actualites","8":"tag-actualites","9":"tag-faits-divers","10":"tag-fr","11":"tag-france","12":"tag-ma-ville","13":"tag-news","14":"tag-seine-saint-denis"},"share_on_mastodon":{"url":"https:\/\/pubeurope.com\/@fr\/115060196312814587","error":""},"_links":{"self":[{"href":"https:\/\/www.europesays.com\/fr\/wp-json\/wp\/v2\/posts\/331183","targetHints":{"allow":["GET"]}}],"collection":[{"href":"https:\/\/www.europesays.com\/fr\/wp-json\/wp\/v2\/posts"}],"about":[{"href":"https:\/\/www.europesays.com\/fr\/wp-json\/wp\/v2\/types\/post"}],"author":[{"embeddable":true,"href":"https:\/\/www.europesays.com\/fr\/wp-json\/wp\/v2\/users\/2"}],"replies":[{"embeddable":true,"href":"https:\/\/www.europesays.com\/fr\/wp-json\/wp\/v2\/comments?post=331183"}],"version-history":[{"count":0,"href":"https:\/\/www.europesays.com\/fr\/wp-json\/wp\/v2\/posts\/331183\/revisions"}],"wp:featuredmedia":[{"embeddable":true,"href":"https:\/\/www.europesays.com\/fr\/wp-json\/wp\/v2\/media\/331184"}],"wp:attachment":[{"href":"https:\/\/www.europesays.com\/fr\/wp-json\/wp\/v2\/media?parent=331183"}],"wp:term":[{"taxonomy":"category","embeddable":true,"href":"https:\/\/www.europesays.com\/fr\/wp-json\/wp\/v2\/categories?post=331183"},{"taxonomy":"post_tag","embeddable":true,"href":"https:\/\/www.europesays.com\/fr\/wp-json\/wp\/v2\/tags?post=331183"}],"curies":[{"name":"wp","href":"https:\/\/api.w.org\/{rel}","templated":true}]}}