{"id":331185,"date":"2025-08-20T08:40:15","date_gmt":"2025-08-20T08:40:15","guid":{"rendered":"https:\/\/www.europesays.com\/fr\/331185\/"},"modified":"2025-08-20T08:40:15","modified_gmt":"2025-08-20T08:40:15","slug":"des-accidents-sur-chaussee-glissante-a-beaux-et-saint-just-malmont","status":"publish","type":"post","link":"https:\/\/www.europesays.com\/fr\/331185\/","title":{"rendered":"Des accidents sur chauss\u00e9e glissante \u00e0 Beaux et Saint-Just-Malmont"},"content":{"rendered":"<p>\t\t\t\t\t\t\t\t\t\t\t\t\t\t\t\t\t\t\t\t\t\t\t\t\t\t\t\t\t\t\t\t\t\t\t\t\t\t\t\t\t\t\t\t\t\t\t\t\t\t\t\t\t\t\t\t\t\t\t\t\t\t\t<a href=\"https:\/\/www.lacommere43.fr\/component\/banners\/click\/1803.html\" target=\"_blank\" title=\"Tence Rural Master ao\u00fbt 2025\" rel=\"noopener\"><br \/>\n\t\t\t\t\t\t\t<img decoding=\"async\" src=\"https:\/\/www.europesays.com\/fr\/wp-content\/uploads\/2025\/08\/rural2025-5.gif\" alt=\"Tence Rural Master ao\u00fbt 2025\"\/><br \/>\n\t\t\t\t\t\t<\/a><\/p>\n<p>Mardi, les pluies ont rendu les chauss\u00e9es plus glissantes, entra\u00eenant plusieurs accidents.<\/p>\n<p>A 14 h 45, sur la RD103 \u00e0 Beaux, une femme de 34 ans a perdu le contr\u00f4le de sa Seat \u00ab\u00a0Leon\u00a0\u00bb pr\u00e8s de \u00ab\u00a0Malataverne\u00a0\u00bb. La voiture a fini sa course au foss\u00e9. La conductrice et son fils de 6 ans ont \u00e9t\u00e9 \u00e9vacu\u00e9s par les pompiers aux urgences du Puy-en-Velay.<\/p>\n<p>A 19 h 30, sur la RD500 \u00e0 Saint-Just-Malmont, une Citro\u00ebn \u00ab\u00a0C2\u00a0\u00bb a percut\u00e9 la paroi rocheuse sur chauss\u00e9e humide dans un virage. L&rsquo;automobiliste de 19 ans \u00e9tait indemne.<\/p>\n","protected":false},"excerpt":{"rendered":"Mardi, les pluies ont rendu les chauss\u00e9es plus glissantes, entra\u00eenant plusieurs accidents. A 14 h 45, sur la&hellip;\n","protected":false},"author":2,"featured_media":331186,"comment_status":"","ping_status":"","sticky":false,"template":"","format":"standard","meta":{"footnotes":""},"categories":[9653],"tags":[1111,2281,11,2430,1777,674,2282,1011,27,2280,2284,2285,2283,12,25,4001],"class_list":{"0":"post-331185","1":"post","2":"type-post","3":"status-publish","4":"format-standard","5":"has-post-thumbnail","7":"category-saint-etienne","8":"tag-actu","9":"tag-actualite-43","10":"tag-actualites","11":"tag-auvergne-rhone-alpes","12":"tag-eu","13":"tag-europe","14":"tag-faits-divers-auvergne","15":"tag-fr","16":"tag-france","17":"tag-information-haute-loire","18":"tag-infos-43","19":"tag-journal-haute-loire","20":"tag-la-commere-43","21":"tag-news","22":"tag-republique-francaise","23":"tag-saint-etienne"},"share_on_mastodon":{"url":"https:\/\/pubeurope.com\/@fr\/115060200303769142","error":""},"_links":{"self":[{"href":"https:\/\/www.europesays.com\/fr\/wp-json\/wp\/v2\/posts\/331185","targetHints":{"allow":["GET"]}}],"collection":[{"href":"https:\/\/www.europesays.com\/fr\/wp-json\/wp\/v2\/posts"}],"about":[{"href":"https:\/\/www.europesays.com\/fr\/wp-json\/wp\/v2\/types\/post"}],"author":[{"embeddable":true,"href":"https:\/\/www.europesays.com\/fr\/wp-json\/wp\/v2\/users\/2"}],"replies":[{"embeddable":true,"href":"https:\/\/www.europesays.com\/fr\/wp-json\/wp\/v2\/comments?post=331185"}],"version-history":[{"count":0,"href":"https:\/\/www.europesays.com\/fr\/wp-json\/wp\/v2\/posts\/331185\/revisions"}],"wp:featuredmedia":[{"embeddable":true,"href":"https:\/\/www.europesays.com\/fr\/wp-json\/wp\/v2\/media\/331186"}],"wp:attachment":[{"href":"https:\/\/www.europesays.com\/fr\/wp-json\/wp\/v2\/media?parent=331185"}],"wp:term":[{"taxonomy":"category","embeddable":true,"href":"https:\/\/www.europesays.com\/fr\/wp-json\/wp\/v2\/categories?post=331185"},{"taxonomy":"post_tag","embeddable":true,"href":"https:\/\/www.europesays.com\/fr\/wp-json\/wp\/v2\/tags?post=331185"}],"curies":[{"name":"wp","href":"https:\/\/api.w.org\/{rel}","templated":true}]}}