{"id":331187,"date":"2025-08-20T08:41:11","date_gmt":"2025-08-20T08:41:11","guid":{"rendered":"https:\/\/www.europesays.com\/fr\/331187\/"},"modified":"2025-08-20T08:41:11","modified_gmt":"2025-08-20T08:41:11","slug":"les-supporters-peuvent-entrer-dans-le-capital-de-lasse","status":"publish","type":"post","link":"https:\/\/www.europesays.com\/fr\/331187\/","title":{"rendered":"les supporters peuvent entrer dans le capital de l&rsquo;ASSE"},"content":{"rendered":"<p>Zapping Foot National Les Petits Princes du Rocher, immersion dans le Groupe \u00c9lite de l\u2019AS Monaco !<\/p>\n<p>\u00ab On ne dit plus projet, car c\u2019est concret \u00bb. Dans la salle de presse de Geoffroy-Guichard, J\u00e9r\u00e9my Chatonnier n\u2019a pas cach\u00e9 son \u00e9motion ce mardi. Apr\u00e8s quatre ans de lobbying et de patience, le pr\u00e9sident des Socios Verts a obtenu ce qu\u2019il esp\u00e9rait : l\u2019entr\u00e9e officielle des supporters dans l\u2019actionnariat de l\u2019AS Saint-\u00c9tienne. Un symbole fort pour le Peuple Vert, qui pourra investir dans son club pour moins de 20 euros. Plusieurs formules sont propos\u00e9es : 6 \u20ac pour les plus jeunes, 19,33 \u20ac en r\u00e9f\u00e9rence \u00e0 l\u2019ann\u00e9e de fondation de l\u2019ASSE, 420 \u20ac pour les entreprises ou encore 1 976 \u20ac pour les plus passionn\u00e9s, clin d\u2019\u0153il \u00e0 la finale europ\u00e9enne disput\u00e9e \u00e0 Glasgow. \u00ab On a voulu que cette lev\u00e9e de fonds soit la plus populaire possible \u00bb, insiste Chatonnier.<\/p>\n<p>Si d\u2019autres mouvements de socios ont vu le jour en France ces derni\u00e8res ann\u00e9es, \u00e0 Bastia, Sochaux ou encore Rouen, la d\u00e9marche st\u00e9phanoise se distingue : l\u2019ASSE n\u2019est pas en p\u00e9ril. C\u2019est un actionnaire minoritaire qui a choisi de c\u00e9der une partie de ses parts, valid\u00e9e le 12 ao\u00fbt dernier par le conseil d\u2019administration. Les Socios Verts doivent d\u00e9sormais r\u00e9unir 150 000 \u20ac, dont 120 000 \u20ac pour l\u2019achat des parts et 30 000 \u20ac pour le fonctionnement de l\u2019association. \u00ab C\u2019est symbolique, cela ne repr\u00e9sente que 0,1 % du club, mais ce petit bout d\u2019ASSE vaut \u00e9norm\u00e9ment pour les supporters \u00bb, explique le pr\u00e9sident du mouvement. En cas de succ\u00e8s de la collecte, un repr\u00e9sentant des Socios Verts si\u00e9gera \u00e0 l\u2019assembl\u00e9e g\u00e9n\u00e9rale de la SASP.<\/p>\n<p>Entre m\u00e9moire et avenir<\/p>\n<p>Au-del\u00e0 de l\u2019actionnariat, l\u2019association nourrit d\u00e9j\u00e0 des projets concrets : \u00e9riger des statues en hommage \u00e0 Roger Rocher et Robert Herbin, ou encore offrir aux groupes de supporters la possibilit\u00e9 de r\u00e9aliser une fresque sur les murs de Geoffroy-Guichard. \u00ab L\u2019ASSE, ce n\u2019est pas seulement le pass\u00e9, mais pour bien grandir, il faut ancrer nos racines \u00bb, r\u00e9sume Chatonnier. L\u2019initiative a re\u00e7u le soutien de figures embl\u00e9matiques comme Michel Platini, Jean-Michel Larqu\u00e9 ou encore John Sivebaek, d\u00e9taille RMC Sport. Une reconnaissance qui donne du poids au mouvement. Et si l\u2019objectif des 150 000 \u20ac \u00e9tait d\u00e9pass\u00e9, l\u2019association promet de r\u00e9injecter l\u2019argent suppl\u00e9mentaire dans d\u2019autres projets populaires.<\/p>\n<p>Pour Chatonnier, cette r\u00e9volution symbolique ne vise pas \u00e0 renverser la gouvernance, mais \u00e0 renforcer le lien entre le club et son public : \u00ab C\u2019est ce sentiment d\u2019appartenance que nous voulons d\u00e9fendre. Les supporters ne seront pas un contre-pouvoir n\u00e9gatif mais un partenaire du club. On a h\u00e2te de passer de supporters \u00e0 supportacteurs \u00bb. D\u2019ici au 12 septembre, la balle est d\u00e9sormais dans le camp du Peuple Vert. Si les fonds sont r\u00e9unis, l\u2019entr\u00e9e des Socios Verts sera officialis\u00e9e en assembl\u00e9e g\u00e9n\u00e9rale, avec une signature pr\u00e9vue en pr\u00e9sence d\u2019Ivan Gazidis, pr\u00e9sident de l\u2019ASSE.<\/p>\n<p>Partagez cette info avec vos amis et vos proches en cliquant ici<br \/>Saint-\u00c9tienne : les supporters peuvent entrer dans le capital de l&rsquo;ASSE<\/p>\n<p>Pour moins de 20 euros, les supporters st\u00e9phanois peuvent devenir actionnaires de l\u2019AS Saint-\u00c9tienne. Une premi\u00e8re historique, officialis\u00e9e ce mardi par l\u2019association Socios Verts, valid\u00e9e par le conseil d\u2019administration du club.<\/p>\n<p> <img decoding=\"async\" width=\"76\" height=\"76\" loading=\"lazy\" src=\"https:\/\/static.wui.fr\/images_v3\/avatar-footnational.png\" alt=\"Matias Archambeau\"\/><\/p>\n","protected":false},"excerpt":{"rendered":"Zapping Foot National Les Petits Princes du Rocher, immersion dans le Groupe \u00c9lite de l\u2019AS Monaco ! \u00ab&hellip;\n","protected":false},"author":2,"featured_media":331188,"comment_status":"","ping_status":"","sticky":false,"template":"","format":"standard","meta":{"footnotes":""},"categories":[9653],"tags":[1111,11,2430,1777,674,1011,27,12,25,4001],"class_list":{"0":"post-331187","1":"post","2":"type-post","3":"status-publish","4":"format-standard","5":"has-post-thumbnail","7":"category-saint-etienne","8":"tag-actu","9":"tag-actualites","10":"tag-auvergne-rhone-alpes","11":"tag-eu","12":"tag-europe","13":"tag-fr","14":"tag-france","15":"tag-news","16":"tag-republique-francaise","17":"tag-saint-etienne"},"share_on_mastodon":{"url":"https:\/\/pubeurope.com\/@fr\/115060204085809393","error":""},"_links":{"self":[{"href":"https:\/\/www.europesays.com\/fr\/wp-json\/wp\/v2\/posts\/331187","targetHints":{"allow":["GET"]}}],"collection":[{"href":"https:\/\/www.europesays.com\/fr\/wp-json\/wp\/v2\/posts"}],"about":[{"href":"https:\/\/www.europesays.com\/fr\/wp-json\/wp\/v2\/types\/post"}],"author":[{"embeddable":true,"href":"https:\/\/www.europesays.com\/fr\/wp-json\/wp\/v2\/users\/2"}],"replies":[{"embeddable":true,"href":"https:\/\/www.europesays.com\/fr\/wp-json\/wp\/v2\/comments?post=331187"}],"version-history":[{"count":0,"href":"https:\/\/www.europesays.com\/fr\/wp-json\/wp\/v2\/posts\/331187\/revisions"}],"wp:featuredmedia":[{"embeddable":true,"href":"https:\/\/www.europesays.com\/fr\/wp-json\/wp\/v2\/media\/331188"}],"wp:attachment":[{"href":"https:\/\/www.europesays.com\/fr\/wp-json\/wp\/v2\/media?parent=331187"}],"wp:term":[{"taxonomy":"category","embeddable":true,"href":"https:\/\/www.europesays.com\/fr\/wp-json\/wp\/v2\/categories?post=331187"},{"taxonomy":"post_tag","embeddable":true,"href":"https:\/\/www.europesays.com\/fr\/wp-json\/wp\/v2\/tags?post=331187"}],"curies":[{"name":"wp","href":"https:\/\/api.w.org\/{rel}","templated":true}]}}