{"id":331191,"date":"2025-08-20T08:46:10","date_gmt":"2025-08-20T08:46:10","guid":{"rendered":"https:\/\/www.europesays.com\/fr\/331191\/"},"modified":"2025-08-20T08:46:10","modified_gmt":"2025-08-20T08:46:10","slug":"courtise-par-toulon-baptiste-jauneau-a-pris-sa-decision","status":"publish","type":"post","link":"https:\/\/www.europesays.com\/fr\/331191\/","title":{"rendered":"Courtis\u00e9 par Toulon, Baptiste Jauneau a pris sa d\u00e9cision !"},"content":{"rendered":"<p>L\u2019information est sign\u00e9e <a href=\"https:\/\/www.rugbyrama.fr\/2025\/08\/20\/transferts-top-14-info-midol-tres-sollicite-baptiste-jauneau-a-pris-sa-decision-sur-son-avenir-12884671.php\" rel=\"nofollow noopener\" target=\"_blank\">Midi Olympique<\/a> \u2013<\/p>\n<p>Le feuilleton de l\u2019\u00e9t\u00e9 a trouv\u00e9 son \u00e9pilogue. Courtis\u00e9 par plusieurs cadors du Top 14, <strong>Baptiste Jauneau<\/strong> (21 ans, 2 s\u00e9lections) a choisi de poursuivre son histoire avec l\u2019ASM Clermont Auvergne. Alors qu\u2019il arrivait en fin de contrat en juin 2026, le demi de m\u00eal\u00e9e va prolonger pour deux saisons suppl\u00e9mentaires, jusqu\u2019en 2028, avec une revalorisation salariale \u00e0 la cl\u00e9.<\/p>\n<p><strong>Toulon et l\u2019UBB en embuscade<\/strong><\/p>\n<p>L\u2019international tricolore, d\u00e9sign\u00e9 comme l\u2019un des grands espoirs du rugby fran\u00e7ais au poste de num\u00e9ro 9, suscitait de nombreuses convoitises. Bordeaux-B\u00e8gles voyait en lui le successeur de <strong>Maxime Lucu<\/strong>, tandis que Toulon avait r\u00e9cemment formul\u00e9 une offre concr\u00e8te pour pr\u00e9parer l\u2019apr\u00e8s-<strong>Baptiste Serin<\/strong>.<\/p>\n<p>Midi Olympique expliquait d\u2019ailleurs que le RCT avait effectu\u00e9 une tr\u00e8s grosse offre financi\u00e8re au Clermontois.<\/p>\n<p>Finalement, malgr\u00e9 l\u2019insistance du RCT, Jauneau a d\u00e9cid\u00e9 de rester fid\u00e8le \u00e0 son club formateur.<\/p>\n<p><strong>Un signal fort envoy\u00e9 par Clermont<\/strong><\/p>\n<p>Dans un contexte d\u00e9licat, apr\u00e8s plusieurs saisons marqu\u00e9es par des d\u00e9parts douloureux (Penaud, Cancoriet, Iturria, Fischer), l\u2019ASM montre qu\u2019elle est d\u00e9sormais capable de retenir ses talents majeurs. La direction voulait absolument verrouiller ce dossier jug\u00e9 <strong>\u00ab pr\u00e9sidentiel \u00bb<\/strong>, symbole du renouveau sportif et institutionnel.<\/p>\n<p>Capitaine \u00e0 seulement 21 ans sous les ordres de <strong>Christophe Urios<\/strong>, Jauneau incarne le pr\u00e9sent et l\u2019avenir du club auvergnat.<\/p>\n<p>Sa confirmation intervient alors que l\u2019ASM a retrouv\u00e9 les phases finales pour la premi\u00e8re fois en cinq ans. Elle redonne de l\u2019\u00e9lan \u00e0 une institution qui veut se reconstruire durablement.<\/p>\n<p><strong>Une attente forte du public<\/strong><\/p>\n<p>Pour les supporters du Michelin, cette nouvelle a tout d\u2019une bouff\u00e9e d\u2019air. Le maintien de Jauneau, n\u00e9o-international et figure du vestiaire, nourrit l\u2019espoir de revoir Clermont se battre pour les sommets du Top 14 et retrouver son lustre d\u2019antan.<\/p>\n<p>Cette d\u00e9cision de Baptiste Jauneau va-t-elle convaincre le RCT de verrouiller rapidement Baptiste Serin pour les saisons \u00e0 venir, lui qui verra son contrat arriver \u00e0 terme au mois de juin 2026 ?<\/p>\n<p><strong>Affaire \u00e0 suivre\u2026<\/strong><\/p>\n<p>\u00a0<\/p>\n","protected":false},"excerpt":{"rendered":"L\u2019information est sign\u00e9e Midi Olympique \u2013 Le feuilleton de l\u2019\u00e9t\u00e9 a trouv\u00e9 son \u00e9pilogue. Courtis\u00e9 par plusieurs cadors&hellip;\n","protected":false},"author":2,"featured_media":310687,"comment_status":"","ping_status":"","sticky":false,"template":"","format":"standard","meta":{"footnotes":""},"categories":[9619],"tags":[1111,11,1777,674,1011,27,12,882,25,2310],"class_list":{"0":"post-331191","1":"post","2":"type-post","3":"status-publish","4":"format-standard","5":"has-post-thumbnail","7":"category-toulon","8":"tag-actu","9":"tag-actualites","10":"tag-eu","11":"tag-europe","12":"tag-fr","13":"tag-france","14":"tag-news","15":"tag-provence-alpes-cote-dazur","16":"tag-republique-francaise","17":"tag-toulon"},"share_on_mastodon":{"url":"https:\/\/pubeurope.com\/@fr\/115060223987894321","error":""},"_links":{"self":[{"href":"https:\/\/www.europesays.com\/fr\/wp-json\/wp\/v2\/posts\/331191","targetHints":{"allow":["GET"]}}],"collection":[{"href":"https:\/\/www.europesays.com\/fr\/wp-json\/wp\/v2\/posts"}],"about":[{"href":"https:\/\/www.europesays.com\/fr\/wp-json\/wp\/v2\/types\/post"}],"author":[{"embeddable":true,"href":"https:\/\/www.europesays.com\/fr\/wp-json\/wp\/v2\/users\/2"}],"replies":[{"embeddable":true,"href":"https:\/\/www.europesays.com\/fr\/wp-json\/wp\/v2\/comments?post=331191"}],"version-history":[{"count":0,"href":"https:\/\/www.europesays.com\/fr\/wp-json\/wp\/v2\/posts\/331191\/revisions"}],"wp:featuredmedia":[{"embeddable":true,"href":"https:\/\/www.europesays.com\/fr\/wp-json\/wp\/v2\/media\/310687"}],"wp:attachment":[{"href":"https:\/\/www.europesays.com\/fr\/wp-json\/wp\/v2\/media?parent=331191"}],"wp:term":[{"taxonomy":"category","embeddable":true,"href":"https:\/\/www.europesays.com\/fr\/wp-json\/wp\/v2\/categories?post=331191"},{"taxonomy":"post_tag","embeddable":true,"href":"https:\/\/www.europesays.com\/fr\/wp-json\/wp\/v2\/tags?post=331191"}],"curies":[{"name":"wp","href":"https:\/\/api.w.org\/{rel}","templated":true}]}}