{"id":331195,"date":"2025-08-20T08:49:18","date_gmt":"2025-08-20T08:49:18","guid":{"rendered":"https:\/\/www.europesays.com\/fr\/331195\/"},"modified":"2025-08-20T08:49:18","modified_gmt":"2025-08-20T08:49:18","slug":"square-fest-un-festival-entre-art-et-musique","status":"publish","type":"post","link":"https:\/\/www.europesays.com\/fr\/331195\/","title":{"rendered":"Square Fest : un festival entre art et musique"},"content":{"rendered":"<p class=\"chapo\">Le samedi 30 ao\u00fbt, profitez de Square Fest dans les Jardins aquatiques de Petit-Couronne. Un festival gratuit qui mise sur l&rsquo;\u00e9cologie et les artistes locaux.\u00a0<\/p>\n<p>Square Fest s&rsquo;installe dans les Jardins aquatiques de Petit-Couronne, le samedi 30 ao\u00fbt de 14h \u00e0 1h du matin. Le festival, gratuit, est un rendez-vous pour d\u00e9couvrir, partager et c\u00e9l\u00e9brer ensemble la richesse musicale, culturelle et artistique du territoire. Deux sc\u00e8nes de musique et un village d&rsquo;artistes exposants &#8211; peinture, gravure, body painting, fresques, happenings &#8211; vous attendent pour une journ\u00e9e festive, artistique et conviviale. \u00a0<br \/>\u00a0<\/p>\n<p><strong>Au programme<\/strong><\/p>\n<p><strong>Zul&rsquo;Babu<\/strong><br \/>15h30-16h30 &#8211; Sc\u00e8ne jardin<br \/>Au travers de compositions originales, ce multi-instrumentiste vous partage sa passion pour les musiques venues d\u2019ailleurs.<\/p>\n<p><strong>Gogo Juice<\/strong><br \/>16h30-17h30 &#8211; Sc\u00e8ne amphith\u00e9\u00e2tre<br \/>L&rsquo;univers de Gogo Juice est plut\u00f4t du style \u00e0 mettre une ambiance explosive et offrir un post pop-punk envo\u00fbtant.<\/p>\n<p><strong>Les Racines du ciel<\/strong><br \/>17h30-18h15 &#8211; Sc\u00e8ne jardin<br \/>Des rythmes dansants et des m\u00e9lodies festives cr\u00e9ent un cocktail doux et \u00e9nerg\u00e9tique.<\/p>\n<p><strong>Moo Box<\/strong><br \/>18h15-19h &#8211; Sc\u00e8ne amphith\u00e9\u00e2tre<br \/>Ce groupe rouennais vous donne rendez-vous pour un concert d\u00e9complex\u00e9, extraverti et entrainant.<\/p>\n<p><strong>Douche<\/strong><br \/>19h-19h45 &#8211; Sc\u00e8ne jardin<br \/>Les trois musiciens puisent leur inspiration \u00e0 la crois\u00e9e du rock garage et de la pop.<\/p>\n<p><strong>Delilah&rsquo;s Dance<\/strong><br \/>19h45-20h45 &#8211; Sc\u00e8ne amphith\u00e9\u00e2tre<br \/>Slalomant entre rock progressif et ambiant parfois \u00e0 la limite de l&rsquo;exp\u00e9rimental, les Rouennais de Delilah&rsquo;s Dance fa\u00e7onnent un son aussi r\u00e9tro qu&rsquo;ultra actuel.<\/p>\n<p><strong>Akinroots<\/strong><br \/>20h45-21h45 &#8211; Sc\u00e8ne jardin<br \/>Un trio jazz-fusion dynamique m\u00ealant jazz, funk, rythmes ouest-africains et \u00e9l\u00e9ments \u00e9lectroniques.<\/p>\n<p><strong>Doorshan<\/strong><br \/>21h45-22h45 &#8211; Sc\u00e8ne amphith\u00e9\u00e2tre<br \/>Ce groupe de rock \u00e9lectro est un concentr\u00e9 d&rsquo;\u00e9nergie \u00e0 l&rsquo;\u00e9tat pur.<\/p>\n<p><strong>Moralia<\/strong><br \/>22h45-0h30 &#8211; Sc\u00e8ne jardin<br \/>Un DJ pour terminer en beaut\u00e9 cette troisi\u00e8me ann\u00e9e du Festival. Moralia vous promet une fin de soir\u00e9e dansante et endiabl\u00e9e.<br \/>\u00a0<\/p>\n<p><a href=\"https:\/\/contactsquarefest.wixsite.com\/square-fest\" rel=\"nofollow noopener\" target=\"_blank\"><strong>Plus d&rsquo;infos<\/strong><\/a><\/p>\n<p>\u00a0<\/p>\n<p>\u00a0<\/p>\n<p>\u00a0<\/p>\n<p>\u00a0<\/p>\n<p>\u00a0<\/p>\n<p>\u00a0<\/p>\n","protected":false},"excerpt":{"rendered":"Le samedi 30 ao\u00fbt, profitez de Square Fest dans les Jardins aquatiques de Petit-Couronne. Un festival gratuit qui&hellip;\n","protected":false},"author":2,"featured_media":331196,"comment_status":"","ping_status":"","sticky":false,"template":"","format":"standard","meta":{"footnotes":""},"categories":[9587],"tags":[1111,11,1777,674,1011,27,12,5161,25,9590],"class_list":{"0":"post-331195","1":"post","2":"type-post","3":"status-publish","4":"format-standard","5":"has-post-thumbnail","7":"category-rouen","8":"tag-actu","9":"tag-actualites","10":"tag-eu","11":"tag-europe","12":"tag-fr","13":"tag-france","14":"tag-news","15":"tag-normandie","16":"tag-republique-francaise","17":"tag-rouen"},"share_on_mastodon":{"url":"https:\/\/pubeurope.com\/@fr\/115060235833778392","error":""},"_links":{"self":[{"href":"https:\/\/www.europesays.com\/fr\/wp-json\/wp\/v2\/posts\/331195","targetHints":{"allow":["GET"]}}],"collection":[{"href":"https:\/\/www.europesays.com\/fr\/wp-json\/wp\/v2\/posts"}],"about":[{"href":"https:\/\/www.europesays.com\/fr\/wp-json\/wp\/v2\/types\/post"}],"author":[{"embeddable":true,"href":"https:\/\/www.europesays.com\/fr\/wp-json\/wp\/v2\/users\/2"}],"replies":[{"embeddable":true,"href":"https:\/\/www.europesays.com\/fr\/wp-json\/wp\/v2\/comments?post=331195"}],"version-history":[{"count":0,"href":"https:\/\/www.europesays.com\/fr\/wp-json\/wp\/v2\/posts\/331195\/revisions"}],"wp:featuredmedia":[{"embeddable":true,"href":"https:\/\/www.europesays.com\/fr\/wp-json\/wp\/v2\/media\/331196"}],"wp:attachment":[{"href":"https:\/\/www.europesays.com\/fr\/wp-json\/wp\/v2\/media?parent=331195"}],"wp:term":[{"taxonomy":"category","embeddable":true,"href":"https:\/\/www.europesays.com\/fr\/wp-json\/wp\/v2\/categories?post=331195"},{"taxonomy":"post_tag","embeddable":true,"href":"https:\/\/www.europesays.com\/fr\/wp-json\/wp\/v2\/tags?post=331195"}],"curies":[{"name":"wp","href":"https:\/\/api.w.org\/{rel}","templated":true}]}}