{"id":331197,"date":"2025-08-20T08:50:14","date_gmt":"2025-08-20T08:50:14","guid":{"rendered":"https:\/\/www.europesays.com\/fr\/331197\/"},"modified":"2025-08-20T08:50:14","modified_gmt":"2025-08-20T08:50:14","slug":"slm-le-programme-de-lintersaison","status":"publish","type":"post","link":"https:\/\/www.europesays.com\/fr\/331197\/","title":{"rendered":"SLM &#8211; Le programme de l&rsquo;intersaison"},"content":{"rendered":"<p>\u00a0<\/p>\n<p>Les clubs de Synerglace Ligue Magnus ont d\u00e9voil\u00e9 leur programme des matchs amicaux avant la reprise programm\u00e9e au 12 septembre ! D\u00e9couvrez toutes les affiches de l\u2019\u00e9t\u00e9<\/p>\n<p style=\"text-align: right;\"><strong>Cr\u00e9dit\u00a0 photo :\u00a0 St\u00e9phane Heude<\/strong><\/p>\n<ul>\n<li><strong><strong><strong><strong><strong><strong>Gothiques d\u2019Amiens<\/strong><\/strong><\/strong><\/strong><\/strong><\/strong>\n<ul>\n<li>Samedi 23 ao\u00fbt : Krefeld (DEU)\u00a0 \u2013 <strong>Amiens\u00a0<\/strong><\/li>\n<li>Dimanche 24 ao\u00fbt : Duisburg (DEU) \u2013 <strong>Amiens<\/strong><\/li>\n<li>Samedi 30 ao\u00fbt : Guildford (ANG) \u2013\u00a0<strong>Amiens\u00a0<\/strong><\/li>\n<li>Dimanche 31 ao\u00fbt : Nottingham (ANG) \u2013\u00a0<strong>Amiens<\/strong><\/li>\n<li>Vendredi 5 septembre \u00e0 20h30 : Cergy-Pontoise \u2013 <strong>Amiens<\/strong><\/li>\n<li>Dimanche 7 septembre : Rouen \u2013\u00a0<strong>Amiens<br \/><\/strong><\/li>\n<\/ul>\n<\/li>\n<\/ul>\n<blockquote class=\"twitter-tweet\">\n<p dir=\"ltr\" lang=\"fr\">Les Gothiques affronteront les Jokers de Cergy-Pontoise et les Dragons de Rouen pour terminer leur pr\u00e9paration avant de retrouver la Synerglace Ligue Magnus \ud83d\udcaa<a href=\"https:\/\/twitter.com\/hashtag\/wearegothiques?src=hash&amp;ref_src=twsrc%5Etfw\" rel=\"nofollow noopener\" target=\"_blank\">#wearegothiques<\/a> <a href=\"https:\/\/t.co\/H760LIwG0a\" rel=\"nofollow\">pic.twitter.com\/H760LIwG0a<\/a><\/p>\n<p>\u2014 Gothiques d\u2019Amiens (@Gothiques_AHE) <a href=\"https:\/\/twitter.com\/Gothiques_AHE\/status\/1934287284595028438?ref_src=twsrc%5Etfw\" rel=\"nofollow noopener\" target=\"_blank\">June 15, 2025<\/a><\/p>\n<\/blockquote>\n<ul>\n<li><strong><strong><strong><strong><strong><strong>Ducs d\u2019Angers<\/strong><\/strong><\/strong><\/strong><\/strong><\/strong>\n<ul>\n<li>Vendredi 15 ao\u00fbt \u00e0 16h00 : Rouen <strong>5-2<\/strong> <strong>Angers<\/strong><\/li>\n<li>Vendredi 22 ao\u00fbt \u00e0 20h30 :\u00a0<strong>Angers\u00a0<\/strong>\u2013 Cergy-Pontoise<\/li>\n<li>Mardi 26 ao\u00fbt \u00e0 20h30 :\u00a0<strong>Angers\u00a0<\/strong>\u2013 Universit\u00e9 de Trois-Rivi\u00e8res (CAN)<\/li>\n<li>Vendredi 29 ao\u00fbt \u00e0 20h30 :\u00a0<strong>Angers\u00a0<\/strong>\u2013 Rouen<\/li>\n<li>Dimanche 31 ao\u00fbt \u00e0 16h00 : Cergy-Pontoise \u2013 <strong>Angers<\/strong><\/li>\n<li>Vendredi 5 septembre \u00e0 20h15 : Bordeaux \u2013\u00a0<strong>Angers<\/strong><\/li>\n<li>Dimanche 7 septembre :\u00a0<strong>Angers\u00a0<\/strong>\u2013 Bordeaux<\/li>\n<\/ul>\n<\/li>\n<\/ul>\n<blockquote class=\"instagram-media\" style=\"background: #FFF; border: 0; border-radius: 3px; box-shadow: 0 0 1px 0 rgba(0,0,0,0.5),0 1px 10px 0 rgba(0,0,0,0.15); margin: 1px; max-width: 540px; min-width: 326px; padding: 0; width: calc(100% - 2px);\" data-instgrm-captioned=\"\" data-instgrm-permalink=\"https:\/\/www.instagram.com\/p\/DKwFrb0o9hO\/?utm_source=ig_embed&amp;utm_campaign=loading\" data-instgrm-version=\"14\">\n<\/blockquote>\n<ul>\n<li><strong><strong><strong>Anglet Hormadi Pays Basque<\/strong><\/strong><\/strong>\n<ul>\n<li>Vendredi 22 ao\u00fbt \u00e0 20h00 :\u00a0<strong>Anglet\u00a0<\/strong>\u2013 Bordeaux<\/li>\n<li>Dimanche 24 ao\u00fbt \u00e0 20h15 : Bordeaux \u2013\u00a0<strong>Anglet<\/strong><\/li>\n<li>Vendredi 29 ao\u00fbt \u00e0 18h30 :\u00a0<strong>Anglet\u00a0<\/strong>\u2013 Brian\u00e7on<\/li>\n<li>Samedi 30 ao\u00fbt \u00e0 18h30 :\u00a0<strong>Anglet\u00a0<\/strong>\u2013 Brian\u00e7on<\/li>\n<\/ul>\n<\/li>\n<\/ul>\n<blockquote class=\"twitter-tweet\">\n<p dir=\"ltr\" lang=\"fr\">\ud835\udc0b\ud835\udc1e \ud835\udc1c\ud835\udc1a\ud835\udc25\ud835\udc1e\ud835\udc27\ud835\udc1d\ud835\udc2b\ud835\udc22\ud835\udc1e\ud835\udc2b \ud835\udc1d\ud835\udc1e \ud835\udc25\ud835\udc1a \ud835\udc29\ud835\udc2b\ud835\udc1e\u0301\ud835\udc29\ud835\udc1a\u2019 !\ud83e\udee1<\/p>\n<p>Alors que le camp d\u2019entra\u00eenement d\u00e9butera le lundi 11 ao\u00fbt, d\u00e9couvrez les quatre matchs de pr\u00e9paration de nos Angloys avant la reprise du championnat le 12 septembre !\ud83d\udc4a<a href=\"https:\/\/twitter.com\/hashtag\/GoHormadi?src=hash&amp;ref_src=twsrc%5Etfw\" rel=\"nofollow noopener\" target=\"_blank\">#GoHormadi<\/a> | <a href=\"https:\/\/twitter.com\/hashtag\/JoTaKeIrabaziArte?src=hash&amp;ref_src=twsrc%5Etfw\" rel=\"nofollow noopener\" target=\"_blank\">#JoTaKeIrabaziArte<\/a> <a href=\"https:\/\/t.co\/imfbLW3vJJ\" rel=\"nofollow\">pic.twitter.com\/imfbLW3vJJ<\/a><\/p>\n<p>\u2014 Anglet Hormadi Pays Basque (@anglet_hormadi) <a href=\"https:\/\/twitter.com\/anglet_hormadi\/status\/1941165106701783369?ref_src=twsrc%5Etfw\" rel=\"nofollow noopener\" target=\"_blank\">July 4, 2025<\/a><\/p>\n<\/blockquote>\n<ul>\n<li><strong><strong><strong><strong>Boxers de Bordeaux<\/strong><\/strong><\/strong><\/strong>\n<ul>\n<li>Vendredi 22 ao\u00fbt \u00e0 20h00 : Anglet \u2013\u00a0<strong> Bordeaux<\/strong><\/li>\n<li>Dimanche 24 ao\u00fbt \u00e0 20h15 :\u00a0<strong>Bordeaux\u00a0<\/strong>\u2013 Anglet<\/li>\n<li>Vendredi 29 ao\u00fbt : Gap \u2013\u00a0<strong>Bordeaux |<\/strong>\u00a0Rap\u2019Ice Cup<\/li>\n<li>Samedi 30 ao\u00fbt :\u00a0Nice- <strong>Bordeaux | <\/strong>Rap\u2019Ice Cup<\/li>\n<li>Vendredi 5 septembre \u00e0 20h15 : Bordeaux \u2013\u00a0<strong>Angers<\/strong><\/li>\n<li>Dimanche 7 septembre :\u00a0<strong>Angers\u00a0<\/strong>\u2013 Bordeaux<\/li>\n<\/ul>\n<\/li>\n<\/ul>\n<ul>\n<li><strong><strong><strong>Diables Rouges de Brian\u00e7on<\/strong><\/strong><\/strong>\n<ul>\n<li>Vendredi 22 ao\u00fbt : Nice \u2013\u00a0<strong>Brian\u00e7on<\/strong><\/li>\n<li>Vendredi 29 ao\u00fbt \u00e0 18h30 : Anglet \u2013 <strong>Brian\u00e7on<\/strong><\/li>\n<li>Samedi 30 ao\u00fbt \u00e0 18h30 : Anglet \u2013 <strong>Brian\u00e7on<\/strong><\/li>\n<li>Jeudi 4 septembre :\u00a0<strong>Brian\u00e7on\u00a0<\/strong>\u2013 Nice<\/li>\n<li>Vendredi 5 septembre : Valpellice (ITA) \u2013 <strong>Brian\u00e7on<\/strong><\/li>\n<li>Samedi 6 septembre : Varese (ITA) \u2013\u00a0<strong>Brian\u00e7on<\/strong>, \u00e0 Valpellice (ITA)<\/li>\n<\/ul>\n<\/li>\n<\/ul>\n<blockquote class=\"instagram-media\" style=\"background: #FFF; border: 0; border-radius: 3px; box-shadow: 0 0 1px 0 rgba(0,0,0,0.5),0 1px 10px 0 rgba(0,0,0,0.15); margin: 1px; max-width: 540px; min-width: 326px; padding: 0; width: calc(100% - 2px);\" data-instgrm-captioned=\"\" data-instgrm-permalink=\"https:\/\/www.instagram.com\/p\/DMxsRk9t3-x\/?utm_source=ig_embed&amp;utm_campaign=loading\" data-instgrm-version=\"14\">\n<\/blockquote>\n<ul>\n<li><strong><strong><strong>Jokers de Cergy-Pontoise<\/strong><\/strong><\/strong>\n<ul>\n<li>Vendredi 22 ao\u00fbt \u00e0 20h30 : Angers \u2013\u00a0<strong>Cergy-Pontoise\u00a0<\/strong><\/li>\n<li>Mardi 26 ao\u00fbt \u00e0 20h00 :\u00a0<strong>Cergy-Pontoise \u2013\u00a0<\/strong>Rouen<\/li>\n<li>Vendredi 29 ao\u00fbt \u00e0 20h00 : <strong>Cergy-Pontoise\u00a0<\/strong>\u2013 Universit\u00e9 de Trois-Rivi\u00e8res (CAN)<\/li>\n<li>Dimanche 31 ao\u00fbt \u00e0 16h00 :\u00a0<strong>Cergy-Pontoise\u00a0<\/strong>\u2013 Angers<\/li>\n<li>Vendredi 5 septembre \u00e0 20h30 :\u00a0<strong>Cergy-Pontoise\u00a0<\/strong>\u2013 Amiens<\/li>\n<\/ul>\n<\/li>\n<li style=\"list-style-type: none;\"\/>\n<\/ul>\n<\/p>\n<ul>\n<li><strong><strong>Pionniers de Chamonix<\/strong><\/strong>\n<ul>\n<li>Mercredi 16 juillet \u00e0 20h00 : <strong>Chamonix<\/strong> \u2013 S\u00e9lection Mont-Blanc<\/li>\n<li>Mercredi 23 juillet \u00e0 20h00 : <strong>Chamonix<\/strong> \u2013 S\u00e9lection Mont-Blanc<\/li>\n<li>Mercredi 30 juillet \u00e0 20h00 : <strong>Chamonix<\/strong> \u2013 S\u00e9lection Mont-Blanc<\/li>\n<li>Jeudi 7 ao\u00fbt \u00e0 20h00 : <strong>Chamonix<\/strong> \u2013 S\u00e9lection Mont-Blanc<\/li>\n<li>Mardi 12 ao\u00fbt \u00e0 21h00 : <strong>Chamonix<\/strong> <strong>3-2<\/strong> Sierre (SUI)<\/li>\n<li>Vendredi 15 ao\u00fbt \u00e0 20h00 : <strong>Chamonix<\/strong> <strong>2-5 Grenoble<\/strong><\/li>\n<li>Mercredi 20 ao\u00fbt \u00e0 20h00 : <strong>Chamonix<\/strong> \u2013 S\u00e9lection Mont-Blanc<\/li>\n<li>Jeudi 28 ao\u00fbt \u00e0 20h00 : <strong>Chamonix<\/strong> \u2013 Olten (SUI)<\/li>\n<li>Jeudi 4 septembre \u00e0 20h00 : <strong>Chamonix<\/strong> \u2013 Vi\u00e8ge (SUI)<\/li>\n<\/ul>\n<\/li>\n<\/ul>\n<blockquote class=\"twitter-tweet\">\n<p dir=\"ltr\" lang=\"fr\">\ud835\udc05\ud835\udc08\ud835\udc0d \ud835\udc03\ud835\udc14 \ud835\udc0c\ud835\udc00\ud835\udc13\ud835\udc02\ud835\udc07<\/p>\n<p>\u2705VICTOIRE3\ufe0f\u20e3 \u00e0 2\ufe0f\u20e3 devant une patinoire Richard Bozon pleine !<\/p>\n<p>Men\u00e9s, nos hommes ont renvers\u00e9 la vapeur (Kivinen &amp; Tugnutt), avant de s\u2019imposer en prolongation sur un but d\u2019Albin Thyni Johansson.<\/p>\n<p>\ud83d\udd1c RDV vendredi face aux <a href=\"https:\/\/twitter.com\/bruleursdeloups?ref_src=twsrc%5Etfw\" rel=\"nofollow noopener\" target=\"_blank\">@bruleursdeloups<\/a> !<a href=\"https:\/\/twitter.com\/hashtag\/GoPionniers?src=hash&amp;ref_src=twsrc%5Etfw\" rel=\"nofollow noopener\" target=\"_blank\">#GoPionniers<\/a> <a href=\"https:\/\/t.co\/EM1dFEnaKX\" rel=\"nofollow\">pic.twitter.com\/EM1dFEnaKX<\/a><\/p>\n<p>\u2014 Pionniers Chamonix (@PionniersHockey) <a href=\"https:\/\/twitter.com\/PionniersHockey\/status\/1955384782562738199?ref_src=twsrc%5Etfw\" rel=\"nofollow noopener\" target=\"_blank\">August 12, 2025<\/a><\/p>\n<\/blockquote>\n<ul>\n<li><strong><strong>Rapaces de Gap<\/strong><\/strong>\n<ul>\n<li>Samedi 16 ao\u00fbt : Cardiff Devils (GBR) <strong>5-1 Gap<\/strong><\/li>\n<li>Dimanche 17 ao\u00fbt : Cardiff Devils (GBR) <strong>5-1<\/strong> <strong>Gap<\/strong><\/li>\n<li>Samedi 23 ao\u00fbt :\u00a0<strong>Gap\u00a0<\/strong>\u2013 Marseille | Riviera Cup<\/li>\n<li>Vendredi 29 ao\u00fbt :\u00a0<strong>Gap\u00a0<\/strong>\u2013 Bordeaux | Rap\u2019Ice Cup<\/li>\n<li>Dimanche 31 ao\u00fbt : <strong>Gap\u00a0<\/strong>\u2013 Nice | Rap\u2019Ice Cup<\/li>\n<li>Samedi 6 septembre : Marseille \u2013\u00a0<strong> Gap<\/strong><\/li>\n<li>Dimanche 7 septembre : Nice \u2013\u00a0<strong>Gap\u00a0<\/strong><\/li>\n<\/ul>\n<\/li>\n<\/ul>\n<blockquote class=\"instagram-media\" style=\"background: #FFF; border: 0; border-radius: 3px; box-shadow: 0 0 1px 0 rgba(0,0,0,0.5),0 1px 10px 0 rgba(0,0,0,0.15); margin: 1px; max-width: 540px; min-width: 326px; padding: 0; width: calc(100% - 2px);\" data-instgrm-captioned=\"\" data-instgrm-permalink=\"https:\/\/www.instagram.com\/p\/DL7262Hhveo\/?utm_source=ig_embed&amp;utm_campaign=loading\" data-instgrm-version=\"14\">\n<\/blockquote>\n<ul>\n<li><strong><strong>Br\u00fbleurs de Loups de Grenoble<\/strong><\/strong>\n<ul>\n<li>Vendredi 15 ao\u00fbt \u00e0 20h00 : Chamonix <strong>2-5<\/strong>\u00a0<strong> Grenoble<\/strong><\/li>\n<li>Mardi 19 ao\u00fbt : Fribourg-Gott\u00e9ron (SUI) <strong>2-1prl<\/strong> <strong>Grenoble<\/strong><\/li>\n<li>Mercredi 20 ao\u00fbt : Gen\u00e8ve-Servette (SUI)\u00a0 \u2013\u00a0<strong>Grenoble<\/strong><\/li>\n<li>Samedi 23 ao\u00fbt \u00e0 20h00 :\u00a0<strong>Grenoble\u00a0<\/strong>\u2013 Chamonix<\/li>\n<\/ul>\n<\/li>\n<\/ul>\n<ul>\n<li><strong><strong>Spartiates de Marseille<\/strong><\/strong>\n<ul>\n<li>Samedi 23 ao\u00fbt \u00e0 20h00 : Gap \u2013 <strong>Marseille |\u00a0<\/strong>Riviera Cup<\/li>\n<li>Dimanche 24 ao\u00fbt \u00e0 19h00 : Nice \u2013\u00a0<strong>Marseille\u00a0<\/strong>| Riviera Cup<\/li>\n<li>Vendredi 29 ao\u00fbt : Glasgow Clan (GBR) \u2013\u00a0<strong>Marseille<\/strong><\/li>\n<li>Samedi 30 ao\u00fbt : Glasgow Clan (GBR) \u2013\u00a0<strong>Marseille<\/strong><\/li>\n<li>Samedi 6 septembre : <strong>Marseille<\/strong> \u2013 Gap<\/li>\n<\/ul>\n<\/li>\n<\/ul>\n<blockquote class=\"twitter-tweet\">\n<p dir=\"ltr\" lang=\"fr\">\ud835\udc73\ud835\udc82 \ud835\udc91\ud835\udc93\ud835\udc86\u0301\ud835\udc91\ud835\udc82 \ud835\udc85\ud835\udc86 \ud835\udc8f\ud835\udc90\ud835\udc94 \ud835\udc7a\ud835\udc91\ud835\udc82\ud835\udc93\ud835\udc95\ud835\udc8a\ud835\udc82\ud835\udc95\ud835\udc86\ud835\udc94 ! \u2694\ufe0f<\/p>\n<p>Apr\u00e8s la reprise des entrainements le 11 ao\u00fbt, nos joueurs partiront en voyage \u00e0 Gap, Nice et Glasgow avant de revenir \u00e0 Marseille ! \ud83d\udd25<\/p>\n<p>\ud83d\uddd3\ufe0f Rendez-vous le samedi 06 septembre \u00e0 20h pour l\u2019unique match de pr\u00e9-saison au temple\u2026 <a href=\"https:\/\/t.co\/TlrKz3cJCQ\" rel=\"nofollow\">pic.twitter.com\/TlrKz3cJCQ<\/a><\/p>\n<p>\u2014 Spartiates de Marseille (@SpartsMarseille) <a href=\"https:\/\/twitter.com\/SpartsMarseille\/status\/1940409010408001549?ref_src=twsrc%5Etfw\" rel=\"nofollow noopener\" target=\"_blank\">July 2, 2025<\/a><\/p>\n<\/blockquote>\n<ul>\n<li><strong><strong>Aigles de Nice<\/strong><\/strong>\n<ul>\n<li>Vendredi 22 ao\u00fbt :\u00a0<strong>Nice<\/strong> \u2013 Brian\u00e7on<\/li>\n<li>Dimanche 24 ao\u00fbt \u00e0 19h00 : <strong>Nice<\/strong> \u2013 Marseille | Riviera Cup<\/li>\n<li>Samedi 30 ao\u00fbt :\u00a0<strong>Nice <\/strong>\u2013 Bordeaux<strong> | <\/strong>Rap\u2019Ice Cup<\/li>\n<li>Dimanche 31 ao\u00fbt : Gap- <strong>Nice<\/strong> | Rap\u2019Ice Cup<\/li>\n<li>Dimanche 7 septembre : <strong>Nice<\/strong> \u2013\u00a0Gap<\/li>\n<\/ul>\n<\/li>\n<\/ul>\n<p>\u00a0<\/p>\n<ul>\n<li><strong><strong><strong>Dragons de Rouen<\/strong><\/strong><\/strong>\n<ul>\n<li>Vendredi 15 ao\u00fbt \u00e0 16h00 :\u00a0<strong>Rouen\u00a05-2<\/strong> Angers<\/li>\n<li>Dimanche 17 ao\u00fbt : Ajoie (SUI) <strong>5-3<\/strong> <strong>Rouen<\/strong><\/li>\n<li>Lundi 18 ao\u00fbt : La Chaux-de-Fonds (SUI) <strong>2-4<\/strong>\u00a0<strong>Rouen\u00a0<\/strong><\/li>\n<li>Samedi 23 ao\u00fbt :\u00a0<strong>Rouen\u00a0<\/strong>\u2013 Universit\u00e9 de Trois-Rivi\u00e8res (CAN)<\/li>\n<li>Mardi 26 ao\u00fbt \u00e0 20h30 : Cergy-Pontoise \u2013\u00a0<strong>Rouen<\/strong><\/li>\n<li>Vendredi 29 ao\u00fbt \u00e0 20h30 : Angers \u2013\u00a0<strong>Rouen<\/strong><\/li>\n<li>Dimanche 7 septembre :\u00a0<strong>Rouen\u00a0<\/strong>\u2013 Amiens<\/li>\n<\/ul>\n<\/li>\n<li style=\"list-style-type: none;\"\/>\n<\/ul>\n<blockquote class=\"twitter-tweet\">\n<p dir=\"ltr\" lang=\"fr\">\ud83c\udfc6 Victoire des Dragons !<\/p>\n<p>Premier test r\u00e9ussi pour nos Jaune et Noir qui s\u2019imposent avec autorit\u00e9 face aux Ducs d\u2019Angers.<\/p>\n<p>Rouen 5 \u2013 2 Angers<\/p>\n<p>Un succ\u00e8s qui lance parfaitement cette pr\u00e9paration \u00e0 domicile devant un public d\u00e9j\u00e0 bouillant \u00e0 l\u2019\u00cele Lacroix \ud83d\udc09\ud83d\udc9b\ud83d\udda4<a href=\"https:\/\/twitter.com\/hashtag\/godragons?src=hash&amp;ref_src=twsrc%5Etfw\" rel=\"nofollow noopener\" target=\"_blank\">#godragons<\/a>\ud83d\udc32 <a href=\"https:\/\/t.co\/UMu4J0SXX9\" rel=\"nofollow\">pic.twitter.com\/UMu4J0SXX9<\/a><\/p>\n<p>\u2014 Dragons de Rouen (@DragonsdeRouen) <a href=\"https:\/\/twitter.com\/DragonsdeRouen\/status\/1956391986702745781?ref_src=twsrc%5Etfw\" rel=\"nofollow noopener\" target=\"_blank\">August 15, 2025<\/a><\/p>\n<\/blockquote>\n<p>                            <script async src=\"https:\/\/platform.twitter.com\/widgets.js\" charset=\"utf-8\"><\/script><script async src=\"\/\/www.instagram.com\/embed.js\"><\/script><\/p>\n","protected":false},"excerpt":{"rendered":"\u00a0 Les clubs de Synerglace Ligue Magnus ont d\u00e9voil\u00e9 leur programme des matchs amicaux avant la reprise programm\u00e9e&hellip;\n","protected":false},"author":2,"featured_media":331198,"comment_status":"","ping_status":"","sticky":false,"template":"","format":"standard","meta":{"footnotes":""},"categories":[9587],"tags":[1111,11,1777,674,1011,27,12,5161,25,9590],"class_list":{"0":"post-331197","1":"post","2":"type-post","3":"status-publish","4":"format-standard","5":"has-post-thumbnail","7":"category-rouen","8":"tag-actu","9":"tag-actualites","10":"tag-eu","11":"tag-europe","12":"tag-fr","13":"tag-france","14":"tag-news","15":"tag-normandie","16":"tag-republique-francaise","17":"tag-rouen"},"share_on_mastodon":{"url":"https:\/\/pubeurope.com\/@fr\/115060239437495702","error":""},"_links":{"self":[{"href":"https:\/\/www.europesays.com\/fr\/wp-json\/wp\/v2\/posts\/331197","targetHints":{"allow":["GET"]}}],"collection":[{"href":"https:\/\/www.europesays.com\/fr\/wp-json\/wp\/v2\/posts"}],"about":[{"href":"https:\/\/www.europesays.com\/fr\/wp-json\/wp\/v2\/types\/post"}],"author":[{"embeddable":true,"href":"https:\/\/www.europesays.com\/fr\/wp-json\/wp\/v2\/users\/2"}],"replies":[{"embeddable":true,"href":"https:\/\/www.europesays.com\/fr\/wp-json\/wp\/v2\/comments?post=331197"}],"version-history":[{"count":0,"href":"https:\/\/www.europesays.com\/fr\/wp-json\/wp\/v2\/posts\/331197\/revisions"}],"wp:featuredmedia":[{"embeddable":true,"href":"https:\/\/www.europesays.com\/fr\/wp-json\/wp\/v2\/media\/331198"}],"wp:attachment":[{"href":"https:\/\/www.europesays.com\/fr\/wp-json\/wp\/v2\/media?parent=331197"}],"wp:term":[{"taxonomy":"category","embeddable":true,"href":"https:\/\/www.europesays.com\/fr\/wp-json\/wp\/v2\/categories?post=331197"},{"taxonomy":"post_tag","embeddable":true,"href":"https:\/\/www.europesays.com\/fr\/wp-json\/wp\/v2\/tags?post=331197"}],"curies":[{"name":"wp","href":"https:\/\/api.w.org\/{rel}","templated":true}]}}