{"id":331199,"date":"2025-08-20T08:53:12","date_gmt":"2025-08-20T08:53:12","guid":{"rendered":"https:\/\/www.europesays.com\/fr\/331199\/"},"modified":"2025-08-20T08:53:12","modified_gmt":"2025-08-20T08:53:12","slug":"meteo-de-gros-orages-et-de-fortes-pluies-attendus-en-isere-les-zones-concernees","status":"publish","type":"post","link":"https:\/\/www.europesays.com\/fr\/331199\/","title":{"rendered":"M\u00e9t\u00e9o. De gros orages et de fortes pluies attendus en Is\u00e8re : les zones concern\u00e9es"},"content":{"rendered":"<p>            Par<br \/>\n        <strong><br \/>\n            <a href=\"https:\/\/actu.fr\/auteur\/julien-sournies\" title=\"Consulter tous les articles de Julien Sournies\" rel=\"nofollow noopener\" target=\"_blank\">Julien Sournies<\/a><br \/>\n        <\/strong><\/p>\n<p>        Publi\u00e9 le<\/p>\n<p>            20 ao\u00fbt 2025 \u00e0 10h38        <\/p>\n<p>Le temps orageux se poursuit en <a href=\"https:\/\/actu.fr\/auvergne-rhone-alpes\/isere_38\" rel=\"nofollow noopener\" target=\"_blank\">Is\u00e8re<\/a> et \u00e0 <a href=\"https:\/\/actu.fr\/grenoble\/\" rel=\"nofollow noopener\" target=\"_blank\">Grenoble<\/a> ce mercredi 20\u00a0ao\u00fbt 2025. D\u2019ailleurs, le d\u00e9partement is\u00e9rois est toujours sous le coup d\u2019une<strong> vigilance jaune aux orages<\/strong>, de 11\u00a0heures \u00e0 20\u00a0heures.<\/p>\n<p class=\" wall-content\">Si quelques averses orageuses devraient faire leur apparition d\u2019ici \u00e0 la fin de la matin\u00e9e de ce mercredi sur la majeure partie du d\u00e9partement, le plus fort de l\u2019\u00e9pisode orageux aura lieu cet apr\u00e8s-midi, selon les derni\u00e8res pr\u00e9visions de M\u00e9t\u00e9o Centre-Is\u00e8re.<\/p>\n<p>Jusqu\u2019\u00e0 50\u00a0mm de pluie \u00e0 certains endroits<\/p>\n<p class=\" wall-content\">\u00ab\u2009Le temps restera orageux avec de nouvelles salves attendues une grande partie de la journ\u00e9e, surtout l\u2019apr\u00e8s-midi, faisant gonfler les cumuls de pluie\u2009\u00bb, analyse le pr\u00e9visionniste.<\/p>\n<p class=\" wall-content\">Toujours selon ce dernier, des cumuls de l\u2019ordre de \u00ab\u200910 \u00e0 30\u00a0mm sont attendus en fonction des secteurs,<strong> jusqu\u2019\u00e0 30\/50\u00a0mm<\/strong> dans les secteurs o\u00f9 les cellules seront les plus actives\u2009\u00bb.<\/p>\n<p>    <img   decoding=\"async\" loading=\"lazy\" src=\"https:\/\/www.europesays.com\/fr\/wp-content\/uploads\/2025\/08\/keraunos-orages-2-960x640.png\" alt=\"Des orages sont attendus cet apr\u00e8s-midi en Is\u00e8re.\" width=\"960\" height=\"640\"\/><br \/>\n    Des orages sont attendus cet apr\u00e8s-midi en Is\u00e8re. (\u00a9Capture d\u2019\u00e9cran Keraunos)<\/p>\n<p class=\" wall-content\">De son c\u00f4t\u00e9, M\u00e9t\u00e9o-France pr\u00e9voit des orages parfois <strong>forts<\/strong> sur le territoire is\u00e9rois, sauf dans le Nord-Is\u00e8re, o\u00f9 quelques l\u00e9gers grondements sont attendus.<\/p>\n<p>De la pluie jeudi<\/p>\n<p class=\" wall-content\">Du c\u00f4t\u00e9 des temp\u00e9ratures, le mercure poursuit sa chute, les maximales \u00e9tant comprises entre <strong>19 et 24\u00b0C<\/strong> ce mercredi 20\u00a0ao\u00fbt.<\/p>\n<p>Votre r\u00e9gion, votre actu !<\/p>\n<p>Recevez chaque jour les infos qui comptent pour vous.<\/p>\n<p>\t<a href=\"https:\/\/actu.fr\/newsletter\" class=\"ac-btn ac-btn--corner ac-btn--medium ac-btn--blue800\" rel=\"nofollow noopener\" target=\"_blank\">S&rsquo;incrire<\/a><\/p>\n<p class=\" wall-content\">En attendant le nouveau bulletin de M\u00e9t\u00e9o-France, les orages devraient se dissiper en d\u00e9but de soir\u00e9e, avant de laisser la place \u00e0 la pluie jeudi.<\/p>\n<p class=\" wall-content\">Personnalisez votre actualit\u00e9 en ajoutant vos villes et m\u00e9dias en favori avec <a href=\"https:\/\/moncompte.actu.fr\" title=\"D\u00e9couvez Mon Actu\" rel=\"nofollow noopener\" data-trk=\"{&quot;cta&quot;:{&quot;action&quot;:&quot;https:\\\/\\\/moncompte.actu.fr&quot;,&quot;category&quot;:&quot;mon compte&quot;,&quot;from&quot;:&quot;article footer&quot;,&quot;name&quot;:&quot;Mon actu&quot;,&quot;type&quot;:&quot;cta&quot;}}\" target=\"_blank\">Mon Actu<\/a>.<\/p>\n","protected":false},"excerpt":{"rendered":"Par Julien Sournies Publi\u00e9 le 20 ao\u00fbt 2025 \u00e0 10h38 Le temps orageux se poursuit en Is\u00e8re et&hellip;\n","protected":false},"author":2,"featured_media":315879,"comment_status":"","ping_status":"","sticky":false,"template":"","format":"standard","meta":{"footnotes":""},"categories":[9566],"tags":[1111,11,2430,1777,674,1011,27,2731,2487,2357,12,4594,25],"class_list":{"0":"post-331199","1":"post","2":"type-post","3":"status-publish","4":"format-standard","5":"has-post-thumbnail","7":"category-grenoble","8":"tag-actu","9":"tag-actualites","10":"tag-auvergne-rhone-alpes","11":"tag-eu","12":"tag-europe","13":"tag-fr","14":"tag-france","15":"tag-grenoble","16":"tag-meteo","17":"tag-meteo-france","18":"tag-news","19":"tag-orages","20":"tag-republique-francaise"},"share_on_mastodon":{"url":"https:\/\/pubeurope.com\/@fr\/115060251194632611","error":""},"_links":{"self":[{"href":"https:\/\/www.europesays.com\/fr\/wp-json\/wp\/v2\/posts\/331199","targetHints":{"allow":["GET"]}}],"collection":[{"href":"https:\/\/www.europesays.com\/fr\/wp-json\/wp\/v2\/posts"}],"about":[{"href":"https:\/\/www.europesays.com\/fr\/wp-json\/wp\/v2\/types\/post"}],"author":[{"embeddable":true,"href":"https:\/\/www.europesays.com\/fr\/wp-json\/wp\/v2\/users\/2"}],"replies":[{"embeddable":true,"href":"https:\/\/www.europesays.com\/fr\/wp-json\/wp\/v2\/comments?post=331199"}],"version-history":[{"count":0,"href":"https:\/\/www.europesays.com\/fr\/wp-json\/wp\/v2\/posts\/331199\/revisions"}],"wp:featuredmedia":[{"embeddable":true,"href":"https:\/\/www.europesays.com\/fr\/wp-json\/wp\/v2\/media\/315879"}],"wp:attachment":[{"href":"https:\/\/www.europesays.com\/fr\/wp-json\/wp\/v2\/media?parent=331199"}],"wp:term":[{"taxonomy":"category","embeddable":true,"href":"https:\/\/www.europesays.com\/fr\/wp-json\/wp\/v2\/categories?post=331199"},{"taxonomy":"post_tag","embeddable":true,"href":"https:\/\/www.europesays.com\/fr\/wp-json\/wp\/v2\/tags?post=331199"}],"curies":[{"name":"wp","href":"https:\/\/api.w.org\/{rel}","templated":true}]}}