{"id":331200,"date":"2025-08-20T08:55:13","date_gmt":"2025-08-20T08:55:13","guid":{"rendered":"https:\/\/www.europesays.com\/fr\/331200\/"},"modified":"2025-08-20T08:55:13","modified_gmt":"2025-08-20T08:55:13","slug":"dans-le-centre-de-rennes-une-automobiliste-percute-un-vehicule-de-police","status":"publish","type":"post","link":"https:\/\/www.europesays.com\/fr\/331200\/","title":{"rendered":"dans le centre de Rennes, une automobiliste percute un v\u00e9hicule de police"},"content":{"rendered":"<p>            Par<br \/>\n        <strong><br \/>\n            <a href=\"https:\/\/actu.fr\/auteur\/lou-batteux\" title=\"Consulter tous les articles de Lou Batteux\" rel=\"nofollow noopener\" target=\"_blank\">Lou Batteux<\/a><br \/>\n        <\/strong><\/p>\n<p>        Publi\u00e9 le<\/p>\n<p>            20 ao\u00fbt 2025 \u00e0 10h35        <\/p>\n<p>Les faits se sont d\u00e9roul\u00e9s mardi 19 ao\u00fbt 2025, \u00e0 <strong>14h12<\/strong>. Quatre policiers municipaux se rendaient en urgence sur une intervention quand une voiture a embouti <strong>l\u2019avant-gauche de leur fourgon<\/strong>, au niveau du <strong>pont Legraverend \u00e0 Rennes<\/strong>, entre le boulevard de Ch\u00e9zy et le boulevard Mar\u00e9chal de Lattre de Tassigny.<\/p>\n<p>    <a href=\"https:\/\/www.google.com\/maps\/embed?pb=!1m18!1m12!1m3!1d1331.801273972667!2d-1.6862198607614671!3d48.11790127561792!2m3!1f0!2f0!3f0!3m2!1i1024!2i768!4f13.1!3m3!1m2!1s0x480ede2554a1d99b%3A0x12895c51328b9494!2sPont%20Legraverend%2C%2035000%20Rennes!5e0!3m2!1sfr!2sfr!4v1755678647245!5m2!1sfr!2sfr\" title=\"Ouvrie le lien\" rel=\"nofollow noopener\" target=\"_blank\">Cliquez ici pour visualiser le contenu<\/a><\/p>\n<p class=\" wall-content\">Les agents de police avaient pourtant activ\u00e9 <strong>le gyrophare et la sir\u00e8ne \u00e0 deux tons<\/strong>, mais l\u2019automobiliste \u00ab\u00a0n\u2019a pas d\u00fb entendre\u00a0\u00bb, selon une source polici\u00e8re, contact\u00e9e par la r\u00e9daction d\u2019<a href=\"https:\/\/actu.fr\/rennes\/\" rel=\"nofollow noopener\" target=\"_blank\">actu Rennes<\/a>, confirmant une information du <a href=\"https:\/\/www.letelegramme.fr\/ille-et-vilaine\/rennes-35000\/choc-a-rennes-entre-une-voiture-de-police-municipale-et-un-automobiliste-6873563.php\" rel=\"nofollow noopener\" target=\"_blank\">T\u00e9l\u00e9gramme<\/a>.<\/p>\n<p class=\" wall-content\">Le v\u00e9hicule est donc <strong>pass\u00e9 directement au feu vert<\/strong> alors que le fourgon de service traversait le boulevard dans le centre de Rennes.<\/p>\n<p>\u00ab\u00a0Que de la casse\u00a0\u00bb<\/p>\n<p class=\" wall-content\">\u00ab\u00a0C\u2019est la faute \u00e0 personne, \u00e7a peut arriver. Le plus important, c\u2019est qu\u2019il n\u2019y a pas eu de bless\u00e9s gaves, il n\u2019y a que de la casse\u00a0\u00bb, poursuit cette m\u00eame source.<\/p>\n<p class=\" wall-content\">De son c\u00f4t\u00e9, le Centre op\u00e9rationnel d\u2019incendie et de secours (CODIS) parle d\u2019un \u00ab\u00a0petit accrochage avec <strong>deux bless\u00e9s tr\u00e8s l\u00e9gers\u00a0\u00bb<\/strong>. En effet, seuls les policiers ont \u00e9t\u00e9 transport\u00e9s au CHU de Rennes suite \u00e0 l\u2019impact.<\/p>\n<p class=\" wall-content\">Aucune blessure grave n\u2019a \u00e9t\u00e9 d\u00e9clar\u00e9e. Deux d\u2019entre eux sont tout de m\u00eame <strong>\u00ab\u00a0mis en arr\u00eat pour accident du travail\u00a0\u00bb <\/strong>en raison de <strong>\u00ab\u00a0quelques blessures\u00a0\u00bb.<\/strong><\/p>\n<p>Votre r\u00e9gion, votre actu !<\/p>\n<p>Recevez chaque jour les infos qui comptent pour vous.<\/p>\n<p>\t<a href=\"https:\/\/actu.fr\/newsletter\" class=\"ac-btn ac-btn--corner ac-btn--medium ac-btn--blue800\" rel=\"nofollow noopener\" target=\"_blank\">S&rsquo;incrire<\/a><\/p>\n<p class=\" wall-content\">Si <strong>la voiture de police semble r\u00e9parable<\/strong>, l\u2019autre v\u00e9hicule para\u00eet plus endommag\u00e9.<\/p>\n<p class=\" wall-content\">Personnalisez votre actualit\u00e9 en ajoutant vos villes et m\u00e9dias en favori avec <a href=\"https:\/\/moncompte.actu.fr\" title=\"D\u00e9couvez Mon Actu\" rel=\"nofollow noopener\" data-trk=\"{&quot;cta&quot;:{&quot;action&quot;:&quot;https:\\\/\\\/moncompte.actu.fr&quot;,&quot;category&quot;:&quot;mon compte&quot;,&quot;from&quot;:&quot;article footer&quot;,&quot;name&quot;:&quot;Mon actu&quot;,&quot;type&quot;:&quot;cta&quot;}}\" target=\"_blank\">Mon Actu<\/a>.<\/p>\n","protected":false},"excerpt":{"rendered":"Par Lou Batteux Publi\u00e9 le 20 ao\u00fbt 2025 \u00e0 10h35 Les faits se sont d\u00e9roul\u00e9s mardi 19 ao\u00fbt&hellip;\n","protected":false},"author":2,"featured_media":331201,"comment_status":"","ping_status":"","sticky":false,"template":"","format":"standard","meta":{"footnotes":""},"categories":[2821],"tags":[119,1111,11,829,1777,674,118,1011,27,12,1072,1311,584,25],"class_list":{"0":"post-331200","1":"post","2":"type-post","3":"status-publish","4":"format-standard","5":"has-post-thumbnail","7":"category-rennes","8":"tag-accident","9":"tag-actu","10":"tag-actualites","11":"tag-bretagne","12":"tag-eu","13":"tag-europe","14":"tag-faits-divers","15":"tag-fr","16":"tag-france","17":"tag-news","18":"tag-police","19":"tag-pompiers","20":"tag-rennes","21":"tag-republique-francaise"},"share_on_mastodon":{"url":"https:\/\/pubeurope.com\/@fr\/115060259127099127","error":""},"_links":{"self":[{"href":"https:\/\/www.europesays.com\/fr\/wp-json\/wp\/v2\/posts\/331200","targetHints":{"allow":["GET"]}}],"collection":[{"href":"https:\/\/www.europesays.com\/fr\/wp-json\/wp\/v2\/posts"}],"about":[{"href":"https:\/\/www.europesays.com\/fr\/wp-json\/wp\/v2\/types\/post"}],"author":[{"embeddable":true,"href":"https:\/\/www.europesays.com\/fr\/wp-json\/wp\/v2\/users\/2"}],"replies":[{"embeddable":true,"href":"https:\/\/www.europesays.com\/fr\/wp-json\/wp\/v2\/comments?post=331200"}],"version-history":[{"count":0,"href":"https:\/\/www.europesays.com\/fr\/wp-json\/wp\/v2\/posts\/331200\/revisions"}],"wp:featuredmedia":[{"embeddable":true,"href":"https:\/\/www.europesays.com\/fr\/wp-json\/wp\/v2\/media\/331201"}],"wp:attachment":[{"href":"https:\/\/www.europesays.com\/fr\/wp-json\/wp\/v2\/media?parent=331200"}],"wp:term":[{"taxonomy":"category","embeddable":true,"href":"https:\/\/www.europesays.com\/fr\/wp-json\/wp\/v2\/categories?post=331200"},{"taxonomy":"post_tag","embeddable":true,"href":"https:\/\/www.europesays.com\/fr\/wp-json\/wp\/v2\/tags?post=331200"}],"curies":[{"name":"wp","href":"https:\/\/api.w.org\/{rel}","templated":true}]}}