{"id":331203,"date":"2025-08-20T08:57:15","date_gmt":"2025-08-20T08:57:15","guid":{"rendered":"https:\/\/www.europesays.com\/fr\/331203\/"},"modified":"2025-08-20T08:57:15","modified_gmt":"2025-08-20T08:57:15","slug":"strasbourg-pretendant-etre-atteint-du-sida-il-mord-et-pique-avec-une-seringue-un-commercant","status":"publish","type":"post","link":"https:\/\/www.europesays.com\/fr\/331203\/","title":{"rendered":"Strasbourg. Pr\u00e9tendant \u00eatre atteint du sida, il mord et pique avec une seringue un commer\u00e7ant"},"content":{"rendered":"<p>Ce marchand de souvenirs de la place de la Cath\u00e9drale \u00e0 Strasbourg \u00e9tait loin de s&rsquo;imaginer la tournure des \u00e9v\u00e8nements. Alors qu&rsquo;il rattrape un individu lui ayant d\u00e9rob\u00e9 deux horloges \u00e0 coucou dans sa boutique, le commer\u00e7ant est menac\u00e9 par le voleur.<\/p>\n<p>\u00ab\u00a0Si vous ne me l\u00e2chez pas, je vais vous mordre. J\u2019ai une seringue, je vais vous piquer, j\u2019ai le sida\u00a0\u00bb, lui lance-t-il, selon les propos rapport\u00e9s par <a href=\"https:\/\/www.dna.fr\/faits-divers-justice\/2025\/08\/19\/un-commercant-pique-par-une-seringue-son-agresseur-pretend-qu-il-est-atteint-du-sida\" target=\"_blank\" rel=\"noopener\">Derni\u00e8res nouvelles d&rsquo;Alsace<\/a>. C&rsquo;est alors qu&rsquo;il met ses menaces \u00e0 ex\u00e9cution, mordant le marchand \u00e0 l&rsquo;avant-bras avant de lui planter une seringue dans la main.<\/p>\n<p>Ce contenu est bloqu\u00e9 car vous n&rsquo;avez pas accept\u00e9 les cookies et autres traceurs.<\/p>\n<p>En cliquant sur \u00ab J\u2019accepte \u00bb, les cookies et autres traceurs seront d\u00e9pos\u00e9s et vous pourrez visualiser les contenus  (<a href=\"\" class=\"consentModule_policy\" target=\"_blank\" title=\"Consulter la politique de protection des donn\u00e9es du fournisseur\">plus d&rsquo;informations<\/a>).<\/p>\n<p>En cliquant sur \u00ab J\u2019accepte tous les cookies \u00bb, vous autorisez des d\u00e9p\u00f4ts de cookies et autres traceurs pour le stockage de vos donn\u00e9es sur nos sites et applications \u00e0 des fins de personnalisation et de ciblage publicitaire.<\/p>\n<p class=\"consentModule_secondaryText\">Vous gardez la possibilit\u00e9 de retirer votre consentement \u00e0 tout moment en consultant notre <a href=\"https:\/\/www.ledauphine.com\/protection-des-donnees\" target=\"_blank\" title=\"Consulter notre politique de protection des donn\u00e9es\" rel=\"noopener\">politique de protection des donn\u00e9es<\/a>. <br \/>&#13;<br \/>\n            <a href=\"https:\/\/www.ledauphine.com\/faits-divers-justice\/2025\/08\/20\/javascript:Didomi.notice.show()\" class=\"consentModule_cmp\" target=\"_blank\" rel=\"noopener\">G\u00e9rer mes choix<\/a>&#13;\n        <\/p>\n<p>&#13;<br \/>\n                        J&rsquo;accepte&#13;<br \/>\n            J&rsquo;accepte tous les cookies&#13;\n        <\/p>\n<p>  Un traitement pr\u00e9ventif administr\u00e9<\/p>\n<p>L&rsquo;agresseur,\u00a0\u00e2g\u00e9 de 57 ans, a r\u00e9affirm\u00e9 \u00eatre infect\u00e9 par le VIH devant les forces de l&rsquo;ordre. Il a toutefois refus\u00e9 de se soumettre \u00e0 une prise de sang. Il \u00e9tait d\u00e9j\u00e0 connu pour des vols, des violences et des affaires en lien avec les stup\u00e9fiants<\/p>\n<p>Le parquet de Strasbourg a ouvert une information judiciaire pour administration de substances nuisibles, et l&rsquo;individu a \u00e9t\u00e9 plac\u00e9 en d\u00e9tention provisoire. Le commer\u00e7ant, lui, doit prendre un traitement pr\u00e9ventif et doit attendre plusieurs semaines pour savoir s&rsquo;il a \u00e9t\u00e9 r\u00e9ellement contamin\u00e9.<\/p>\n<p><a href=\"https:\/\/www.dna.fr\/faits-divers-justice\/2025\/08\/19\/un-commercant-pique-par-une-seringue-son-agresseur-pretend-qu-il-est-atteint-du-sida\" target=\"_blank\" rel=\"noopener\">&gt;&gt; Lire l&rsquo;article complet des Derni\u00e8res nouvelles d&rsquo;Alsace<\/a><\/p>\n","protected":false},"excerpt":{"rendered":"Ce marchand de souvenirs de la place de la Cath\u00e9drale \u00e0 Strasbourg \u00e9tait loin de s&rsquo;imaginer la tournure&hellip;\n","protected":false},"author":2,"featured_media":331204,"comment_status":"","ping_status":"","sticky":false,"template":"","format":"standard","meta":{"footnotes":""},"categories":[2820],"tags":[1111,11,271,272,1777,674,274,107,1011,27,329,775,12,25,640],"class_list":{"0":"post-331203","1":"post","2":"type-post","3":"status-publish","4":"format-standard","5":"has-post-thumbnail","7":"category-strasbourg","8":"tag-actu","9":"tag-actualites","10":"tag-crime","11":"tag-delit-et-contravention","12":"tag-eu","13":"tag-europe","14":"tag-faits-divers-justice","15":"tag-fil-info","16":"tag-fr","17":"tag-france","18":"tag-france-monde","19":"tag-grand-est","20":"tag-news","21":"tag-republique-francaise","22":"tag-strasbourg"},"share_on_mastodon":{"url":"https:\/\/pubeurope.com\/@fr\/115060266942268358","error":""},"_links":{"self":[{"href":"https:\/\/www.europesays.com\/fr\/wp-json\/wp\/v2\/posts\/331203","targetHints":{"allow":["GET"]}}],"collection":[{"href":"https:\/\/www.europesays.com\/fr\/wp-json\/wp\/v2\/posts"}],"about":[{"href":"https:\/\/www.europesays.com\/fr\/wp-json\/wp\/v2\/types\/post"}],"author":[{"embeddable":true,"href":"https:\/\/www.europesays.com\/fr\/wp-json\/wp\/v2\/users\/2"}],"replies":[{"embeddable":true,"href":"https:\/\/www.europesays.com\/fr\/wp-json\/wp\/v2\/comments?post=331203"}],"version-history":[{"count":0,"href":"https:\/\/www.europesays.com\/fr\/wp-json\/wp\/v2\/posts\/331203\/revisions"}],"wp:featuredmedia":[{"embeddable":true,"href":"https:\/\/www.europesays.com\/fr\/wp-json\/wp\/v2\/media\/331204"}],"wp:attachment":[{"href":"https:\/\/www.europesays.com\/fr\/wp-json\/wp\/v2\/media?parent=331203"}],"wp:term":[{"taxonomy":"category","embeddable":true,"href":"https:\/\/www.europesays.com\/fr\/wp-json\/wp\/v2\/categories?post=331203"},{"taxonomy":"post_tag","embeddable":true,"href":"https:\/\/www.europesays.com\/fr\/wp-json\/wp\/v2\/tags?post=331203"}],"curies":[{"name":"wp","href":"https:\/\/api.w.org\/{rel}","templated":true}]}}