{"id":331207,"date":"2025-08-20T08:59:11","date_gmt":"2025-08-20T08:59:11","guid":{"rendered":"https:\/\/www.europesays.com\/fr\/331207\/"},"modified":"2025-08-20T08:59:11","modified_gmt":"2025-08-20T08:59:11","slug":"logc-nice-sort-un-maillot-exterieur-inspire-de-sa-vielle-ville","status":"publish","type":"post","link":"https:\/\/www.europesays.com\/fr\/331207\/","title":{"rendered":"L&rsquo;OGC Nice sort un maillot ext\u00e9rieur inspir\u00e9 de sa vielle ville."},"content":{"rendered":"<p>Quelques jours avant la reprise officielle de la saison, l\u2019OGC Nice a pr\u00e9sent\u00e9 sa nouvelle tenue ext\u00e9rieure 2025-2026 en collaboration avec Kappa. Nomm\u00e9e \u00ab Nice la Belle \u00bb, cette pi\u00e8ce rend un hommage visuel et textile \u00e0 la ville de Nice en s\u2019inspirant des couleurs embl\u00e9matiques du Vieux-Nice. Une mani\u00e8re pour le club azur\u00e9en de renforcer l\u2019ancrage local de son identit\u00e9 \u00e0 travers un maillot \u00e0 la fois sobre dans son approche et r\u00e9fl\u00e9chi dans sa conception.<\/p>\n<blockquote class=\"instagram-media\" data-instgrm-captioned=\"\" data-instgrm-permalink=\"https:\/\/www.instagram.com\/p\/DNkeUJGN5WQ\/?utm_source=ig_embed&amp;utm_campaign=loading\" data-instgrm-version=\"14\" style=\" background:#FFF; border:0; border-radius:3px; box-shadow:0 0 1px 0 rgba(0,0,0,0.5),0 1px 10px 0 rgba(0,0,0,0.15); margin: 1px; max-width:540px; min-width:326px; padding:0; width:99.375%; width:-webkit-calc(100% - 2px); width:calc(100% - 2px);\"\/>\n<p>Un maillot inspir\u00e9 par les fa\u00e7ades du Vieux-Nice<\/p>\n<p>Pens\u00e9 comme une extension directe de la ville, le maillot ext\u00e9rieur 2025-2026 repose sur une association de teintes qui \u00e9voquent les \u00e9l\u00e9ments les plus reconnaissables du centre historique ni\u00e7ois. Le terracotta rappelle les fa\u00e7ades patin\u00e9es par le soleil, tandis que le vert profond fait \u00e9cho aux volets en bois et aux ferronneries. Le blanc chaud qui domine l\u2019ensemble vient quant \u00e0 lui refl\u00e9ter la lumi\u00e8re qui enveloppe quotidiennement la ville.<\/p>\n<p>            <img fetchpriority=\"high\" decoding=\"async\" width=\"1534\" height=\"1920\" src=\"https:\/\/www.europesays.com\/fr\/wp-content\/uploads\/2025\/08\/maillot-exterieur-nice-2025-2026-kappa-4.jpg\" class=\"w-full skip-lazy\" alt=\"maillot exterieur nice 2025 2026 kappa\"  \/>    <\/p>\n<p>Plut\u00f4t que de multiplier les r\u00e9f\u00e9rences visuelles, la tenue propose un design simple, directement inspir\u00e9 par l\u2019architecture et les mat\u00e9riaux qui caract\u00e9risent les ruelles \u00e9troites du Vieux-Nice. L\u2019ensemble donne une silhouette \u00e9pur\u00e9e, qui s\u2019int\u00e8gre dans un environnement urbain tout en conservant les codes visuels du football.<\/p>\n<p>Une collection \u00e9tendue autour du maillot<\/p>\n<p>En parall\u00e8le de cette tenue ext\u00e9rieure, Kappa et l\u2019OGC Nice ont d\u00e9velopp\u00e9 une capsule autour de \u00ab Nice la Belle \u00bb. Celle-ci comprend un maillot d\u2019\u00e9chauffement, une veste et un sweat, permettant de prolonger l\u2019identit\u00e9 visuelle de la tenue dans l\u2019ensemble de l\u2019\u00e9quipement du club. Cette approche globale vient renforcer la coh\u00e9rence visuelle entre les diff\u00e9rentes \u00e9tapes de la pr\u00e9paration et du match.<\/p>\n<p>Une mise en sc\u00e8ne photographique locale<\/p>\n<p>La campagne visuelle autour de cette sortie s\u2019est concentr\u00e9e sur les lieux embl\u00e9matiques de Nice. Le maillot a \u00e9t\u00e9 photographi\u00e9 \u00e0 l\u2019aube sur la Promenade des Anglais, au c\u0153ur des ruelles du Vieux-Nice, ou encore \u00e0 proximit\u00e9 des palmiers et des fa\u00e7ades ocres qui longent la M\u00e9diterran\u00e9e. Ces prises de vue visent \u00e0 souligner la continuit\u00e9 entre le club et la ville, dans un contexte o\u00f9 l\u2019identit\u00e9 locale prend une place croissante dans les projets textiles des clubs professionnels.<\/p>\n<p>En associant r\u00e9f\u00e9rences locales et exigences techniques, le maillot ext\u00e9rieur 2025-2026 de l\u2019OGC Nice se pr\u00e9sente comme une pi\u00e8ce con\u00e7ue avec coh\u00e9rence. Il s\u2019inscrit dans une d\u00e9marche o\u00f9 le design accompagne un r\u00e9cit, celui d\u2019un club li\u00e9 \u00e0 son territoire et d\u00e9sireux de l\u2019exprimer \u00e0 travers ses \u00e9quipements.<\/p>\n<p><script async src=\"\/\/www.instagram.com\/embed.js\"><\/script><\/p>\n","protected":false},"excerpt":{"rendered":"Quelques jours avant la reprise officielle de la saison, l\u2019OGC Nice a pr\u00e9sent\u00e9 sa nouvelle tenue ext\u00e9rieure 2025-2026&hellip;\n","protected":false},"author":2,"featured_media":331208,"comment_status":"","ping_status":"","sticky":false,"template":"","format":"standard","meta":{"footnotes":""},"categories":[2819],"tags":[1111,11,1777,674,1011,27,12,2401,882,25],"class_list":{"0":"post-331207","1":"post","2":"type-post","3":"status-publish","4":"format-standard","5":"has-post-thumbnail","7":"category-nice","8":"tag-actu","9":"tag-actualites","10":"tag-eu","11":"tag-europe","12":"tag-fr","13":"tag-france","14":"tag-news","15":"tag-nice","16":"tag-provence-alpes-cote-dazur","17":"tag-republique-francaise"},"share_on_mastodon":{"url":"https:\/\/pubeurope.com\/@fr\/115060275108438537","error":""},"_links":{"self":[{"href":"https:\/\/www.europesays.com\/fr\/wp-json\/wp\/v2\/posts\/331207","targetHints":{"allow":["GET"]}}],"collection":[{"href":"https:\/\/www.europesays.com\/fr\/wp-json\/wp\/v2\/posts"}],"about":[{"href":"https:\/\/www.europesays.com\/fr\/wp-json\/wp\/v2\/types\/post"}],"author":[{"embeddable":true,"href":"https:\/\/www.europesays.com\/fr\/wp-json\/wp\/v2\/users\/2"}],"replies":[{"embeddable":true,"href":"https:\/\/www.europesays.com\/fr\/wp-json\/wp\/v2\/comments?post=331207"}],"version-history":[{"count":0,"href":"https:\/\/www.europesays.com\/fr\/wp-json\/wp\/v2\/posts\/331207\/revisions"}],"wp:featuredmedia":[{"embeddable":true,"href":"https:\/\/www.europesays.com\/fr\/wp-json\/wp\/v2\/media\/331208"}],"wp:attachment":[{"href":"https:\/\/www.europesays.com\/fr\/wp-json\/wp\/v2\/media?parent=331207"}],"wp:term":[{"taxonomy":"category","embeddable":true,"href":"https:\/\/www.europesays.com\/fr\/wp-json\/wp\/v2\/categories?post=331207"},{"taxonomy":"post_tag","embeddable":true,"href":"https:\/\/www.europesays.com\/fr\/wp-json\/wp\/v2\/tags?post=331207"}],"curies":[{"name":"wp","href":"https:\/\/api.w.org\/{rel}","templated":true}]}}