{"id":331211,"date":"2025-08-20T09:03:12","date_gmt":"2025-08-20T09:03:12","guid":{"rendered":"https:\/\/www.europesays.com\/fr\/331211\/"},"modified":"2025-08-20T09:03:12","modified_gmt":"2025-08-20T09:03:12","slug":"dany-godart-80-ans-comme-le-secours-populaire-et-une-vie-dengagement-a-la-benauge","status":"publish","type":"post","link":"https:\/\/www.europesays.com\/fr\/331211\/","title":{"rendered":"Dany Godart, 80 ans comme le Secours populaire, et une vie d&rsquo;engagement \u00e0 La Benauge"},"content":{"rendered":"<p class=\"wp-block-post-excerpt__excerpt\">En 2025, le Secours populaire f\u00eate son 80e anniversaire. Dany Godart, une bordelaise b\u00e9n\u00e9vole \u00e0 l\u2019antenne girondine, aussi ! Pour cette habitante du quartier de La Benauge, \u00ab\u00a0il faut aider tous ceux qui en ont besoin\u00a0\u00bb. Portrait de cette doyenne alors que ce 20 ao\u00fbt l\u2019association organise sa \u00ab\u00a0journ\u00e9e des oubli\u00e9s des vacances\u00a0\u00bb.\u00a0 <\/p>\n<p class=\"font-sans\">\n\t\t\tCet article est en acc\u00e8s libre. Pour soutenir Rue89Bordeaux,<br \/>\n\t\t\t<a class=\"underline\" href=\"https:\/\/rue89bordeaux.com\/abonnement\/\" target=\"_blank\" rel=\"noopener\">abonnez-vous<\/a>.\n\t\t<\/p>\n<p>Clara Len\u00f4tre<\/p>\n<p>Publi\u00e9 le 20 ao\u00fbt 2025\u00a0\u00a0\u00b7\u00a0\u00a0<\/p>\n<p>Imprim\u00e9 le 20 ao\u00fbt 2025 \u00e0 10h02\u00a0\u00a0\u00b7\u00a0\u00a0<\/p>\n<p>\t\t\t\t\t5\u00a0minutes\n<\/p>\n<p>Dans le quartier populaire La Benauge, le Secours populaire est plus qu\u2019actif. Outre la distribution alimentaire, la rue Fleming aligne, tous les dix m\u00e8tres, une vitrine de l\u2019association.\u00a0<\/p>\n<p>Sur cette v\u00e9ritable \u00ab\u00a0rue de la solidarit\u00e9\u00a0\u00bb, chaque \u00e9choppe associative a sa sp\u00e9cialit\u00e9. En venant de Stalingrad, on tombe d\u2019abord sur la brocante anim\u00e9e par les ins\u00e9parables et railleurs Jo\u00ebl et Paul. Un peu plus loin, avant d\u2019atteindre <a href=\"https:\/\/rue89bordeaux.com\/2022\/02\/des-livres-pour-tous-a-la-portee-de-tous-une-librairie-solidaire-du-secours-populaire-a-la-benauge\/\" target=\"_blank\" rel=\"noopener\">la librairie solidaire<\/a>, on d\u00e9couvre le vestiaire : une boutique de v\u00eatements tenue par des b\u00e9n\u00e9voles surnomm\u00e9es les \u00ab\u00a0pom-pom girls\u00a0\u00bb. Le mardi, ce sont Marie et Dany, toutes deux retrait\u00e9es qui accueillent les clients.<\/p>\n<p>Dany Godart, du haut de ses 80 ans, est la doyenne du Secours populaire de La Benauge. Le 25 juin, l\u2019octog\u00e9naire a souffl\u00e9 ses bougies en pr\u00e9sence des autres b\u00e9n\u00e9voles de la rue. Comme elle aime \u00e0 le dire, elle est \u00ab\u00a0dans les petits papiers de tout le monde\u00a0\u00bb.\u00a0<\/p>\n<p>\t\tUne vie \u00e0 aider\u00a0<\/p>\n<p>N\u00e9e dans les Ardennes, Dany est arriv\u00e9e \u00e0 l\u2019\u00e2ge de 15 ans \u00e0 Bordeaux. Un poste de chef de rail avait \u00e9t\u00e9 propos\u00e9 \u00e0 son p\u00e8re. Passer de la \u00ab\u00a0neige \u00e0 la plage\u00a0\u00bb, le changement lui a plu. \u00a0\u00a0<\/p>\n<p>En \u00e2ge de travailler, elle d\u00e9cide de s\u2019occuper des personnes \u00e2g\u00e9es et faire leur toilette. Quand juste avant sa retraite, sa m\u00e8re tombe malade, Dany arr\u00eate son activit\u00e9 pour l\u2019accompagner durant 2 ans. Retrait\u00e9e, pour s\u2019occuper et penser \u00e0 autre chose, elle s\u2019engage au Secours populaire. <\/p>\n<blockquote class=\"wp-block-quote is-layout-flow wp-block-quote-is-layout-flow\">\n<p>\u00ab\u00a0Nous on est une famille habitu\u00e9e \u00e0 aider. Il faut aider tout le monde, tous ceux qu\u2019on peut\u00a0\u00bb, sourit Dany.\u00a0<\/p>\n<\/blockquote>\n<p>Aujourd\u2019hui, cela fait douze ans que la s\u00e9nior est b\u00e9n\u00e9vole, douze ans qu\u2019elle vient toutes les semaines, tous les jours d\u2019ouverture du lundi au vendredi, et \u00ab\u00a0m\u00eame le samedi\u00a0\u00bb. Il y a 5 ans pourtant, \u00e0 cause d\u2019un grave maladie, elle a \u00e9t\u00e9 contrainte de faire une pause.<\/p>\n<blockquote class=\"wp-block-quote is-layout-flow wp-block-quote-is-layout-flow\">\n<p>\u00ab\u00a0M\u00eame quand j\u2019avais mon cancer et que je ne pouvais pas y aller, je les appelais, je ne les ai jamais quitt\u00e9s.\u00a0\u00bb<\/p>\n<\/blockquote>\n<p>\u00c0 peine rentr\u00e9e de l\u2019hospitalisation, elle appelait d\u00e9j\u00e0 un b\u00e9n\u00e9vole \u2013 Fran\u00e7ois \u2013 pour venir la chercher et l\u2019amener rue Fleming. Elle a besoin de bouger et surtout de ne pas arr\u00eater le Secours populaire.\u00a0<\/p>\n<blockquote class=\"wp-block-quote is-layout-flow wp-block-quote-is-layout-flow\">\n<p>\u00ab\u00a0Si je pouvais faire davantage, je le ferais. Mais le m\u00e9decin m\u2019a interdit. Avec mes op\u00e9rations, je ne peux rien porter\u00a0\u00bb, r\u00e2le Dany.<\/p>\n<\/blockquote>\n<p>Malgr\u00e9 son optimisme radical et sa volont\u00e9 de maintenir ses activit\u00e9s inchang\u00e9es, ses neveux et ni\u00e8ces girondins se relaient pour lui faire ses courses et lui donner un coup de main quotidien. Elle qui vit seule et n\u2019a jamais eu d\u2019enfants est donc loin d\u2019\u00eatre isol\u00e9e. <\/p>\n<p><img loading=\"lazy\" decoding=\"async\" width=\"792\" height=\"594\" src=\"https:\/\/www.europesays.com\/fr\/wp-content\/uploads\/2025\/08\/whatsapp-image-2025-07-24-a-15-15-26-2c3ac30c-792x594.jpg\" alt=\"\" class=\"wp-image-167239\"  \/> Les voisins de la brocante, Paul et Jo\u00ebl Photo\u00a0: CL\/Rue89 Bordeaux<\/p>\n<p>\t\tUn sacr\u00e9 caract\u00e8re<\/p>\n<p>Assise sur son fauteuil, Dany ne perd pourtant rien de son allure. Coquette et taquine, elle continue de mener la boutique du bout de sa canne. \u00ab\u00a0Elle a son caract\u00e8re comme tous les mamies\u00a0\u00bb, sourit Marie Sabourdy, b\u00e9n\u00e9vole avec elle le mardi. En Gironde, le Secours populaire peut compter sur 1600 b\u00e9n\u00e9voles \u00e0 l\u2019ann\u00e9e. Aucune obligation de r\u00e9gularit\u00e9 n\u2019astreint les b\u00e9n\u00e9voles, mais beaucoup d\u2019entre eux retrait\u00e9s comme Dany et Marie, s\u2019investissent sans compter les heures. <\/p>\n<p>Pendant que Marie fait le tri dans les stocks, guide et conseille les clients. Dany prend des nouvelles, discute, blague. Une mission tout autant essentielle.<\/p>\n<blockquote class=\"wp-block-quote is-layout-flow wp-block-quote-is-layout-flow\">\n<p>\u00ab\u00a0On apporte aux personnes ce dont ils ont besoin : de la chaleur\u00a0\u00bb, rappelle Paul Barranse, b\u00e9n\u00e9vole depuis 2012 \u00e0 la brocante du Secours populaire La Benauge.<\/p>\n<\/blockquote>\n<p>Chaque b\u00e9n\u00e9vole a conscience de cette double mission : nourrir les corps et les c\u0153urs. Une mission qui a construit le maillage associatif pr\u00e9sent dans le quartier. Dany fait partie de ces figures qui ont le contact facile et la main tendue.<\/p>\n<blockquote class=\"wp-block-quote is-layout-flow wp-block-quote-is-layout-flow\">\n<p>\u00ab\u00a0Elle re\u00e7oit bien les gens, elle est accueillante, toujours vivante \u2026 dans le sens de dynamique bien s\u00fbr\u00a0\u00bb, rit Paul.<\/p>\n<\/blockquote>\n<p>Un petit village<\/p>\n<p>Bien que modeste la boutique est pens\u00e9e pour attirer les plus r\u00e9ticents. La ni\u00e8ce de Dany a accroch\u00e9 des papillons de couleur au mur, \u00ab\u00a0c\u2019est plus gai et les enfants aiment bien\u00a0\u00bb. Alors pendant que les plus grands farfouillent pour trouver des v\u00eatements pour la famille, les plus petits ont un espace pour jouer au pied des portants.<\/p>\n<p>La porte en baie vitr\u00e9e de la boutique est toujours ouverte. Les passants sont nombreux dans la rue, certains plus d\u00e9munis que d\u2019autres. Les b\u00e9n\u00e9voles voient celles et ceux qui n\u2019osent pas ou ne peuvent pas entrer dans le magasin, faute d\u2019argent.<\/p>\n<p>La canne de Dany ne l\u2019emp\u00eache jamais d\u2019aller les voir et de leur proposer de l\u2019aide. Derni\u00e8rement, ce sont une jeune femme avec deux petites filles en pleurs qui l\u2019ont fait se lever de son fauteuil. Elle est ressortie dix minutes plus tard du supermarch\u00e9 en face avec des courses pour les trois avant de les rediriger vers des points de distribution alimentaire.<\/p>\n<p>Depuis le temps, Dany est connue dans ce quartier o\u00f9 elle vit et travaille. Si elle vit seule dans son appartement, elle ne s\u2019ennuie jamais. Dans son immeuble, les enfants d\u2019une famille venue d\u2019Ukraine l\u2019appellent mamie. Dans la boutique, m\u00eame ceux qui ne veulent rien acheter s\u2019arr\u00eatent un moment \u00e9changer avec le doyenne.<\/p>\n<p>Conviviale et la main sur le c\u0153ur, elle se laisse des fois emporter par des \u00e9lans de g\u00e9n\u00e9rosit\u00e9 et baisse \u2013 souvent \u2013 les prix annonc\u00e9s. Quitte \u00e0 se faire taper sur les doigts par les voisins de la brocante Paul et Jo\u00ebl. Des chamailleries qui ne durent jamais tr\u00e8s longtemps pour la doyenne qui a pu f\u00eater, en juin, ses 80 ans avec les quatorze membres de sa famille ainsi que les b\u00e9n\u00e9voles de La Benauge.<\/p>\n<p>Rue89 Bordeaux a besoin de vos dons<\/p>\n<p>Mille mercis \u00e0 nos 131 donateurs ! Gr\u00e2ce \u00e0 vous, nous avons atteint notre objectif initial de 10\u202f000\u202f\u20ac. Ce soutien va nous permettre de renflouer notre tr\u00e9sorerie, apr\u00e8s le d\u00e9sengagement en 2025 d\u2019un annonceur important \u2013 Bordeaux M\u00e9tropole \u2013 et de r\u00e9gler nos factures en attente.<br \/>Cependant, la cagnotte reste ouverte jusqu\u2019\u00e0 fin septembre afin de vous laisser l\u2019occasion de continuer \u00e0 soutenir votre m\u00e9dia ind\u00e9pendant. Chaque don est d\u00e9ductible des imp\u00f4ts \u00e0 hauteur de 66\u202f%. En recevoir davantage nous permettra de consolider nos finances, d\u2019envisager une rentr\u00e9e sereine, et surtout, d\u2019enrichir nos contenus et de renforcer notre r\u00e9daction.<\/p>\n","protected":false},"excerpt":{"rendered":"En 2025, le Secours populaire f\u00eate son 80e anniversaire. Dany Godart, une bordelaise b\u00e9n\u00e9vole \u00e0 l\u2019antenne girondine, aussi&hellip;\n","protected":false},"author":2,"featured_media":331212,"comment_status":"","ping_status":"","sticky":false,"template":"","format":"standard","meta":{"footnotes":""},"categories":[2817],"tags":[1111,11,1997,1777,674,1011,27,5780,12,2219,25,20784],"class_list":{"0":"post-331211","1":"post","2":"type-post","3":"status-publish","4":"format-standard","5":"has-post-thumbnail","7":"category-bordeaux","8":"tag-actu","9":"tag-actualites","10":"tag-bordeaux","11":"tag-eu","12":"tag-europe","13":"tag-fr","14":"tag-france","15":"tag-la-benauge","16":"tag-news","17":"tag-nouvelle-aquitaine","18":"tag-republique-francaise","19":"tag-secours-populaire"},"share_on_mastodon":{"url":"https:\/\/pubeurope.com\/@fr\/115060290640862470","error":""},"_links":{"self":[{"href":"https:\/\/www.europesays.com\/fr\/wp-json\/wp\/v2\/posts\/331211","targetHints":{"allow":["GET"]}}],"collection":[{"href":"https:\/\/www.europesays.com\/fr\/wp-json\/wp\/v2\/posts"}],"about":[{"href":"https:\/\/www.europesays.com\/fr\/wp-json\/wp\/v2\/types\/post"}],"author":[{"embeddable":true,"href":"https:\/\/www.europesays.com\/fr\/wp-json\/wp\/v2\/users\/2"}],"replies":[{"embeddable":true,"href":"https:\/\/www.europesays.com\/fr\/wp-json\/wp\/v2\/comments?post=331211"}],"version-history":[{"count":0,"href":"https:\/\/www.europesays.com\/fr\/wp-json\/wp\/v2\/posts\/331211\/revisions"}],"wp:featuredmedia":[{"embeddable":true,"href":"https:\/\/www.europesays.com\/fr\/wp-json\/wp\/v2\/media\/331212"}],"wp:attachment":[{"href":"https:\/\/www.europesays.com\/fr\/wp-json\/wp\/v2\/media?parent=331211"}],"wp:term":[{"taxonomy":"category","embeddable":true,"href":"https:\/\/www.europesays.com\/fr\/wp-json\/wp\/v2\/categories?post=331211"},{"taxonomy":"post_tag","embeddable":true,"href":"https:\/\/www.europesays.com\/fr\/wp-json\/wp\/v2\/tags?post=331211"}],"curies":[{"name":"wp","href":"https:\/\/api.w.org\/{rel}","templated":true}]}}