{"id":331213,"date":"2025-08-20T09:04:10","date_gmt":"2025-08-20T09:04:10","guid":{"rendered":"https:\/\/www.europesays.com\/fr\/331213\/"},"modified":"2025-08-20T09:04:10","modified_gmt":"2025-08-20T09:04:10","slug":"une-vingtaine-de-pompiers-mobilises-pour-une-maison-incendiee-en-plein-centre-de-bordeaux","status":"publish","type":"post","link":"https:\/\/www.europesays.com\/fr\/331213\/","title":{"rendered":"Une vingtaine de pompiers mobilis\u00e9s pour une maison incendi\u00e9e en plein centre de Bordeaux"},"content":{"rendered":"<p>            Par<br \/>\n        <strong><br \/>\n            <a href=\"https:\/\/actu.fr\/auteur\/charlotte-lesprit\" title=\"Consulter tous les articles de Charlotte Lesprit\" rel=\"nofollow noopener\" target=\"_blank\">Charlotte Lesprit<\/a><br \/>\n        <\/strong><\/p>\n<p>        Publi\u00e9 le<\/p>\n<p>            20 ao\u00fbt 2025 \u00e0 10h10        <\/p>\n<p>Les <a href=\"https:\/\/actu.fr\/tag\/pompiers\" rel=\"nofollow noopener\" target=\"_blank\">pompiers<\/a> sont intervenus mardi 19 ao\u00fbt, peu apr\u00e8s 22 heures, au <strong>29 cours de l\u2019Argonne<\/strong>, \u00e0 quelques m\u00e8tres de la place de la Victoire, dans le centre de Bordeaux, pour un incendie survenu dans une maison.<\/p>\n<p class=\" wall-content\">Selon les secours, l\u2019habitation de 80\u00a0m\u00e8tres carr\u00e9s, compos\u00e9e de deux \u00e9tages, \u00e9tait <strong>squatt\u00e9e par un homme de 22\u00a0ans<\/strong>. Ce dernier avait trouv\u00e9 refuge sur le toit. Il ne pr\u00e9sentait aucune blessure et a pu \u00eatre mis en s\u00e9curit\u00e9.<\/p>\n<p>Une \u00e9chelle d\u00e9ploy\u00e9e<\/p>\n<p class=\" wall-content\">Vingt sapeurs-pompiers ont \u00e9t\u00e9 mobilis\u00e9s pour ma\u00eetriser <a href=\"https:\/\/actu.fr\/tag\/incendie\" rel=\"nofollow noopener\" target=\"_blank\">l\u2019incendie<\/a>, d\u00e9ployant<strong> trois lances \u00e0 eau<\/strong>, dont une sur \u00e9chelle. Le sinistre a \u00e9t\u00e9 rapidement ma\u00eetris\u00e9 et les secours mentionnent qu\u2019il n\u2019y a pas eu d\u2019impact majeur sur les habitations voisines.<\/p>\n<p class=\" wall-content\">Le p\u00e9rim\u00e8tre autour de la maison incendi\u00e9e a \u00e9t\u00e9<strong> s\u00e9curis\u00e9 par la police<\/strong>, tandis qu\u2019Enedis est \u00e9galement intervenu sur place.<\/p>\n<p class=\" wall-content\">Personnalisez votre actualit\u00e9 en ajoutant vos villes et m\u00e9dias en favori avec <a href=\"https:\/\/moncompte.actu.fr\" title=\"D\u00e9couvez Mon Actu\" rel=\"nofollow noopener\" data-trk=\"{&quot;cta&quot;:{&quot;action&quot;:&quot;https:\\\/\\\/moncompte.actu.fr&quot;,&quot;category&quot;:&quot;mon compte&quot;,&quot;from&quot;:&quot;article footer&quot;,&quot;name&quot;:&quot;Mon actu&quot;,&quot;type&quot;:&quot;cta&quot;}}\" target=\"_blank\">Mon Actu<\/a>.<\/p>\n","protected":false},"excerpt":{"rendered":"Par Charlotte Lesprit Publi\u00e9 le 20 ao\u00fbt 2025 \u00e0 10h10 Les pompiers sont intervenus mardi 19 ao\u00fbt, peu&hellip;\n","protected":false},"author":2,"featured_media":331214,"comment_status":"","ping_status":"","sticky":false,"template":"","format":"standard","meta":{"footnotes":""},"categories":[2817],"tags":[1111,11,1997,1777,674,118,1011,27,1310,12,2219,1311,25],"class_list":{"0":"post-331213","1":"post","2":"type-post","3":"status-publish","4":"format-standard","5":"has-post-thumbnail","7":"category-bordeaux","8":"tag-actu","9":"tag-actualites","10":"tag-bordeaux","11":"tag-eu","12":"tag-europe","13":"tag-faits-divers","14":"tag-fr","15":"tag-france","16":"tag-incendie","17":"tag-news","18":"tag-nouvelle-aquitaine","19":"tag-pompiers","20":"tag-republique-francaise"},"share_on_mastodon":{"url":"https:\/\/pubeurope.com\/@fr\/115060294635088235","error":""},"_links":{"self":[{"href":"https:\/\/www.europesays.com\/fr\/wp-json\/wp\/v2\/posts\/331213","targetHints":{"allow":["GET"]}}],"collection":[{"href":"https:\/\/www.europesays.com\/fr\/wp-json\/wp\/v2\/posts"}],"about":[{"href":"https:\/\/www.europesays.com\/fr\/wp-json\/wp\/v2\/types\/post"}],"author":[{"embeddable":true,"href":"https:\/\/www.europesays.com\/fr\/wp-json\/wp\/v2\/users\/2"}],"replies":[{"embeddable":true,"href":"https:\/\/www.europesays.com\/fr\/wp-json\/wp\/v2\/comments?post=331213"}],"version-history":[{"count":0,"href":"https:\/\/www.europesays.com\/fr\/wp-json\/wp\/v2\/posts\/331213\/revisions"}],"wp:featuredmedia":[{"embeddable":true,"href":"https:\/\/www.europesays.com\/fr\/wp-json\/wp\/v2\/media\/331214"}],"wp:attachment":[{"href":"https:\/\/www.europesays.com\/fr\/wp-json\/wp\/v2\/media?parent=331213"}],"wp:term":[{"taxonomy":"category","embeddable":true,"href":"https:\/\/www.europesays.com\/fr\/wp-json\/wp\/v2\/categories?post=331213"},{"taxonomy":"post_tag","embeddable":true,"href":"https:\/\/www.europesays.com\/fr\/wp-json\/wp\/v2\/tags?post=331213"}],"curies":[{"name":"wp","href":"https:\/\/api.w.org\/{rel}","templated":true}]}}