{"id":331217,"date":"2025-08-20T09:06:10","date_gmt":"2025-08-20T09:06:10","guid":{"rendered":"https:\/\/www.europesays.com\/fr\/331217\/"},"modified":"2025-08-20T09:06:10","modified_gmt":"2025-08-20T09:06:10","slug":"a680-fermeture-toulouse-2","status":"publish","type":"post","link":"https:\/\/www.europesays.com\/fr\/331217\/","title":{"rendered":"A680 Fermeture Toulouse"},"content":{"rendered":"<p itemprop=\"description\">\u00ad\u00c0 l&rsquo;est de Toulouse, les 2 nuits du mercredi 20 et vendredi 22 ao\u00fbt, \u00e0 partir de 20h et au plus tard jusqu\u2019\u00e0 07h du matin, l&rsquo;autoroute A680, est enti\u00e8rement ferm\u00e9e, dans les deux sens de circulation.<\/p>\n<p>        Il s&rsquo;agit de travaux de signalisation et de s\u00e9curisation. <\/p>\n<p>Depuis l\u2019A68, vous pouvez sortir \u00e0 Montastruc N\u00b03, puis emprunter le r\u00e9seau secondaire pour rejoindre Verfeil. <br \/>&#13;<br \/>\nDepuis Verfeil, empruntez le r\u00e9seau secondaire pour rejoindre l\u2019A68 \u00e0 L\u2019Union N\u00b01.<br \/>&#13;\n    <\/p>\n","protected":false},"excerpt":{"rendered":"\u00ad\u00c0 l&rsquo;est de Toulouse, les 2 nuits du mercredi 20 et vendredi 22 ao\u00fbt, \u00e0 partir de 20h&hellip;\n","protected":false},"author":2,"featured_media":109702,"comment_status":"","ping_status":"","sticky":false,"template":"","format":"standard","meta":{"footnotes":""},"categories":[2816],"tags":[46864,1111,11,2863,1777,674,13407,1011,27,6774,12,35025,2680,5537,378,25,13409,2312,6949],"class_list":{"0":"post-331217","1":"post","2":"type-post","3":"status-publish","4":"format-standard","5":"has-post-thumbnail","7":"category-toulouse","8":"tag-a680","9":"tag-actu","10":"tag-actualites","11":"tag-aout","12":"tag-eu","13":"tag-europe","14":"tag-fermeture","15":"tag-fr","16":"tag-france","17":"tag-mercredi","18":"tag-news","19":"tag-nuits","20":"tag-occitanie","21":"tag-partir","22":"tag-plus","23":"tag-republique-francaise","24":"tag-tard","25":"tag-toulouse","26":"tag-vendredi"},"share_on_mastodon":{"url":"https:\/\/pubeurope.com\/@fr\/115060302354383881","error":""},"_links":{"self":[{"href":"https:\/\/www.europesays.com\/fr\/wp-json\/wp\/v2\/posts\/331217","targetHints":{"allow":["GET"]}}],"collection":[{"href":"https:\/\/www.europesays.com\/fr\/wp-json\/wp\/v2\/posts"}],"about":[{"href":"https:\/\/www.europesays.com\/fr\/wp-json\/wp\/v2\/types\/post"}],"author":[{"embeddable":true,"href":"https:\/\/www.europesays.com\/fr\/wp-json\/wp\/v2\/users\/2"}],"replies":[{"embeddable":true,"href":"https:\/\/www.europesays.com\/fr\/wp-json\/wp\/v2\/comments?post=331217"}],"version-history":[{"count":0,"href":"https:\/\/www.europesays.com\/fr\/wp-json\/wp\/v2\/posts\/331217\/revisions"}],"wp:featuredmedia":[{"embeddable":true,"href":"https:\/\/www.europesays.com\/fr\/wp-json\/wp\/v2\/media\/109702"}],"wp:attachment":[{"href":"https:\/\/www.europesays.com\/fr\/wp-json\/wp\/v2\/media?parent=331217"}],"wp:term":[{"taxonomy":"category","embeddable":true,"href":"https:\/\/www.europesays.com\/fr\/wp-json\/wp\/v2\/categories?post=331217"},{"taxonomy":"post_tag","embeddable":true,"href":"https:\/\/www.europesays.com\/fr\/wp-json\/wp\/v2\/tags?post=331217"}],"curies":[{"name":"wp","href":"https:\/\/api.w.org\/{rel}","templated":true}]}}