{"id":331218,"date":"2025-08-20T09:07:15","date_gmt":"2025-08-20T09:07:15","guid":{"rendered":"https:\/\/www.europesays.com\/fr\/331218\/"},"modified":"2025-08-20T09:07:15","modified_gmt":"2025-08-20T09:07:15","slug":"alternatif-mag-zero-vice-city-lecole-du-micro-dargent","status":"publish","type":"post","link":"https:\/\/www.europesays.com\/fr\/331218\/","title":{"rendered":"[Alternatif mag] Z\u00e9ro Vice City : L&rsquo;\u00c9cole du micro d&rsquo;argent"},"content":{"rendered":"<p class=\"introduction\">L&rsquo;ex-membre du groupe IAM, Freeman, sur sc\u00e8ne, un public attentif, des jeunes qui montent au micro avec une aisance bluffante\u2026 \u00c0 Roubaix, une soir\u00e9e comme celle-l\u00e0 n\u2019a rien d\u2019exceptionnel : elle est le reflet d\u2019un projet culturel et humain port\u00e9 par Z\u00e9ro Vice City.<\/p>\n<p>Bienvenue dans l\u2019univers de Z\u00e9ro Vice City, une association roubaisienne co-fond\u00e9e par PunchLyn et Toum\u2019s, deux artistes passionn\u00e9s, o\u00f9 le rap rime avec partage, confiance et engagement. \u00c0 travers ateliers d\u2019\u00e9criture, soir\u00e9es open mics et accompagnement, elle r\u00e9v\u00e8le les talents d\u2019une nouvelle g\u00e9n\u00e9ration, en leur offrant bien plus qu\u2019un micro : une voix.<\/p>\n<p>\u00a9 Cr\u00e9dit photos Ana\u00efs Gadeau<\/p>\n","protected":false},"excerpt":{"rendered":"L&rsquo;ex-membre du groupe IAM, Freeman, sur sc\u00e8ne, un public attentif, des jeunes qui montent au micro avec une&hellip;\n","protected":false},"author":2,"featured_media":331219,"comment_status":"","ping_status":"","sticky":false,"template":"","format":"standard","meta":{"footnotes":""},"categories":[2815],"tags":[1111,11,1777,674,1011,27,811,1307,12,25],"class_list":{"0":"post-331218","1":"post","2":"type-post","3":"status-publish","4":"format-standard","5":"has-post-thumbnail","7":"category-lille","8":"tag-actu","9":"tag-actualites","10":"tag-eu","11":"tag-europe","12":"tag-fr","13":"tag-france","14":"tag-hauts-de-france","15":"tag-lille","16":"tag-news","17":"tag-republique-francaise"},"share_on_mastodon":{"url":"https:\/\/pubeurope.com\/@fr\/115060306391653980","error":""},"_links":{"self":[{"href":"https:\/\/www.europesays.com\/fr\/wp-json\/wp\/v2\/posts\/331218","targetHints":{"allow":["GET"]}}],"collection":[{"href":"https:\/\/www.europesays.com\/fr\/wp-json\/wp\/v2\/posts"}],"about":[{"href":"https:\/\/www.europesays.com\/fr\/wp-json\/wp\/v2\/types\/post"}],"author":[{"embeddable":true,"href":"https:\/\/www.europesays.com\/fr\/wp-json\/wp\/v2\/users\/2"}],"replies":[{"embeddable":true,"href":"https:\/\/www.europesays.com\/fr\/wp-json\/wp\/v2\/comments?post=331218"}],"version-history":[{"count":0,"href":"https:\/\/www.europesays.com\/fr\/wp-json\/wp\/v2\/posts\/331218\/revisions"}],"wp:featuredmedia":[{"embeddable":true,"href":"https:\/\/www.europesays.com\/fr\/wp-json\/wp\/v2\/media\/331219"}],"wp:attachment":[{"href":"https:\/\/www.europesays.com\/fr\/wp-json\/wp\/v2\/media?parent=331218"}],"wp:term":[{"taxonomy":"category","embeddable":true,"href":"https:\/\/www.europesays.com\/fr\/wp-json\/wp\/v2\/categories?post=331218"},{"taxonomy":"post_tag","embeddable":true,"href":"https:\/\/www.europesays.com\/fr\/wp-json\/wp\/v2\/tags?post=331218"}],"curies":[{"name":"wp","href":"https:\/\/api.w.org\/{rel}","templated":true}]}}