{"id":331220,"date":"2025-08-20T09:08:16","date_gmt":"2025-08-20T09:08:16","guid":{"rendered":"https:\/\/www.europesays.com\/fr\/331220\/"},"modified":"2025-08-20T09:08:16","modified_gmt":"2025-08-20T09:08:16","slug":"le-montant-reclame-par-linter-pour-pavard-revele","status":"publish","type":"post","link":"https:\/\/www.europesays.com\/fr\/331220\/","title":{"rendered":"le montant r\u00e9clam\u00e9 par l&rsquo;Inter pour Pavard r\u00e9v\u00e9l\u00e9\u00a0!"},"content":{"rendered":"<p>Apr\u00e8s Paul Pogba, Olivier Giroud et Florian Thauvin, un quatri\u00e8me champion du monde 2018 va-t-il faire son grand retour en France cet \u00e9t\u00e9 ? Ces derniers jours, l&rsquo;international fran\u00e7ais est annonc\u00e9 en cette fin de <a href=\"https:\/\/www.onzemondial.com\/transferts.html\" rel=\"nofollow noopener\" target=\"_blank\">mercato<\/a> dans le viseur de Lille mais aussi de Marseille. Si la piste menant \u00e0 l&rsquo;<a href=\"https:\/\/www.onzemondial.com\/france\/om.html\" rel=\"nofollow noopener\" target=\"_blank\">OM<\/a> a avait \u00e9t\u00e9 d\u00e9mentie, la presse italienne n&rsquo;est pas en reste et affirme que le vice-champion de France est bien dans le coup.<\/p>\n<p>D\u00e9sireux d&rsquo;\u00eatre ind\u00e9boulonnable dans un club en vue de la Coupe du monde 2026, le natif de Maubeuge aurait aussi \u00e9t\u00e9 propos\u00e9 au FC Barcelone, o\u00f9 il aurait pu retrouver un certain Hansi Flick, avec qui il a v\u00e9cu de tr\u00e8s beaux moments au Bayern Munich. Mais la piste menant au Bar\u00e7a ne semble pas tr\u00e8s concr\u00e8te, les Blaugranas \u00e9tant assez fournis dans ce secteur.<\/p>\n<p>\u00c0 lire aussiL&rsquo;Inter veut entre 18 et 20 millions d&rsquo;euros pour Pavard<\/p>\n<p>L&rsquo;Inter Milan, de son c\u00f4t\u00e9, n&rsquo;est pas ferm\u00e9 \u00e0 l&rsquo;id\u00e9e de se s\u00e9parer de son joueur mais ne compte pas non plus le brader. Achet\u00e9 pour plus de 30 millions d&rsquo;euros il y a deux ans au Bayern, le vice-champion d&rsquo;Europe souhaiterait r\u00e9cup\u00e9rer un montant compris entre 18 et 20 millions d&rsquo;euros \u00e0 en croire les informations de <a href=\"http:\/\/gazzetta.it\" rel=\"nofollow noopener\" target=\"_blank\">La Gazzetta dello Sport<\/a>.<\/p>\n<p>Important de pr\u00e9ciser que le jeu des ench\u00e8res pourrait faire les affaires des Nerazzurri, puisqu&rsquo;en plus du LOSC et de l&rsquo;OM, Neom et Galatasaray seraient aussi sur les rangs. Pour le moment, Pavard ne serait pas emball\u00e9 par l&rsquo;Arabie saoudite, lui qui veut rester comp\u00e9titif afin de marquer des points aupr\u00e8s de Didier Deschamps.<\/p>\n<p>Un objectif nomm\u00e9 Coupe du monde<\/p>\n<p>Dans un r\u00e9cent entretien pour <a href=\"http:\/\/lequipe.fr\" rel=\"nofollow noopener\" target=\"_blank\">L&rsquo;Equipe<\/a>, le principal int\u00e9ress\u00e9 avait d&rsquo;ailleurs envoy\u00e9 un message au s\u00e9lectionneur : \u00ab\u00a0J\u2019ai toujours respect\u00e9 les choix de Didier Deschamps. Il m\u2019a pris en 2017 alors que personne ne me connaissait. On a gagn\u00e9 ensemble en 2018 et j\u2019ai envie de gagner un dernier troph\u00e9e avec lui, avant qu\u2019il parte\u00a0\u00bb avait-il confi\u00e9.<\/p>\n<p>\u00ab\u00a0Je savais que mon histoire avec l\u2019\u00e9quipe de France n\u2019\u00e9tait pas finie. Et elle n\u2019est pas finie. Il y a des \u00e9ch\u00e9ances importantes et je veux tout prendre. En club et en s\u00e9lection. Le coach m\u00e9rite le respect de la France enti\u00e8re. Partout o\u00f9 il a \u00e9t\u00e9, il a gagn\u00e9 (&#8230;) On est concentr\u00e9s sur ces objectifs, on ne pense pas \u00e0 l\u2019avenir du coach\u00a0\u00bb avait-il lanc\u00e9.<\/p>\n<p>\u00a0<\/p>\n<p class=\"dazn-text\"><a href=\"https:\/\/dazn.prf.hn\/click\/camref:1101l5aPuW\" rel=\"nofollow noopener\" target=\"_blank\">Le service Ligue 1+ pour suivre la Ligue 1 McDonald&rsquo;s et tout le contenu DAZN dans un seul abonnement !<\/a><\/p>\n<p>Partagez cette info avec vos amis et vos proches en cliquant ici<br \/> Pour r\u00e9sumer<\/p>\n<p>Lille et l\u2019Olympique de Marseille souhaitent recruter Benjamin Pavard, le champion du monde 2018. Ce dernier pourrait quitter l\u2019Inter Milan cet \u00e9t\u00e9 pour rester comp\u00e9titif en vue de la Coupe du monde 2026, les Nerazzurri ayant d\u00e9j\u00e0 fix\u00e9 un prix.<\/p>\n<p>R\u00e9dacteur<\/p>\n<p><img decoding=\"async\" width=\"76\" height=\"76\" loading=\"lazy\" src=\"https:\/\/www.europesays.com\/fr\/wp-content\/uploads\/2025\/04\/avatar-onze.webp.webp\" alt=\"Nathan Bricout\"\/><\/p>\n","protected":false},"excerpt":{"rendered":"Apr\u00e8s Paul Pogba, Olivier Giroud et Florian Thauvin, un quatri\u00e8me champion du monde 2018 va-t-il faire son grand&hellip;\n","protected":false},"author":2,"featured_media":331221,"comment_status":"","ping_status":"","sticky":false,"template":"","format":"standard","meta":{"footnotes":""},"categories":[2815],"tags":[1111,11,1777,674,1011,27,811,1307,12,25],"class_list":{"0":"post-331220","1":"post","2":"type-post","3":"status-publish","4":"format-standard","5":"has-post-thumbnail","7":"category-lille","8":"tag-actu","9":"tag-actualites","10":"tag-eu","11":"tag-europe","12":"tag-fr","13":"tag-france","14":"tag-hauts-de-france","15":"tag-lille","16":"tag-news","17":"tag-republique-francaise"},"share_on_mastodon":{"url":"https:\/\/pubeurope.com\/@fr\/115060310390762904","error":""},"_links":{"self":[{"href":"https:\/\/www.europesays.com\/fr\/wp-json\/wp\/v2\/posts\/331220","targetHints":{"allow":["GET"]}}],"collection":[{"href":"https:\/\/www.europesays.com\/fr\/wp-json\/wp\/v2\/posts"}],"about":[{"href":"https:\/\/www.europesays.com\/fr\/wp-json\/wp\/v2\/types\/post"}],"author":[{"embeddable":true,"href":"https:\/\/www.europesays.com\/fr\/wp-json\/wp\/v2\/users\/2"}],"replies":[{"embeddable":true,"href":"https:\/\/www.europesays.com\/fr\/wp-json\/wp\/v2\/comments?post=331220"}],"version-history":[{"count":0,"href":"https:\/\/www.europesays.com\/fr\/wp-json\/wp\/v2\/posts\/331220\/revisions"}],"wp:featuredmedia":[{"embeddable":true,"href":"https:\/\/www.europesays.com\/fr\/wp-json\/wp\/v2\/media\/331221"}],"wp:attachment":[{"href":"https:\/\/www.europesays.com\/fr\/wp-json\/wp\/v2\/media?parent=331220"}],"wp:term":[{"taxonomy":"category","embeddable":true,"href":"https:\/\/www.europesays.com\/fr\/wp-json\/wp\/v2\/categories?post=331220"},{"taxonomy":"post_tag","embeddable":true,"href":"https:\/\/www.europesays.com\/fr\/wp-json\/wp\/v2\/tags?post=331220"}],"curies":[{"name":"wp","href":"https:\/\/api.w.org\/{rel}","templated":true}]}}