{"id":331222,"date":"2025-08-20T09:09:09","date_gmt":"2025-08-20T09:09:09","guid":{"rendered":"https:\/\/www.europesays.com\/fr\/331222\/"},"modified":"2025-08-20T09:09:09","modified_gmt":"2025-08-20T09:09:09","slug":"meteo-a-marseille-de-la-pluie-et-des-orages-attendus-voici-les-zones-touchees","status":"publish","type":"post","link":"https:\/\/www.europesays.com\/fr\/331222\/","title":{"rendered":"M\u00e9t\u00e9o \u00e0 Marseille. De la pluie et des orages attendus, voici les zones touch\u00e9es"},"content":{"rendered":"<p>            Par<br \/>\n        <strong><br \/>\n            <a href=\"https:\/\/actu.fr\/auteur\/redaction-marseille\" title=\"Consulter tous les articles de R\u00e9daction Marseille\" target=\"_blank\" rel=\"noopener\">R\u00e9daction Marseille<\/a><br \/>\n        <\/strong><\/p>\n<p>        Publi\u00e9 le<\/p>\n<p>            20 ao\u00fbt 2025 \u00e0 9h59        <\/p>\n<p>Apr\u00e8s un petit peu moins d\u2019une <strong>dizaine de jours de <a href=\"https:\/\/actu.fr\/tag\/canicule\" target=\"_blank\" rel=\"noopener\">canicule<\/a><\/strong>, la m\u00e9t\u00e9o a enfin drastiquement tourn\u00e9 puisque cela fait deux matins de suite que les Marseillais et les Marseillaises se r\u00e9veillent avec de la grisaille au-dessus de leurs t\u00eates et une <strong>temp\u00e9rature plus agr\u00e9able<\/strong>.<\/p>\n<p class=\" wall-content\">Ce mardi 19\u00a0ao\u00fbt au soir, des <strong>pluies orageuses<\/strong> ont m\u00eame commenc\u00e9 \u00e0 toucher l\u2019ouest du d\u00e9partement, en Camargue, et cela devrait se g\u00e9n\u00e9raliser \u00e0 toutes les <a href=\"https:\/\/actu.fr\/provence-alpes-cote-d-azur\/bouches-du-rhone_13\" target=\"_blank\" rel=\"noopener\">Bouches-du-Rh\u00f4ne<\/a> ce mercredi\u00a020, y compris \u00e0 <a href=\"https:\/\/actu.fr\/marseille\/\" target=\"_blank\" rel=\"noopener\">Marseille<\/a>.<\/p>\n<p>Jusqu\u2019\u00e0 21h ce soir<\/p>\n<p class=\" wall-content\"><a href=\"https:\/\/actu.fr\/tag\/meteo-france\" target=\"_blank\" rel=\"noopener\">M\u00e9t\u00e9o-France<\/a> place le d\u00e9partement en vigilance m\u00e9t\u00e9orologique jaune pour les <a href=\"https:\/\/actu.fr\/tag\/orages\" target=\"_blank\" rel=\"noopener\">orages<\/a> de ce mercredi matin 10h <strong>jusqu\u2019\u00e0 21h ce soir<\/strong>. \u00ab\u2009Abritez-vous dans un b\u00e2timent en dur, \u00e9loignez-vous des arbres et des cours d\u2019eau et tenez-vous inform\u00e9 de l\u2019\u00e9volution de la situation\u2009\u00bb, sont les<strong> conseils<\/strong> distill\u00e9s par la pr\u00e9fecture des Bouches-du-Rh\u00f4ne.<\/p>\n<p class=\" wall-content\">\n<p class=\" wall-content\">\u00ab\u2009Des averses orageuses sont attendues en milieu de matin\u00e9e et d\u00e9but d\u2019apr\u00e8s-midi avec 10 \u00e0 15mm sur le territoire marseillais et plus <strong>localement jusqu\u2019\u00e0 25mm<\/strong>\u2009\u00bb, informent quant \u00e0 eux les services de la Ville de Marseille.<\/p>\n<p>Travers\u00e9e d\u2019ouest en est<\/p>\n<p class=\" wall-content\">Les cellules orageuses devraient se d\u00e9placer vers l\u2019est et le d\u00e9partement du <a href=\"https:\/\/actu.fr\/var\/\" target=\"_blank\" rel=\"noopener\">Var<\/a> en d\u00e9but d\u2019apr\u00e8s-midi o\u00f9 les pluies seront <strong>plus intenses<\/strong> (40 \u00e0 60\u00a0mm, voire 80\u00a0mm localement) et o\u00f9 le vent soufflera fort.<\/p>\n<p class=\" wall-content\">Le pr\u00e9fet du Var appelle \u00e0 la \u00ab\u2009<strong>prudence sur le littoral<\/strong> et \u00e0 proximit\u00e9 des cours d\u2019eau\u2009\u00bb face \u00e0 des \u00ab\u2009orages en provenance de la mer [qui] progressent sur la c\u00f4te.\u2009\u00bb<\/p>\n<p class=\" wall-content\">\n<p class=\" wall-content\">Le m\u00eame \u00e9tat de vigilance s\u2019applique \u00e0 tous les d\u00e9partements voisins.<\/p>\n<p class=\" wall-content\">Personnalisez votre actualit\u00e9 en ajoutant vos villes et m\u00e9dias en favori avec <a href=\"https:\/\/moncompte.actu.fr\" title=\"D\u00e9couvez Mon Actu\" rel=\"nofollow noopener\" data-trk=\"{&quot;cta&quot;:{&quot;action&quot;:&quot;https:\\\/\\\/moncompte.actu.fr&quot;,&quot;category&quot;:&quot;mon compte&quot;,&quot;from&quot;:&quot;article footer&quot;,&quot;name&quot;:&quot;Mon actu&quot;,&quot;type&quot;:&quot;cta&quot;}}\" target=\"_blank\">Mon Actu<\/a>.<\/p>\n","protected":false},"excerpt":{"rendered":"Par R\u00e9daction Marseille Publi\u00e9 le 20 ao\u00fbt 2025 \u00e0 9h59 Apr\u00e8s un petit peu moins d\u2019une dizaine de&hellip;\n","protected":false},"author":2,"featured_media":328317,"comment_status":"","ping_status":"","sticky":false,"template":"","format":"standard","meta":{"footnotes":""},"categories":[2814],"tags":[1111,11,1777,674,1011,27,884,2487,2357,12,4594,4459,882,25],"class_list":{"0":"post-331222","1":"post","2":"type-post","3":"status-publish","4":"format-standard","5":"has-post-thumbnail","7":"category-marseille","8":"tag-actu","9":"tag-actualites","10":"tag-eu","11":"tag-europe","12":"tag-fr","13":"tag-france","14":"tag-marseille","15":"tag-meteo","16":"tag-meteo-france","17":"tag-news","18":"tag-orages","19":"tag-pluie","20":"tag-provence-alpes-cote-dazur","21":"tag-republique-francaise"},"share_on_mastodon":{"url":"https:\/\/pubeurope.com\/@fr\/115060314245567138","error":""},"_links":{"self":[{"href":"https:\/\/www.europesays.com\/fr\/wp-json\/wp\/v2\/posts\/331222","targetHints":{"allow":["GET"]}}],"collection":[{"href":"https:\/\/www.europesays.com\/fr\/wp-json\/wp\/v2\/posts"}],"about":[{"href":"https:\/\/www.europesays.com\/fr\/wp-json\/wp\/v2\/types\/post"}],"author":[{"embeddable":true,"href":"https:\/\/www.europesays.com\/fr\/wp-json\/wp\/v2\/users\/2"}],"replies":[{"embeddable":true,"href":"https:\/\/www.europesays.com\/fr\/wp-json\/wp\/v2\/comments?post=331222"}],"version-history":[{"count":0,"href":"https:\/\/www.europesays.com\/fr\/wp-json\/wp\/v2\/posts\/331222\/revisions"}],"wp:featuredmedia":[{"embeddable":true,"href":"https:\/\/www.europesays.com\/fr\/wp-json\/wp\/v2\/media\/328317"}],"wp:attachment":[{"href":"https:\/\/www.europesays.com\/fr\/wp-json\/wp\/v2\/media?parent=331222"}],"wp:term":[{"taxonomy":"category","embeddable":true,"href":"https:\/\/www.europesays.com\/fr\/wp-json\/wp\/v2\/categories?post=331222"},{"taxonomy":"post_tag","embeddable":true,"href":"https:\/\/www.europesays.com\/fr\/wp-json\/wp\/v2\/tags?post=331222"}],"curies":[{"name":"wp","href":"https:\/\/api.w.org\/{rel}","templated":true}]}}