{"id":331223,"date":"2025-08-20T09:10:14","date_gmt":"2025-08-20T09:10:14","guid":{"rendered":"https:\/\/www.europesays.com\/fr\/331223\/"},"modified":"2025-08-20T09:10:14","modified_gmt":"2025-08-20T09:10:14","slug":"frank-mccourt-attendu-a-marseille-samedi","status":"publish","type":"post","link":"https:\/\/www.europesays.com\/fr\/331223\/","title":{"rendered":"Frank McCourt attendu \u00e0 Marseille samedi"},"content":{"rendered":"<p>Dans cette p\u00e9riode d\u2019agitation, perturb\u00e9e par l\u2019\u00e9pisode Rabiot-Rowe de vendredi quand les deux hommes s\u2019\u00e9taient bagarr\u00e9s apr\u00e8s la d\u00e9faite contre Rennes (0-1), l\u2019arriv\u00e9e de Frank McCourt apportera peut-\u00eatre un peu de s\u00e9r\u00e9nit\u00e9. Selon La Provence, le propri\u00e9taire de l\u2019Olympique de Marseille est attendu ce <a href=\"https:\/\/www.footmercato.net\/live\/6844065733563197715-marseille-vs-paris-fc\" rel=\"nofollow noopener\" target=\"_blank\">samedi 23 ao\u00fbt<\/a> \u00e0 l\u2019occasion de la r\u00e9ception du Paris FC en <a href=\"https:\/\/www.footmercato.net\/france\/ligue-1\/\" rel=\"nofollow noopener\" target=\"_blank\">Ligue 1<\/a>.<\/p>\n<p>            La suite apr\u00e8s cette publicit\u00e9<\/p>\n<p>L\u2019objet de sa visite concernera essentiellement les r\u00e9formes du football fran\u00e7ais et des droits TV avec la cr\u00e9ation de la cha\u00eene de la LFP, Ligue 1 +. Si sa venue n\u2019avait initialement aucun lien avec l\u2019affaire Rabiot, elle sera forc\u00e9ment \u00e9voqu\u00e9e aussi, pr\u00e9cise La Provence. Pour rappel, les deux joueurs sont <a href=\"https:\/\/www.footmercato.net\/a610003423023047835-le-communique-cinglant-de-lom-sur-adrien-rabiot-et-jonathan-rowe\" rel=\"nofollow noopener\" target=\"_blank\">d\u00e9sormais plac\u00e9s sur la liste des transferts<\/a> du club phoc\u00e9en.<\/p>\n<p>\n    Pub. le 20\/08\/2025 10:37<br \/>\n            &#8211; MAJ le 20\/08\/2025 11:04\n    <\/p>\n","protected":false},"excerpt":{"rendered":"Dans cette p\u00e9riode d\u2019agitation, perturb\u00e9e par l\u2019\u00e9pisode Rabiot-Rowe de vendredi quand les deux hommes s\u2019\u00e9taient bagarr\u00e9s apr\u00e8s la&hellip;\n","protected":false},"author":2,"featured_media":173734,"comment_status":"","ping_status":"","sticky":false,"template":"","format":"standard","meta":{"footnotes":""},"categories":[2814],"tags":[1111,11,1777,674,1011,27,884,12,882,25],"class_list":{"0":"post-331223","1":"post","2":"type-post","3":"status-publish","4":"format-standard","5":"has-post-thumbnail","7":"category-marseille","8":"tag-actu","9":"tag-actualites","10":"tag-eu","11":"tag-europe","12":"tag-fr","13":"tag-france","14":"tag-marseille","15":"tag-news","16":"tag-provence-alpes-cote-dazur","17":"tag-republique-francaise"},"share_on_mastodon":{"url":"https:\/\/pubeurope.com\/@fr\/115060318245938789","error":""},"_links":{"self":[{"href":"https:\/\/www.europesays.com\/fr\/wp-json\/wp\/v2\/posts\/331223","targetHints":{"allow":["GET"]}}],"collection":[{"href":"https:\/\/www.europesays.com\/fr\/wp-json\/wp\/v2\/posts"}],"about":[{"href":"https:\/\/www.europesays.com\/fr\/wp-json\/wp\/v2\/types\/post"}],"author":[{"embeddable":true,"href":"https:\/\/www.europesays.com\/fr\/wp-json\/wp\/v2\/users\/2"}],"replies":[{"embeddable":true,"href":"https:\/\/www.europesays.com\/fr\/wp-json\/wp\/v2\/comments?post=331223"}],"version-history":[{"count":0,"href":"https:\/\/www.europesays.com\/fr\/wp-json\/wp\/v2\/posts\/331223\/revisions"}],"wp:featuredmedia":[{"embeddable":true,"href":"https:\/\/www.europesays.com\/fr\/wp-json\/wp\/v2\/media\/173734"}],"wp:attachment":[{"href":"https:\/\/www.europesays.com\/fr\/wp-json\/wp\/v2\/media?parent=331223"}],"wp:term":[{"taxonomy":"category","embeddable":true,"href":"https:\/\/www.europesays.com\/fr\/wp-json\/wp\/v2\/categories?post=331223"},{"taxonomy":"post_tag","embeddable":true,"href":"https:\/\/www.europesays.com\/fr\/wp-json\/wp\/v2\/tags?post=331223"}],"curies":[{"name":"wp","href":"https:\/\/api.w.org\/{rel}","templated":true}]}}