{"id":331226,"date":"2025-08-20T09:12:09","date_gmt":"2025-08-20T09:12:09","guid":{"rendered":"https:\/\/www.europesays.com\/fr\/331226\/"},"modified":"2025-08-20T09:12:09","modified_gmt":"2025-08-20T09:12:09","slug":"lyon-un-homme-tue-a-coup-de-couteau-a-lentree-dune-station-de-metro-tcl-a-villeurbanne","status":"publish","type":"post","link":"https:\/\/www.europesays.com\/fr\/331226\/","title":{"rendered":"Lyon. Un homme tu\u00e9 \u00e0 coup de couteau \u00e0 l&rsquo;entr\u00e9e d&rsquo;une station de m\u00e9tro TCL \u00e0 Villeurbanne"},"content":{"rendered":"<p>            Par<br \/>\n        <strong><br \/>\n            <a href=\"https:\/\/actu.fr\/auteur\/anthony-soudani\" title=\"Consulter tous les articles de Anthony Soudani\" target=\"_blank\" rel=\"noopener\">Anthony Soudani<\/a><br \/>\n        <\/strong><\/p>\n<p>        Publi\u00e9 le<\/p>\n<p>            20 ao\u00fbt 2025 \u00e0 11h10        <\/p>\n<p>Un homme proche de la quarantaine a \u00e9t\u00e9 <strong>tu\u00e9 \u00e0 l\u2019entr\u00e9e de la station de m\u00e9tro TCL de Charpennes<\/strong>, \u00e0 <a href=\"https:\/\/actu.fr\/auvergne-rhone-alpes\/villeurbanne_69266\/pres-de-lyon-un-acte-antisemite-secoue-villeurbanne-le-maire-enrage_63051836.html\" target=\"_blank\" rel=\"noopener\">Villeurbanne<\/a>. Selon <a href=\"https:\/\/www.leprogres.fr\/faits-divers-justice\/2025\/08\/20\/un-homme-tue-a-l-arme-blanche-a-la-station-de-metro-charpennes-de-villeurbanne\" target=\"_blank\" rel=\"noopener\">Le Progr\u00e8s<\/a>, les faits se sont d\u00e9roul\u00e9s t\u00f4t ce mercredi 20 ao\u00fbt dans ce secteur tr\u00e8s proche de Lyon.\u00a0<\/p>\n<p class=\" wall-content\">Son d\u00e9c\u00e8s a \u00e9t\u00e9 prononc\u00e9 vers 6h30, et ce, malgr\u00e9 un massage cardiaque effectu\u00e9 par le Samu.<\/p>\n<p>    <a href=\"https:\/\/www.google.com\/maps\/embed?pb=!1m18!1m12!1m3!1d2783.0405685995715!2d4.860820574820491!3d45.770377212960035!2m3!1f0!2f0!3f0!3m2!1i1024!2i768!4f13.1!3m3!1m2!1s0x47f4eb000a41fead%3A0x2099bc36fda4db15!2smetro%20charpennes!5e0!3m2!1sfr!2sfr!4v1755680793870!5m2!1sfr!2sfr\" title=\"Ouvrie le lien\" target=\"_blank\" rel=\"noopener\">Cliquez ici pour visualiser le contenu<\/a><\/p>\n<p>Un Alg\u00e9rien tu\u00e9<\/p>\n<p class=\" wall-content\">La victime serait un <strong>Alg\u00e9rien sans domicile fixe<\/strong>. Ce dernier est mort apr\u00e8s avoir re\u00e7u un coup de couteau et avoir chut\u00e9 dans les escaliers de la station.<\/p>\n<p class=\" wall-content\">Cela fait suite \u00e0 une bagarre avec une personne qui s\u2019est d\u00e9roul\u00e9 en deux temps aux alentours de 5h50. L\u2019auteur de l\u2019homicide aurait dans un premier temps pris ses distances, avant de revenir et de porter un coup avec une arme blanche, d\u2019apr\u00e8s nos confr\u00e8res.<\/p>\n<p>Le suspect en fuite<\/p>\n<p class=\" wall-content\">Un important dispositif de police a \u00e9t\u00e9 mis en place ce mercredi matin aux abords de la station de m\u00e9tro. <strong>Les images de vid\u00e9osurveillance<\/strong> sont en cours d\u2019exploitation.<\/p>\n<p class=\" wall-content\">Elles pourraient permettre de conna\u00eetre l\u2019itin\u00e9raire de fuite du suspect. Ce dernier \u00e9tant activement recherch\u00e9 par la police nationale.\u00a0<\/p>\n<p class=\" wall-content\">Personnalisez votre actualit\u00e9 en ajoutant vos villes et m\u00e9dias en favori avec <a href=\"https:\/\/moncompte.actu.fr\" title=\"D\u00e9couvez Mon Actu\" rel=\"nofollow noopener\" data-trk=\"{&quot;cta&quot;:{&quot;action&quot;:&quot;https:\\\/\\\/moncompte.actu.fr&quot;,&quot;category&quot;:&quot;mon compte&quot;,&quot;from&quot;:&quot;article footer&quot;,&quot;name&quot;:&quot;Mon actu&quot;,&quot;type&quot;:&quot;cta&quot;}}\" target=\"_blank\">Mon Actu<\/a>.<\/p>\n","protected":false},"excerpt":{"rendered":"Par Anthony Soudani Publi\u00e9 le 20 ao\u00fbt 2025 \u00e0 11h10 Un homme proche de la quarantaine a \u00e9t\u00e9&hellip;\n","protected":false},"author":2,"featured_media":331227,"comment_status":"","ping_status":"","sticky":false,"template":"","format":"standard","meta":{"footnotes":""},"categories":[1889],"tags":[1111,11,2430,1777,674,118,1011,27,2428,777,12,1072,25,5787],"class_list":{"0":"post-331226","1":"post","2":"type-post","3":"status-publish","4":"format-standard","5":"has-post-thumbnail","7":"category-lyon","8":"tag-actu","9":"tag-actualites","10":"tag-auvergne-rhone-alpes","11":"tag-eu","12":"tag-europe","13":"tag-faits-divers","14":"tag-fr","15":"tag-france","16":"tag-lyon","17":"tag-meurtre","18":"tag-news","19":"tag-police","20":"tag-republique-francaise","21":"tag-transports-en-commun-lyonnais-tcl"},"share_on_mastodon":{"url":"https:\/\/pubeurope.com\/@fr\/115060325947170108","error":""},"_links":{"self":[{"href":"https:\/\/www.europesays.com\/fr\/wp-json\/wp\/v2\/posts\/331226","targetHints":{"allow":["GET"]}}],"collection":[{"href":"https:\/\/www.europesays.com\/fr\/wp-json\/wp\/v2\/posts"}],"about":[{"href":"https:\/\/www.europesays.com\/fr\/wp-json\/wp\/v2\/types\/post"}],"author":[{"embeddable":true,"href":"https:\/\/www.europesays.com\/fr\/wp-json\/wp\/v2\/users\/2"}],"replies":[{"embeddable":true,"href":"https:\/\/www.europesays.com\/fr\/wp-json\/wp\/v2\/comments?post=331226"}],"version-history":[{"count":0,"href":"https:\/\/www.europesays.com\/fr\/wp-json\/wp\/v2\/posts\/331226\/revisions"}],"wp:featuredmedia":[{"embeddable":true,"href":"https:\/\/www.europesays.com\/fr\/wp-json\/wp\/v2\/media\/331227"}],"wp:attachment":[{"href":"https:\/\/www.europesays.com\/fr\/wp-json\/wp\/v2\/media?parent=331226"}],"wp:term":[{"taxonomy":"category","embeddable":true,"href":"https:\/\/www.europesays.com\/fr\/wp-json\/wp\/v2\/categories?post=331226"},{"taxonomy":"post_tag","embeddable":true,"href":"https:\/\/www.europesays.com\/fr\/wp-json\/wp\/v2\/tags?post=331226"}],"curies":[{"name":"wp","href":"https:\/\/api.w.org\/{rel}","templated":true}]}}