{"id":33123,"date":"2025-04-18T03:56:09","date_gmt":"2025-04-18T03:56:09","guid":{"rendered":"https:\/\/www.europesays.com\/fr\/33123\/"},"modified":"2025-04-18T03:56:09","modified_gmt":"2025-04-18T03:56:09","slug":"lelysee-se-targue-davoir-remis-leurope-au-coeur-des-negociations-sur-lukraine-liberation","status":"publish","type":"post","link":"https:\/\/www.europesays.com\/fr\/33123\/","title":{"rendered":"l\u2019Elys\u00e9e se targue d\u2019avoir remis l\u2019Europe au coeur des n\u00e9gociations sur l\u2019Ukraine \u2013 Lib\u00e9ration"},"content":{"rendered":"<p class=\"sc-cPiKLX AiZTS text-element\">La France a salu\u00e9 un \u00abexcellent \u00e9change\u00bb sur l\u2019Ukraine jeudi \u00e0 Paris dans un format \u00abin\u00e9dit\u00bb entre Am\u00e9ricains, Ukrainiens, Fran\u00e7ais, Britanniques et Allemands, qui a \u00abpermis de converger\u00bb sur l\u2019objectif d\u2019une \u00abpaix solide\u00bb entre Kyiv et Moscou. \u00abNous avons d\u00e9clench\u00e9 aujourd\u2019hui \u00e0 Paris un processus qui est positif et auquel les Europ\u00e9ens sont associ\u00e9s\u00bb, s\u2019est f\u00e9licit\u00e9e la pr\u00e9sidence fran\u00e7aise \u00e0 l\u2019issue d\u2019une <a href=\"https:\/\/www.liberation.fr\/international\/macron-va-recevoir-jeudi-le-secretaire-detat-americain-marco-rubio-et-lemissaire-steve-witkoff-20250416_NYIQDVSCGFAV3N2KZS4VBVK6X4\/?redirected=1\" target=\"_blank\" rel=\"nofollow noopener\">s\u00e9rie de r\u00e9unions<\/a> notamment autour d\u2019Emmanuel Macron, du secr\u00e9taire d\u2019Etat am\u00e9ricain, <a href=\"https:\/\/www.liberation.fr\/international\/amerique\/marco-rubio-un-faucon-a-la-tete-de-la-diplomatie-sauce-trump-20241113_5IV67SKXWVFDPAW6CCALNP43IA\/\" target=\"_blank\" rel=\"nofollow noopener\">Marco Rubio<\/a>, et de <a href=\"https:\/\/www.liberation.fr\/international\/amerique\/de-gaza-a-lukraine-qui-est-steve-witkoff-lemissaire-americain-passe-des-affaires-a-la-guerre-20250313_VP7NUQNQSJFNNEBSP3DPSREJNQ\/\" target=\"_blank\" rel=\"nofollow noopener\">Steve Witkoff<\/a>, l\u2019envoy\u00e9 sp\u00e9cial de Donald Trump. Une nouvelle r\u00e9union des \u00e9missaires de ces cinq pays est pr\u00e9vue la semaine prochaine \u00e0 Londres, en pr\u00e9sence notamment de Steve Witkoff, alors que les Europ\u00e9ens craignent depuis des semaines d\u2019\u00eatre mis \u00e0 l\u2019\u00e9cart des n\u00e9gociations entre les Etats-Unis et la Russie.<\/p>\n<p class=\"sc-cPiKLX AiZTS text-element\">Selon un conseiller d\u2019Emmanuel Macron, les responsables ukrainiens et europ\u00e9ens ont soulign\u00e9 leur \u00absoutien commun\u00bb \u00e0 \u00abl\u2019objectif du pr\u00e9sident Trump de mettre fin rapidement \u00e0 la guerre en Ukraine\u00bb et \u00e0 \u00abla n\u00e9cessit\u00e9 d\u2019un cessez-le-feu complet le plus rapidement possible\u00bb. Ce cessez-le-feu devrait \u00abse baser sur la ligne de contact [ligne de front] telle qu\u2019elle est\u00bb, en tenant compte des <a href=\"https:\/\/www.liberation.fr\/dossier\/ukraine-la-crise\/\" target=\"_blank\" rel=\"nofollow noopener\">territoires ukrainiens<\/a> \u00aboccup\u00e9s par la Russie\u00bb, a estim\u00e9 l\u2019Elys\u00e9e.<\/p>\n<p class=\"sc-cPiKLX AiZTS text-element\">Depuis son retour \u00e0 la Maison Blanche en janvier, <a href=\"https:\/\/www.liberation.fr\/tags\/donald-trump\/\" target=\"_blank\" rel=\"nofollow noopener\">Donald Trump<\/a> a r\u00e9engag\u00e9 de mani\u00e8re spectaculaire <a href=\"https:\/\/www.liberation.fr\/international\/europe\/cessez-le-feu-en-ukraine-vladimir-poutine-impose-ses-conditions-a-donald-trump-20250318_RUEAFV7MOZFWJK7VIH3S76LNXU\/\" target=\"_blank\" rel=\"nofollow noopener\">le dialogue avec la Russie<\/a> de Vladimir Poutine, laissant craindre \u00e0 Kyiv et aux Europ\u00e9ens une n\u00e9gociation \u00e0 laquelle ils ne seraient pas associ\u00e9s. L\u2019Ukraine et les Etats-Unis sont finalement tomb\u00e9s d\u2019accord sur le principe d\u2019un cessez-le-feu complet, mais la Russie n\u2019y a pas encore r\u00e9pondu favorablement. De leur c\u00f4t\u00e9, une \u00abcoalition de volontaires\u00bb, essentiellement europ\u00e9ens, travaille sous la houlette de la France et du Royaume-Uni \u00e0 des \u00abgaranties de s\u00e9curit\u00e9\u00bb \u00e0 apporter \u00e0 Kyiv dans le cadre d\u2019un futur accord de paix, y compris un possible \u00abforce de r\u00e9assurance\u00bb \u00e0 d\u00e9ployer en Ukraine. Mais plusieurs de ces pays exigent un filet de s\u00e9curit\u00e9 am\u00e9ricain pour y participer.<\/p>\n<p class=\"sc-cPiKLX AiZTS text-element\">\u00abLes Am\u00e9ricains sont pr\u00eats \u00e0 discuter la question des garanties de s\u00e9curit\u00e9\u00bb, s\u2019est born\u00e9 \u00e0 dire jeudi \u00e0 l\u2019issue des rencontres parisiennes la pr\u00e9sidence fran\u00e7aise, assurant que Washington \u00abappr\u00e9cie\u00bb le travail franco-britannique en ce sens.<\/p>\n<p class=\"sc-cPiKLX AiZTS text-element\">\u00abIl y a une volont\u00e9 de travailler tr\u00e8s \u00e9troitement avec nos partenaires ukrainiens, avec nos partenaires am\u00e9ricains, de telle fa\u00e7on que la paix qui devra \u00eatre n\u00e9goci\u00e9e entre l\u2019Ukraine et la Russie soit au b\u00e9n\u00e9fice \u00e9videmment de l\u2019Ukraine et aussi de la s\u00e9curit\u00e9 de tous en Europe\u00bb, a encore dit l\u2019entourage d\u2019Emmanuel Macron, estimant que la pr\u00e9sence de Marco Rubio et de Steve Witkoff d\u00e9montrait \u00abl\u2019importance qu\u2019ils accordent\u00bb au \u00abr\u00f4le des Europ\u00e9ens\u00bb.<\/p>\n","protected":false},"excerpt":{"rendered":"La France a salu\u00e9 un \u00abexcellent \u00e9change\u00bb sur l\u2019Ukraine jeudi \u00e0 Paris dans un format \u00abin\u00e9dit\u00bb entre Am\u00e9ricains,&hellip;\n","protected":false},"author":2,"featured_media":33124,"comment_status":"","ping_status":"","sticky":false,"template":"","format":"standard","meta":{"footnotes":""},"categories":[1888],"tags":[1111,1928,11,1927,75,73,1777,674,1011,27,12,1926,626,1925,25,132,220,297],"class_list":{"0":"post-33123","1":"post","2":"type-post","3":"status-publish","4":"format-standard","5":"has-post-thumbnail","7":"category-paris","8":"tag-actu","9":"tag-actu-paris","10":"tag-actualites","11":"tag-actualites-paris","12":"tag-donald-trump","13":"tag-etats-unis","14":"tag-eu","15":"tag-europe","16":"tag-fr","17":"tag-france","18":"tag-news","19":"tag-news-paris","20":"tag-paris","21":"tag-paris-news","22":"tag-republique-francaise","23":"tag-russie","24":"tag-ukraine","25":"tag-ukraine-la-crise"},"share_on_mastodon":{"url":"https:\/\/pubeurope.com\/@fr\/114356956890739878","error":""},"_links":{"self":[{"href":"https:\/\/www.europesays.com\/fr\/wp-json\/wp\/v2\/posts\/33123","targetHints":{"allow":["GET"]}}],"collection":[{"href":"https:\/\/www.europesays.com\/fr\/wp-json\/wp\/v2\/posts"}],"about":[{"href":"https:\/\/www.europesays.com\/fr\/wp-json\/wp\/v2\/types\/post"}],"author":[{"embeddable":true,"href":"https:\/\/www.europesays.com\/fr\/wp-json\/wp\/v2\/users\/2"}],"replies":[{"embeddable":true,"href":"https:\/\/www.europesays.com\/fr\/wp-json\/wp\/v2\/comments?post=33123"}],"version-history":[{"count":0,"href":"https:\/\/www.europesays.com\/fr\/wp-json\/wp\/v2\/posts\/33123\/revisions"}],"wp:featuredmedia":[{"embeddable":true,"href":"https:\/\/www.europesays.com\/fr\/wp-json\/wp\/v2\/media\/33124"}],"wp:attachment":[{"href":"https:\/\/www.europesays.com\/fr\/wp-json\/wp\/v2\/media?parent=33123"}],"wp:term":[{"taxonomy":"category","embeddable":true,"href":"https:\/\/www.europesays.com\/fr\/wp-json\/wp\/v2\/categories?post=33123"},{"taxonomy":"post_tag","embeddable":true,"href":"https:\/\/www.europesays.com\/fr\/wp-json\/wp\/v2\/tags?post=33123"}],"curies":[{"name":"wp","href":"https:\/\/api.w.org\/{rel}","templated":true}]}}