{"id":331231,"date":"2025-08-20T09:15:13","date_gmt":"2025-08-20T09:15:13","guid":{"rendered":"https:\/\/www.europesays.com\/fr\/331231\/"},"modified":"2025-08-20T09:15:13","modified_gmt":"2025-08-20T09:15:13","slug":"paris-les-marches-jouent-la-prudence-dans-lattente-du-discours-de-powell-20-08-2025-a-1104","status":"publish","type":"post","link":"https:\/\/www.europesays.com\/fr\/331231\/","title":{"rendered":"Paris: les march\u00e9s jouent la prudence dans l&rsquo;attente du discours de Powell &#8211; 20\/08\/2025 \u00e0 11:04"},"content":{"rendered":"<p>                                                                (Zonebourse.com) &#8211; La Bourse de Paris \u00e9volue a proximit\u00e9 de son point d&rsquo;\u00e9quilibre, autour des 7970 points (-0,1%), p\u00e9nalis\u00e9e par Schneider Electric (-1,3%), Saint-Gobain ou encore Accor (-1%).<\/p>\n<p>Les investisseurs se montrent prudents \u00e0 la veille de l&rsquo;ouverture du symposium \u00e9conomique de Jackson Hole, rendez-vous des banquiers centraux de la plan\u00e8te, qui se conclura, \u00e0 l&rsquo;issue des deux jours, par la prise de parole de Jerome Powell pr\u00e9vue vendredi \u00e0 16h (heure de Paris).\n<\/p>\n<p>Si les march\u00e9s continuent d&rsquo;anticiper \u00e0 hauteur de 85% une baisse de taux de 25 points \u00e0 l&rsquo;issue de la r\u00e9union du mois de septembre, \u00e0 en croire l&rsquo;outil FedWatch du CME, certains \u00e9conomistes redoutent que le patron de la Fed se garde de toute annonce spectaculaire pour s&rsquo;en tenir \u00e0 l&rsquo;approche attentiste (&lsquo;wait and see&rsquo;) qu&rsquo;il privil\u00e9gie depuis plusieurs mois d\u00e9sormais.\n<\/p>\n<p>Les incertitudes sur la teneur des propos de Jerome Powell ont lourdement pes\u00e9 sur Wall Street hier, et plus particuli\u00e8rement sur le compartiment technologique en raison de sa forte sensibilit\u00e9 \u00e0 l&rsquo;\u00e9volution des taux, ce qui s&rsquo;est traduit par un repli de 1,5% du Nasdaq Composite \u00e0 la cl\u00f4ture.\n<\/p>\n<p>D&rsquo;un c\u00f4t\u00e9, l&rsquo;activit\u00e9 montre quelques signes de d\u00e9c\u00e9l\u00e9ration, ce qui justifie des mesures de soutien, mais de l&rsquo;autre, l&rsquo;inflation continue de r\u00e9sister, ce qui fait redouter \u00e0 certains l&rsquo;installation d&rsquo;un sc\u00e9nario &lsquo;stagflationniste&rsquo;, marqu\u00e9 par une croissance faible et des pressions persistantes sur les prix.\n<\/p>\n<p>&lsquo;La fa\u00e7on dont Powell va r\u00e9agir aux r\u00e9cents signes allant dans le sens d&rsquo;une stagflation sera d\u00e9terminante&rsquo;, pr\u00e9viennent les analystes de Bank of America.<br \/>\n<br \/>&lsquo;Va-t-il s&rsquo;inqui\u00e9ter des r\u00e9centes r\u00e9visions \u00e0 la baisse des chiffres de l&#8217;emploi, ou au contraire pencher pour la th\u00e8se d&rsquo;un ralentissement de l&rsquo;offre sur le march\u00e9 du travail ?&rsquo;, s&rsquo;interroge la banque d&rsquo;affaires.\n<\/p>\n<p>&lsquo;Notre \u00e9quipe de taux pense en tout cas qu&rsquo;il ne sera pas aussi accommodant que ce qu&rsquo;attend le march\u00e9&rsquo;, avertit BofA.\n<\/p>\n<p>Chez Saxo Banque, on pense aussi que Jerome Powell s&rsquo;abstiendra de fournir des indications claires sur la d\u00e9cision que prendra la banque centrale le mois prochain.\n<\/p>\n<p>&lsquo;La Fed doit encore prendre connaissance de donn\u00e9es cruciales d&rsquo;ici l\u00e0, notamment les chiffres de l&#8217;emploi, de l&rsquo;inflation (CPI) et des prix \u00e0 la production (PPI) d&rsquo;ao\u00fbt, sachant que ces derniers seront particuli\u00e8rement scrut\u00e9s apr\u00e8s le sursaut observ\u00e9 en juillet&rsquo;, insiste la banque scandinave.\n<\/p>\n<p>Dans ce contexte, les intervenants ne veulent rien entreprendre de significatif, tout le monde semble en position d&rsquo;attente et le march\u00e9 se montre extr\u00eamement calme avec des transactions virtuellement \u00e0 l&rsquo;arr\u00eat.\n<\/p>\n<p>En attendant le rendez-vous majeur de Jackson Hole, les investisseurs suivront dans le courant de la matin\u00e9e les chiffres d&rsquo;inflation en zone euro, qui seront cruciaux pour \u00e9valuer la future trajectoire de politique mon\u00e9taire de la Banque centrale europ\u00e9enne (BCE).\n<\/p>\n<p>Malgr\u00e9 le r\u00e9veil des prix dans certains pays d&rsquo;Europe, l&rsquo;inflation d\u00e9finitive devrait s&rsquo;\u00e9tablir \u00e0 2% au mois de juillet, un chiffre conforme \u00e0 l&rsquo;objectif de l&rsquo;institution, qui pourrait lui permettre de poursuivre ses baisses de taux afin de restaurer une comp\u00e9titivit\u00e9 europ\u00e9enne notamment mise \u00e0 mal par la r\u00e9cente chute du dollar.\n<\/p>\n<p>La publication du compte rendu de la derni\u00e8re r\u00e9union de politique mon\u00e9taire de la R\u00e9serve f\u00e9d\u00e9rale est \u00e9galement au programme du jour, m\u00eame si ces &lsquo;minutes&rsquo; tomberont \u00e0 20h00, apr\u00e8s la cl\u00f4ture des march\u00e9s d&rsquo;actions am\u00e9ricains.\n<\/p>\n<p>En attendant, les march\u00e9s ont pris connaissance des prix \u00e0 la production en Allemagne. Ces derniers ont poursuivi leur repli pour le cinqui\u00e8me mois cons\u00e9cutif en juillet sous l&rsquo;effet du recul continu des co\u00fbts de l&rsquo;\u00e9nergie, montrent des donn\u00e9es publi\u00e9es mercredi par l&rsquo;Office f\u00e9d\u00e9ral de la statistique.\n<\/p>\n<p>Les prix producteurs ont diminu\u00e9 de 0,1% sur un mois et ont recul\u00e9 de 1,5% par rapport \u00e0 la m\u00eame p\u00e9riode de 2024, selon les chiffres de Destatis.\n<\/p>\n<p>Concernant les r\u00e9sultats, les comptes du distributeur &lsquo;discount&rsquo; am\u00e9ricain Target seront surveill\u00e9s de pr\u00e8s afin d&rsquo;\u00e9valuer la sant\u00e9 de la consommation aux \u00c9tats-Unis, un autre motif de pr\u00e9occupation des march\u00e9s depuis quelques semaines.\n<\/p>\n<p>Sur le Forex, l&rsquo;euro se traite sans grand changement, autour de 1,1630 USD, les cambistes restant logiquement attentistes avant l&rsquo;intervention de Jerome Powell.\n<\/p>\n<p>Le baril de brut l\u00e9ger am\u00e9ricain remonte quant \u00e0 lui de 0,6% au-del\u00e0 de 62,3 USD, alors que les stocks de p\u00e9trole aux \u00c9tats-Unis seront publi\u00e9s dans l&rsquo;apr\u00e8s-midi.\n<\/p>\n<p>Dans l&rsquo;actualit\u00e9 des soci\u00e9t\u00e9s tricolores, Drone Volt a annonc\u00e9 hier soir la signature d&rsquo;un partenariat industriel avec TotalEnergies pour le d\u00e9ploiement de solutions d&rsquo;inspection par drones sur plusieurs sites en France et \u00e0 l&rsquo;international.\n<\/p>\n<p>Carmat fait part d&rsquo;une offre de reprise en plan de cession \u00e9manant de la soci\u00e9t\u00e9 Hougou, &lsquo;family office&rsquo; de Pierre Bastid, pr\u00e9sident du conseil d&rsquo;administration de Carmat et actionnaire \u00e0 hauteur d&rsquo;environ 17% de son capital.\n<\/p>\n<p>Enfin, Saint-Gobain annonce que sa filiale CSR a conclu un accord pour la vente de son terrain Badgerys Creek situ\u00e9 \u00e0 proximit\u00e9 du nouvel a\u00e9roport &lsquo;Western Sydney&rsquo;, pour un montant de 575 millions de dollars australiens (environ 320 millions d&rsquo;euros).<\/p>\n","protected":false},"excerpt":{"rendered":"(Zonebourse.com) &#8211; La Bourse de Paris \u00e9volue a proximit\u00e9 de son point d&rsquo;\u00e9quilibre, autour des 7970 points (-0,1%),&hellip;\n","protected":false},"author":2,"featured_media":7013,"comment_status":"","ping_status":"","sticky":false,"template":"","format":"standard","meta":{"footnotes":""},"categories":[1888],"tags":[400,1111,1928,11,1927,398,408,405,1777,674,1011,27,403,402,399,404,12,1926,626,1925,25,401,406,407],"class_list":{"0":"post-331231","1":"post","2":"type-post","3":"status-publish","4":"format-standard","5":"has-post-thumbnail","7":"category-paris","8":"tag-action-cac-40","9":"tag-actu","10":"tag-actu-paris","11":"tag-actualites","12":"tag-actualites-paris","13":"tag-bourse-de-paris","14":"tag-boursorama","15":"tag-cotations","16":"tag-eu","17":"tag-europe","18":"tag-fr","19":"tag-france","20":"tag-indices-devises","21":"tag-investir","22":"tag-investissement","23":"tag-marche-boursier","24":"tag-news","25":"tag-news-paris","26":"tag-paris","27":"tag-paris-news","28":"tag-republique-francaise","29":"tag-sicav","30":"tag-trackers","31":"tag-warrants"},"share_on_mastodon":{"url":"https:\/\/pubeurope.com\/@fr\/115060337715570959","error":""},"_links":{"self":[{"href":"https:\/\/www.europesays.com\/fr\/wp-json\/wp\/v2\/posts\/331231","targetHints":{"allow":["GET"]}}],"collection":[{"href":"https:\/\/www.europesays.com\/fr\/wp-json\/wp\/v2\/posts"}],"about":[{"href":"https:\/\/www.europesays.com\/fr\/wp-json\/wp\/v2\/types\/post"}],"author":[{"embeddable":true,"href":"https:\/\/www.europesays.com\/fr\/wp-json\/wp\/v2\/users\/2"}],"replies":[{"embeddable":true,"href":"https:\/\/www.europesays.com\/fr\/wp-json\/wp\/v2\/comments?post=331231"}],"version-history":[{"count":0,"href":"https:\/\/www.europesays.com\/fr\/wp-json\/wp\/v2\/posts\/331231\/revisions"}],"wp:featuredmedia":[{"embeddable":true,"href":"https:\/\/www.europesays.com\/fr\/wp-json\/wp\/v2\/media\/7013"}],"wp:attachment":[{"href":"https:\/\/www.europesays.com\/fr\/wp-json\/wp\/v2\/media?parent=331231"}],"wp:term":[{"taxonomy":"category","embeddable":true,"href":"https:\/\/www.europesays.com\/fr\/wp-json\/wp\/v2\/categories?post=331231"},{"taxonomy":"post_tag","embeddable":true,"href":"https:\/\/www.europesays.com\/fr\/wp-json\/wp\/v2\/tags?post=331231"}],"curies":[{"name":"wp","href":"https:\/\/api.w.org\/{rel}","templated":true}]}}