{"id":331232,"date":"2025-08-20T09:16:12","date_gmt":"2025-08-20T09:16:12","guid":{"rendered":"https:\/\/www.europesays.com\/fr\/331232\/"},"modified":"2025-08-20T09:16:12","modified_gmt":"2025-08-20T09:16:12","slug":"jen-ramasse-beaucoup-des-feuilles-mortes-tombent-en-plein-mois-daout-a-cause-de-la-canicule","status":"publish","type":"post","link":"https:\/\/www.europesays.com\/fr\/331232\/","title":{"rendered":"\u00ab\u00a0J&rsquo;en ramasse beaucoup\u00a0\u00bb : Des feuilles mortes tombent en plein mois d&rsquo;ao\u00fbt \u00e0 cause de la canicule"},"content":{"rendered":"<p>C&rsquo;est un bruit et des couleurs peu habituelles en plein \u00e9t\u00e9. Les feuilles mortes qui craquent sous nos pieds. Cons\u00e9quence de la canicule que nous venons de traverser. A Paris, les agents de nettoyage de la ville ont plus de travail que d&rsquo;habitude. <\/p>\n<p>\u00ab\u00a0J&rsquo;ai jamais autant de feuilles\u00a0\u00bb s&rsquo;exclame Philippe, agent de nettoyage de la ville de Paris. Depuis plusieurs jours, les arbres dess\u00e9ch\u00e9s donne un air automnal aux rues de la capitale, comme dans cette avenue du XIII\u00e8me arrondissement. \u00ab\u00a0C&rsquo;est impressionnant, j&rsquo;en ramasse beaucoup. <strong>A\u00a0 chaque canicule, on constate qu&rsquo;il y a beaucoup de feuilles, \u00e7a ajoute du boulot<\/strong> quoi\u00a0\u00bb poursuit Philippe, gilet et casquette verte. Il aspire les feuilles jaunes et marrons avec sa machine.<\/p>\n<p><img loading=\"lazy\" decoding=\"async\" class=\"VisualPreview svelte-1rldrkz\" src=\"data:image\/jpeg;base64,\/9j\/2wBDACgcHiMeGSgjISMtKygwPGRBPDc3PHtYXUlkkYCZlo+AjIqgtObDoKrarYqMyP\/L2u71\/\/\/\/m8H\/\/\/\/6\/+b9\/\/j\/2wBDASstLTw1PHZBQXb4pYyl+Pj4+Pj4+Pj4+Pj4+Pj4+Pj4+Pj4+Pj4+Pj4+Pj4+Pj4+Pj4+Pj4+Pj4+Pj4+Pj4+Pj\/wAARCAAfACoDASIAAhEBAxEB\/8QAGAAAAwEBAAAAAAAAAAAAAAAAAAEDAgT\/xAAYEAEBAQEBAAAAAAAAAAAAAAAAARECEv\/EABYBAQEBAAAAAAAAAAAAAAAAAAACAf\/EABURAQEAAAAAAAAAAAAAAAAAAAAR\/9oADAMBAAIRAxEAPwDdpaxaNREq81Xmufmq81Sl5T1KdD0DjtLRSGKStypStSjVPQ9J6WjX\/9k=\" alt=\"Les agents de la ville de Paris ramassent les feuilles mortes\" width=\"600\" height=\"450\"\/>  Les agents de la ville de Paris ramassent les feuilles mortes \u00a9 Radio France &#8211; Marie Bo\u00ebda\u00a0\u00bbOn nettoie et \u00e7a retombe aussit\u00f4t\u00a0\u00bb<\/p>\n<p>La derni\u00e8re fois qu&rsquo;il a vu autant de feuilles jaunes et marrons, <strong>c&rsquo;\u00e9tait pendant la canicule de 2003<\/strong>. Elles masquent les canettes et les sachets de chips que l&rsquo;agent ramasse habituellement l&rsquo;\u00e9t\u00e9. Depuis quelques jours, le sc\u00e9nario se r\u00e9p\u00e8te dit Jos\u00e9, il encadre les 15 agents charg\u00e9s de nettoyer les trottoirs dans le secteur\u00a0: \u00ab\u00a0on nettoie tous les jours avec des machines et \u00e7a retombe aussit\u00f4t. Il se pourrait que le ramassage soit un petit plus long car il y a des t\u00e2ches qui sont p\u00e9nibles pour les agents. Donc on d\u00e9cale en fonction des p\u00e9riodes de canicule\u00a0\u00bb.\u00a0 Bernard l&rsquo;a remarqu\u00e9 alors il prend les devants et\u00a0 passe le r\u00e2teau sur la terrasse de son caf\u00e9 \u00ab\u00a0quand j&rsquo;arrive le matin, il y a plein de feuilles de mortes. Donc je balaie et je le mets sur le c\u00f4t\u00e9 pour que la machine les enl\u00e8ve\u00a0\u00bb.<\/p>\n<p>\u00ab\u00a0Il y a une s\u00e9cheresse actuellement. Si on ajoute \u00e0 cela, la vague de chaleur de ces derniers jours, les feuilles tombent pr\u00e9matur\u00e9ment\u00a0\u00bb explique\u00a0Nathalie Br\u00e9da, directrice de recherches \u00e0 l&rsquo;INRAE.<\/p>\n<p>\u00ab\u00a0\u00c7a sent l&rsquo;automne alors qu&rsquo;on est en \u00e9t\u00e9\u00a0\u00bb<\/p>\n<p>Quelques rues plus loin, les nettoyeurs de la mairie ne sont pas encore pass\u00e9s. Elisabeth regarde ce spectacle avec d\u00e9solation\u00a0: \u00ab\u00a0<strong>c&rsquo;est triste de voir qu&rsquo;au mois d&rsquo;ao\u00fbt d\u00e9j\u00e0 il y a un tapis de feuilles,<\/strong> \u00e7a sent l&rsquo;automne alors qu&rsquo;on est en \u00e9t\u00e9\u00a0\u00bb*. Anna elle a l&rsquo;impression d&rsquo;avoir fait un saut dans le temps \u00ab\u00a0je suis rentr\u00e9e de vacances samedi et on a vu \u00e7a. C&rsquo;est inhabituel\u00a0! On est mi ao\u00fbt. et On se dit jusqu&rsquo;o\u00f9 \u00e7a va aller\u00a0? En septembre, \u00e7a va ressembler \u00e0 quoi\u00a0? \u00ab\u00a0. R\u00e9ponse de\u00a0Nathalie Br\u00e9da\u00a0: \u00ab\u00a0s&rsquo;il pleut suffisamment, les feuilles qui restent tomberont comme d&rsquo;habitude \u00e0 l&rsquo;automne, c&rsquo;est-\u00e0-dire en octobre\u00a0\u00bb.\u00a0Philippe, l&rsquo;agent de nettoyage, croise les doigts, \u00e7a lui fera un peu de vacances.<\/p>\n","protected":false},"excerpt":{"rendered":"C&rsquo;est un bruit et des couleurs peu habituelles en plein \u00e9t\u00e9. Les feuilles mortes qui craquent sous nos&hellip;\n","protected":false},"author":2,"featured_media":331233,"comment_status":"","ping_status":"","sticky":false,"template":"","format":"standard","meta":{"footnotes":""},"categories":[1888],"tags":[1111,1928,11,1927,1777,674,1011,27,12,1926,626,1925,25],"class_list":{"0":"post-331232","1":"post","2":"type-post","3":"status-publish","4":"format-standard","5":"has-post-thumbnail","7":"category-paris","8":"tag-actu","9":"tag-actu-paris","10":"tag-actualites","11":"tag-actualites-paris","12":"tag-eu","13":"tag-europe","14":"tag-fr","15":"tag-france","16":"tag-news","17":"tag-news-paris","18":"tag-paris","19":"tag-paris-news","20":"tag-republique-francaise"},"share_on_mastodon":{"url":"https:\/\/pubeurope.com\/@fr\/115060341793988600","error":""},"_links":{"self":[{"href":"https:\/\/www.europesays.com\/fr\/wp-json\/wp\/v2\/posts\/331232","targetHints":{"allow":["GET"]}}],"collection":[{"href":"https:\/\/www.europesays.com\/fr\/wp-json\/wp\/v2\/posts"}],"about":[{"href":"https:\/\/www.europesays.com\/fr\/wp-json\/wp\/v2\/types\/post"}],"author":[{"embeddable":true,"href":"https:\/\/www.europesays.com\/fr\/wp-json\/wp\/v2\/users\/2"}],"replies":[{"embeddable":true,"href":"https:\/\/www.europesays.com\/fr\/wp-json\/wp\/v2\/comments?post=331232"}],"version-history":[{"count":0,"href":"https:\/\/www.europesays.com\/fr\/wp-json\/wp\/v2\/posts\/331232\/revisions"}],"wp:featuredmedia":[{"embeddable":true,"href":"https:\/\/www.europesays.com\/fr\/wp-json\/wp\/v2\/media\/331233"}],"wp:attachment":[{"href":"https:\/\/www.europesays.com\/fr\/wp-json\/wp\/v2\/media?parent=331232"}],"wp:term":[{"taxonomy":"category","embeddable":true,"href":"https:\/\/www.europesays.com\/fr\/wp-json\/wp\/v2\/categories?post=331232"},{"taxonomy":"post_tag","embeddable":true,"href":"https:\/\/www.europesays.com\/fr\/wp-json\/wp\/v2\/tags?post=331232"}],"curies":[{"name":"wp","href":"https:\/\/api.w.org\/{rel}","templated":true}]}}