{"id":331234,"date":"2025-08-20T09:17:10","date_gmt":"2025-08-20T09:17:10","guid":{"rendered":"https:\/\/www.europesays.com\/fr\/331234\/"},"modified":"2025-08-20T09:17:10","modified_gmt":"2025-08-20T09:17:10","slug":"cinema-sur-le-toit-9-la-grande-bellezza","status":"publish","type":"post","link":"https:\/\/www.europesays.com\/fr\/331234\/","title":{"rendered":"Cin\u00e9ma Sur le Toit #9 : La Grande Bellezza"},"content":{"rendered":"<p class=\"author\">Par<a href=\"https:\/\/www.italieaparis.net\/actualite\/author\/Karima\" rel=\"nofollow noopener\" target=\"_blank\"> Karima Romdane<\/a><\/p>\n<p>              <img decoding=\"async\" src=\"https:\/\/www.europesays.com\/fr\/wp-content\/uploads\/2025\/08\/cinema18864.jpg\" alt=\" Cin\u00e9ma Sur le Toit #9 :  La Grande Bellezza- couverture\" title=\"Cin\u00e9ma Sur le Toit #9 :  La Grande Bellezza- affiche\"\/><\/p>\n<p>Dans le cadre du festival de cin\u00e9ma en plein air du Bar \u00e0 Bulles, la s\u00e9ance 9 du \u00ab\u00a0Cin\u00e9ma sur le toit \u00a0\u00bb vous propose mercredi 3 septembre \u00e0 19h30 le film de Paolo Sorrentino \u00ab\u00a0La Grande Bellezza\u00a0\u00bb.<\/p>\n<p><strong>La Grande Bellezza<\/strong> de Paolo Sorrentino &#8211; 2013 \/ Drame \/ Italie \/ 2h21<\/p>\n<p>Des f\u00eates somptueuses dans la haute soci\u00e9t\u00e9 romaine r\u00e9v\u00e8lent une vacuit\u00e9 existentielle profonde. Ici, les c\u00e9l\u00e9brations sont constantes mais creuses, m\u00e9taphysiques, presque spectrales. La f\u00eate devient une fuite. C\u2019est une \u0153uvre qui r\u00e9fl\u00e9chit \u00e0 ce que la c\u00e9l\u00e9bration cache, davantage qu\u2019\u00e0 ce qu\u2019elle r\u00e9v\u00e8le.<\/p>\n<p><strong>Programme<\/strong> : <\/p>\n<p>19h30 : ouverture des portes<\/p>\n<p>20h30 : derni\u00e8res entr\u00e9es<\/p>\n<p>21h00 : d\u00e9but du film<\/p>\n<p>ATTENTION : Merci de vous pr\u00e9senter au plus tard \u00e0 20h30 au guichet d&rsquo;accueil. Pass\u00e9 ce d\u00e9lai, l&rsquo;acc\u00e8s \u00e0 la s\u00e9ance ne sera pas garanti et votre place pourra \u00eatre redonn\u00e9e \u00e0 une personne s&rsquo;inscrivant sur la liste d&rsquo;attente sur place.<\/p>\n","protected":false},"excerpt":{"rendered":"Par Karima Romdane Dans le cadre du festival de cin\u00e9ma en plein air du Bar \u00e0 Bulles, la&hellip;\n","protected":false},"author":2,"featured_media":331235,"comment_status":"","ping_status":"","sticky":false,"template":"","format":"standard","meta":{"footnotes":""},"categories":[1888],"tags":[11,1777,674,1011,27,12,626,25],"class_list":{"0":"post-331234","1":"post","2":"type-post","3":"status-publish","4":"format-standard","5":"has-post-thumbnail","7":"category-paris","8":"tag-actualites","9":"tag-eu","10":"tag-europe","11":"tag-fr","12":"tag-france","13":"tag-news","14":"tag-paris","15":"tag-republique-francaise"},"share_on_mastodon":{"url":"https:\/\/pubeurope.com\/@fr\/115060345976765384","error":""},"_links":{"self":[{"href":"https:\/\/www.europesays.com\/fr\/wp-json\/wp\/v2\/posts\/331234","targetHints":{"allow":["GET"]}}],"collection":[{"href":"https:\/\/www.europesays.com\/fr\/wp-json\/wp\/v2\/posts"}],"about":[{"href":"https:\/\/www.europesays.com\/fr\/wp-json\/wp\/v2\/types\/post"}],"author":[{"embeddable":true,"href":"https:\/\/www.europesays.com\/fr\/wp-json\/wp\/v2\/users\/2"}],"replies":[{"embeddable":true,"href":"https:\/\/www.europesays.com\/fr\/wp-json\/wp\/v2\/comments?post=331234"}],"version-history":[{"count":0,"href":"https:\/\/www.europesays.com\/fr\/wp-json\/wp\/v2\/posts\/331234\/revisions"}],"wp:featuredmedia":[{"embeddable":true,"href":"https:\/\/www.europesays.com\/fr\/wp-json\/wp\/v2\/media\/331235"}],"wp:attachment":[{"href":"https:\/\/www.europesays.com\/fr\/wp-json\/wp\/v2\/media?parent=331234"}],"wp:term":[{"taxonomy":"category","embeddable":true,"href":"https:\/\/www.europesays.com\/fr\/wp-json\/wp\/v2\/categories?post=331234"},{"taxonomy":"post_tag","embeddable":true,"href":"https:\/\/www.europesays.com\/fr\/wp-json\/wp\/v2\/tags?post=331234"}],"curies":[{"name":"wp","href":"https:\/\/api.w.org\/{rel}","templated":true}]}}