{"id":331238,"date":"2025-08-20T09:19:10","date_gmt":"2025-08-20T09:19:10","guid":{"rendered":"https:\/\/www.europesays.com\/fr\/331238\/"},"modified":"2025-08-20T09:19:10","modified_gmt":"2025-08-20T09:19:10","slug":"jetais-bouche-bee-limprobable-cadeau-a-20-000-euros-de-la-russie-a-un-americain-lambda-en-marge-du-sommet-trump-poutine","status":"publish","type":"post","link":"https:\/\/www.europesays.com\/fr\/331238\/","title":{"rendered":"\u00ab\u00a0J\u2019\u00e9tais bouche b\u00e9e\u00a0\u00bb, l\u2019improbable cadeau \u00e0 20\u00a0000\u00a0euros de la Russie \u00e0 un Am\u00e9ricain lambda en marge du sommet Trump-Poutine"},"content":{"rendered":"<p class=\"paragraph text_align_left lp-f-body-02\">Il n\u2019est ni espion, ni corrompu par la Russie. Il n\u2019avait m\u00eame pas <a href=\"https:\/\/www.leparisien.fr\/international\/ukraine\/obsession-russe-tragedie-ukrainienne-pourquoi-le-donbass-est-au-coeur-des-enjeux-19-08-2025-BHB66DSFA5BB7OQIIX7S4452YE.php\" target=\"_self\" rel=\"nofollow noopener\">le moindre rapport avec Moscou<\/a> avant la semaine derni\u00e8re. Et pourtant, Mark Warren, originaire de l\u2019Alaska, a bien re\u00e7u une moto russe de la marque Ural, valoris\u00e9e \u00e0 22 000 dollars, soit un peu plus de 19 000 euros, directement de la part du gouvernement russe.<\/p>\n<p class=\"paragraph text_align_left lp-f-body-02\">La raison ? Le retrait\u00e9, <a href=\"https:\/\/www.leparisien.fr\/international\/etats-unis\/sommet-trump-poutine-en-alaska-la-delegation-russe-a-paye-255-000-dollars-en-especes-pour-ravitailler-ses-avions-en-carburant-18-08-2025-4ECPQKQTLVG2ZJVU6BPF6JNQUU.php\" target=\"_self\" rel=\"nofollow noopener\">r\u00e9sident d\u2019Anchorage<\/a>, lieu de la rencontre la semaine derni\u00e8re entre <a href=\"https:\/\/www.leparisien.fr\/international\/etats-unis\/donald-trump\/\" target=\"_self\" rel=\"nofollow noopener\">Donald Trump<\/a> et <a href=\"https:\/\/www.leparisien.fr\/international\/vladimir-poutine\/\" target=\"_self\" rel=\"nofollow noopener\">Vladimir Poutine<\/a> au sujet des n\u00e9gociations sur la guerre en Ukraine, est devenu un ph\u00e9nom\u00e8ne viral en Russie depuis quelques jours. Film\u00e9 par une \u00e9quipe de t\u00e9l\u00e9vision russe pr\u00e8s de chez lui en marge du sommet, il avait fait part de ses difficult\u00e9s \u00e0 faire r\u00e9parer sa propre moto de la marque Ural.<\/p>\n<p>\u00ab S\u2019ils veulent quelque chose de moi\u2026 \u00bb<\/p>\n<p class=\"paragraph text_align_left lp-f-body-02\">\u00ab C\u2019est devenu viral, c\u2019est compl\u00e8tement dingue, et je ne sais pas pourquoi, parce que je suis vraiment quelqu\u2019un de super normal, a expliqu\u00e9 Mark Warren ce mardi \u00e0 <a href=\"https:\/\/apnews.com\/article\/putin-trump-anchorage-motorcycle-gift-702a12fc3a19bdd50f79f6fb13b82e5e\" target=\"_self\" rel=\"nofollow noopener\">Associated Press<\/a>. Ils ont juste interview\u00e9 un vieux sur une Ural, et pour une raison inconnue, ils ont trouv\u00e9 \u00e7a cool. \u00bb<\/p>\n<p class=\"paragraph text_align_left lp-f-body-02\">Deux jours avant le sommet Trump-Poutine, cet inspecteur des incendies de la ville \u00e0 la retraite a re\u00e7u un appel inattendu d\u2019une journaliste russe, qui lui a annonc\u00e9 la nouvelle : Moscou a d\u00e9cid\u00e9 de lui offrir <a href=\"https:\/\/www.leparisien.fr\/economie\/dans-l-herault-un-side-car-devient-cafe-itinerant-05-09-2020-8379078.php\" target=\"_self\" rel=\"nofollow noopener\">une Ural toute neuve de couleur verte avec side-car<\/a>. Un cadeau organis\u00e9 par l\u2019interm\u00e9diaire de l\u2019ambassade de Russie aux \u00c9tats-Unis.<\/p>\n<p class=\"paragraph text_align_left lp-f-body-02\">Mark Warren a d\u2019abord pens\u00e9 \u00e0 une arnaque et n\u2019a pas donn\u00e9 suite, avant d\u2019\u00eatre recontact\u00e9 trois jours plus tard. <a href=\"https:\/\/www.leparisien.fr\/international\/etats-unis\/des-documents-confidentiels-oublies-dans-une-imprimante-en-alaska-montrent-que-tout-ne-sest-passe-comme-prevu-entre-poutine-et-trump-16-08-2025-UUDQNAWUDRAEDFAV4SWHMDWK2A.php\" target=\"_self\" rel=\"nofollow noopener\">Un rendez-vous lui est alors propos\u00e9 dans un h\u00f4tel d\u2019Anchorage<\/a> pour lui remettre le v\u00e9hicule. Sur place, sur le parking de l\u2019h\u00f4tel, six hommes l\u2019attendent avec la moto. \u00ab J\u2019en suis rest\u00e9 bouche b\u00e9e, raconte-t-il. Je me suis dit : Tu te moques de moi. \u00bb<\/p>\n<p class=\"paragraph text_align_left lp-f-body-02\">Mark Warren a fini \u00e9videmment par accepter le cadeau, remarquant, sur les papiers du v\u00e9hicule, que ce dernier avait \u00e9t\u00e9 fabriqu\u00e9 le 12 ao\u00fbt en urgence. Fond\u00e9e en 1941 en Sib\u00e9rie occidentale, l\u2019entreprise assemble d\u00e9sormais ses motos \u00e0 Petropavlovsk, au Kazakhstan.<\/p>\n<p class=\"title-embed-dailymotion lp-color-text lp-f-subtitle-04\">Vid\u00e9oTrump-Poutine : des documents secrets oubli\u00e9s dans un h\u00f4tel<\/p>\n<p class=\"paragraph text_align_left lp-f-body-02\">Il a, en revanche, refus\u00e9 la contrepartie demand\u00e9e : une petite interview. \u00ab S\u2019ils veulent quelque chose de moi, ils vont \u00eatre terriblement d\u00e9\u00e7us \u00bb, a-t-il pr\u00e9venu. Le retrait\u00e9 a tout de m\u00eame \u00e9t\u00e9 film\u00e9 \u00e0 bord de son v\u00e9hicule pendant qu\u2019il roulait doucement sur le parking. S\u2019il peut profiter d\u00e9sormais de sa moto flambant neuve, Mark Warren craint d\u2019\u00eatre \u00ab poursuivi par des ennemis parce que j\u2019ai une moto russe\u2026 Je ne veux pas de \u00e7a pour ma famille. \u00bb<\/p>\n","protected":false},"excerpt":{"rendered":"Il n\u2019est ni espion, ni corrompu par la Russie. Il n\u2019avait m\u00eame pas le moindre rapport avec Moscou&hellip;\n","protected":false},"author":2,"featured_media":331239,"comment_status":"","ping_status":"","sticky":false,"template":"","format":"standard","meta":{"footnotes":""},"categories":[1591],"tags":[11,1887,14,12,1885,1886,132,220],"class_list":{"0":"post-331238","1":"post","2":"type-post","3":"status-publish","4":"format-standard","5":"has-post-thumbnail","7":"category-russie","8":"tag-actualites","9":"tag-federation-de-russie","10":"tag-international","11":"tag-news","12":"tag-russia","13":"tag-russian-federation","14":"tag-russie","15":"tag-ukraine"},"share_on_mastodon":{"url":"https:\/\/pubeurope.com\/@fr\/115060353521882788","error":""},"_links":{"self":[{"href":"https:\/\/www.europesays.com\/fr\/wp-json\/wp\/v2\/posts\/331238","targetHints":{"allow":["GET"]}}],"collection":[{"href":"https:\/\/www.europesays.com\/fr\/wp-json\/wp\/v2\/posts"}],"about":[{"href":"https:\/\/www.europesays.com\/fr\/wp-json\/wp\/v2\/types\/post"}],"author":[{"embeddable":true,"href":"https:\/\/www.europesays.com\/fr\/wp-json\/wp\/v2\/users\/2"}],"replies":[{"embeddable":true,"href":"https:\/\/www.europesays.com\/fr\/wp-json\/wp\/v2\/comments?post=331238"}],"version-history":[{"count":0,"href":"https:\/\/www.europesays.com\/fr\/wp-json\/wp\/v2\/posts\/331238\/revisions"}],"wp:featuredmedia":[{"embeddable":true,"href":"https:\/\/www.europesays.com\/fr\/wp-json\/wp\/v2\/media\/331239"}],"wp:attachment":[{"href":"https:\/\/www.europesays.com\/fr\/wp-json\/wp\/v2\/media?parent=331238"}],"wp:term":[{"taxonomy":"category","embeddable":true,"href":"https:\/\/www.europesays.com\/fr\/wp-json\/wp\/v2\/categories?post=331238"},{"taxonomy":"post_tag","embeddable":true,"href":"https:\/\/www.europesays.com\/fr\/wp-json\/wp\/v2\/tags?post=331238"}],"curies":[{"name":"wp","href":"https:\/\/api.w.org\/{rel}","templated":true}]}}