{"id":331240,"date":"2025-08-20T09:20:11","date_gmt":"2025-08-20T09:20:11","guid":{"rendered":"https:\/\/www.europesays.com\/fr\/331240\/"},"modified":"2025-08-20T09:20:11","modified_gmt":"2025-08-20T09:20:11","slug":"en-proposant-une-rencontre-zelensky-poutine-a-moscou-la-russie-emploie-une-tactique-dilatoire-estime-lambassadeur-de-france-a-kiev","status":"publish","type":"post","link":"https:\/\/www.europesays.com\/fr\/331240\/","title":{"rendered":"en proposant une rencontre Zelensky-Poutine \u00e0 Moscou, la Russie emploie une \u00ab\u00a0tactique dilatoire\u00a0\u00bb, estime l\u2019ambassadeur de France \u00e0 Kiev"},"content":{"rendered":"<p>   L\u2019Autriche aussi se d\u00e9clare pr\u00eate \u00e0 accueillir Vladimir Poutine pour une rencontre avec Volodymyr Zelensky             <\/p>\n<p class=\"post__live-container--answer-text post__space-node\">Outre la Suisse, l\u2019Autriche a propos\u00e9 d\u2019accueillir le pr\u00e9sident russe, Vladimir Poutine, malgr\u00e9 le mandat d\u2019arr\u00eat de la Cour p\u00e9nale internationale (CPI) le visant, pour un sommet avec son homologue ukrainien, Volodymyr Zelensky.<\/p>\n<p class=\"post__live-container--answer-text post__space-node\">\u00ab\u00a0Si les n\u00e9gociations ont lieu \u00e0 Vienne, nous prendrons contact avec la CPI\u00a0\u00bb afin de \u00ab\u00a0clarifier la question\u00a0\u00bb et de \u00ab\u00a0permettre au pr\u00e9sident Poutine d\u2019y participer\u00a0\u00bb, a annonc\u00e9 le chancelier Christian Stocker, dans une d\u00e9claration transmise aux m\u00e9dias, rappelant \u00ab\u00a0la longue tradition\u00a0\u00bb en la mati\u00e8re de Vienne, h\u00f4te de nombreuses organisations internationales (OPEP, AIEA, OSCE\u2026).<\/p>\n<p class=\"post__live-container--answer-text post__space-node\">Les deux options pourraient cependant ne pas \u00eatre du go\u00fbt du Kremlin. Moscou boude la Suisse, qui a d\u00e9cid\u00e9 d\u2019infliger les sanctions impos\u00e9es par l\u2019Union europ\u00e9enne (UE) depuis l\u2019invasion \u00e0 grande \u00e9chelle de l\u2019Ukraine par la Russie, en\u00a02022.<\/p>\n<p class=\"post__live-container--answer-text post__space-node\">Les liens se sont de m\u00eame notablement d\u00e9grad\u00e9s depuis ces derni\u00e8res ann\u00e9es entre Moscou et Vienne. Gr\u00e2ce \u00e0 sa position de pont entre les blocs acquise durant la guerre froide, l\u2019Autriche, pays neutre membre de l\u2019UE mais pas de l\u2019OTAN, entretenait auparavant de bonnes relations avec la Russie.<\/p>\n<p class=\"post__live-container--answer-text post__space-node\">Les derni\u00e8res discussions russo-ukrainiennes bilat\u00e9rales ont eu lieu \u00e0 Istanbul, en Turquie, qui, malgr\u00e9 son appartenance \u00e0 l\u2019Alliance atlantique, est jug\u00e9e plus amicale par Moscou.<\/p>\n","protected":false},"excerpt":{"rendered":"L\u2019Autriche aussi se d\u00e9clare pr\u00eate \u00e0 accueillir Vladimir Poutine pour une rencontre avec Volodymyr Zelensky Outre la Suisse,&hellip;\n","protected":false},"author":2,"featured_media":331241,"comment_status":"","ping_status":"","sticky":false,"template":"","format":"standard","meta":{"footnotes":""},"categories":[1590],"tags":[11,1777,674,12,220],"class_list":{"0":"post-331240","1":"post","2":"type-post","3":"status-publish","4":"format-standard","5":"has-post-thumbnail","7":"category-ukraine","8":"tag-actualites","9":"tag-eu","10":"tag-europe","11":"tag-news","12":"tag-ukraine"},"share_on_mastodon":{"url":"https:\/\/pubeurope.com\/@fr\/115060357452945073","error":""},"_links":{"self":[{"href":"https:\/\/www.europesays.com\/fr\/wp-json\/wp\/v2\/posts\/331240","targetHints":{"allow":["GET"]}}],"collection":[{"href":"https:\/\/www.europesays.com\/fr\/wp-json\/wp\/v2\/posts"}],"about":[{"href":"https:\/\/www.europesays.com\/fr\/wp-json\/wp\/v2\/types\/post"}],"author":[{"embeddable":true,"href":"https:\/\/www.europesays.com\/fr\/wp-json\/wp\/v2\/users\/2"}],"replies":[{"embeddable":true,"href":"https:\/\/www.europesays.com\/fr\/wp-json\/wp\/v2\/comments?post=331240"}],"version-history":[{"count":0,"href":"https:\/\/www.europesays.com\/fr\/wp-json\/wp\/v2\/posts\/331240\/revisions"}],"wp:featuredmedia":[{"embeddable":true,"href":"https:\/\/www.europesays.com\/fr\/wp-json\/wp\/v2\/media\/331241"}],"wp:attachment":[{"href":"https:\/\/www.europesays.com\/fr\/wp-json\/wp\/v2\/media?parent=331240"}],"wp:term":[{"taxonomy":"category","embeddable":true,"href":"https:\/\/www.europesays.com\/fr\/wp-json\/wp\/v2\/categories?post=331240"},{"taxonomy":"post_tag","embeddable":true,"href":"https:\/\/www.europesays.com\/fr\/wp-json\/wp\/v2\/tags?post=331240"}],"curies":[{"name":"wp","href":"https:\/\/api.w.org\/{rel}","templated":true}]}}