{"id":331242,"date":"2025-08-20T09:21:11","date_gmt":"2025-08-20T09:21:11","guid":{"rendered":"https:\/\/www.europesays.com\/fr\/331242\/"},"modified":"2025-08-20T09:21:11","modified_gmt":"2025-08-20T09:21:11","slug":"polemique-aux-etats-unis-apres-la-liberation-dun-responsable-israelien-arrete-pour-sollicitation-de-mineure","status":"publish","type":"post","link":"https:\/\/www.europesays.com\/fr\/331242\/","title":{"rendered":"Pol\u00e9mique aux Etats-Unis apr\u00e8s la lib\u00e9ration d\u2019un responsable isra\u00e9lien arr\u00eat\u00e9 pour sollicitation de mineure"},"content":{"rendered":"\n<p class=\"article__paragraph  \">Les autorit\u00e9s am\u00e9ricaines ont ni\u00e9 mardi 19\u00a0ao\u00fbt tout traitement de faveur envers un haut fonctionnaire isra\u00e9lien qui a \u00e9t\u00e9 autoris\u00e9 \u00e0 quitter les Etats-Unis apr\u00e8s avoir \u00e9t\u00e9 arr\u00eat\u00e9 dans une affaire de prostitution de mineure.<\/p>\n<p class=\"article__paragraph  \">Tom Artiom Alexandrovich, qui dirige l\u2019Israel National Cyber Directorate, une agence gouvernementale directement rattach\u00e9e au premier ministre, Benyamin N\u00e9tanyahou, a \u00e9t\u00e9 arr\u00eat\u00e9 au cours de la semaine derni\u00e8re pr\u00e8s de Las Vegas alors qu\u2019il pensait se rendre \u00e0 un rendez-vous sexuel avec une jeune fille de 15\u00a0ans, en marge d\u2019une conf\u00e9rence de cybers\u00e9curit\u00e9 \u00e0 laquelle il assistait.<\/p>\n<p class=\"article__paragraph  \">L\u2019Isra\u00e9lien de 38\u00a0ans a \u00e9t\u00e9 pi\u00e9g\u00e9 par un agent sous couverture, <a href=\"https:\/\/www.8newsnow.com\/investigators\/israeli-official-planned-to-meet-decoy-posing-as-15-year-old-in-las-vegas-sex-sting-police\/\" target=\"_blank\" rel=\"noopener nofollow\" title=\"Nouvelle fen\u00eatre\">selon le m\u00e9dia local 8NewsNow<\/a>, citant un rapport de police. D\u2019apr\u00e8s ce document, il avait apport\u00e9 un pr\u00e9servatif et croyait assister \u00e0 un spectacle du Cirque du Soleil avec l\u2019adolescente.<\/p>\n<p class=\"article__paragraph  \">Poursuivi pour sollicitation de mineure, il a \u00e9t\u00e9 lib\u00e9r\u00e9 apr\u00e8s avoir vers\u00e9 une caution de 10\u00a0000\u00a0dollars (8\u00a0600\u00a0euros), avec comparution devant un tribunal am\u00e9ricain fix\u00e9e au 27\u00a0ao\u00fbt. Il est retourn\u00e9 en Isra\u00ebl peu apr\u00e8s.<\/p>\n<p>                               <img loading=\"lazy\" decoding=\"async\" src=\"https:\/\/www.europesays.com\/fr\/wp-content\/uploads\/2025\/08\/62786bc_8521c662b19741ad859bd73ab87608e8-8521c662b19741ad859bd73ab87608e8-0.jpg\" alt=\"Une voiture de police aux alentours de Las Vegas (Nevada), en octobre 2017.\"   width=\"664\" height=\"443\"\/>    Une voiture de police aux alentours de Las Vegas (Nevada), en octobre 2017.  CHRIS CARLSON\/AP                          <\/p>\n<p class=\"article__paragraph  \">L\u2019autorisation pour ce suspect de quitter le pays, alors qu\u2019il encourt jusqu\u2019\u00e0 dix\u00a0ans de prison, suscite une vague de critiques en ligne, men\u00e9e par la parlementaire r\u00e9publicaine Marjorie Taylor Greene. \u00ab\u00a0Serait-il antis\u00e9mite de ramener le directeur ex\u00e9cutif de la cybers\u00e9curit\u00e9 de N\u00e9tanyahou et de le poursuivre avec toute la rigueur de la loi\u00a0?\u00a0\u00bb, a-t-elle \u00e9crit mardi sur X.<\/p>\n<p class=\"article__paragraph  \">\u00ab\u00a0L\u2019Am\u00e9rique est-elle devenue si soumise \u00e0 Isra\u00ebl que nous lib\u00e9rions imm\u00e9diatement un PR\u00c9DATEUR SEXUEL D\u2019ENFANTS apr\u00e8s son arrestation, dans une affaire \u00e0 100\u00a0% jou\u00e9e d\u2019avance, avec des preuves irr\u00e9futables, et que nous le laissions rentrer chez lui en Isra\u00ebl\u00a0?, a ajout\u00e9 l\u2019\u00e9lue. Ferions-nous la m\u00eame chose avec un pr\u00e9dateur sexuel mexicain\u00a0?\u00a0\u00bb<\/p>\n<p class=\"article__paragraph  \">Face \u00e0 la pol\u00e9mique, le d\u00e9partement d\u2019Etat a dit avoir connaissance de l\u2019affaire et ni\u00e9 tout traitement de faveur. \u00ab\u00a0Il n\u2019a pas invoqu\u00e9 l\u2019immunit\u00e9 diplomatique et a \u00e9t\u00e9 lib\u00e9r\u00e9 par un juge d\u2019Etat en attendant la date de l\u2019audience. Toute affirmation selon laquelle le gouvernement am\u00e9ricain serait intervenu est fausse\u00a0\u00bb, a expliqu\u00e9 le minist\u00e8re des affaires \u00e9trang\u00e8res.<\/p>\n<p class=\"article__paragraph  \">Selon le parquet local, la lib\u00e9ration de M.\u00a0Alexandrovich n\u2019a rien d\u2019inhabituel. \u00ab\u00a0La caution standard pour cette accusation \u00e9tait de 10\u00a0000\u00a0dollars, donc toute personne inculp\u00e9e pour cette accusation peut verser cette caution et \u00eatre lib\u00e9r\u00e9e sans condition, et c\u2019est ce qui s\u2019est pass\u00e9 dans cette affaire\u00a0\u00bb, <a href=\"https:\/\/www.reviewjournal.com\/crime\/sex-crimes\/israeli-officials-child-sex-sting-bail-was-standard-da-says-3426468\/\" target=\"_blank\" rel=\"noopener nofollow\" title=\"Nouvelle fen\u00eatre\">a expliqu\u00e9 au Las Vegas Review-Journal le procureur du comt\u00e9 de Clark<\/a>, Steve Wolfson.<\/p>\n<p class=\"author__detail\">  Le Monde avec AFP  <\/p>\n<p>                  <a href=\"https:\/\/www.lemonde.fr\/syndication\/\" class=\"reuse__content\" title=\"R\u00e9utiliser ce contenu\" target=\"_blank\" rel=\"nofollow noopener\">R\u00e9utiliser ce contenu<\/a>      <\/p>\n","protected":false},"excerpt":{"rendered":"Les autorit\u00e9s am\u00e9ricaines ont ni\u00e9 mardi 19\u00a0ao\u00fbt tout traitement de faveur envers un haut fonctionnaire isra\u00e9lien qui a&hellip;\n","protected":false},"author":2,"featured_media":331243,"comment_status":"","ping_status":"","sticky":false,"template":"","format":"standard","meta":{"footnotes":""},"categories":[1589],"tags":[11,73,1866,12,1864,1865,1863,308],"class_list":{"0":"post-331242","1":"post","2":"type-post","3":"status-publish","4":"format-standard","5":"has-post-thumbnail","7":"category-etats-unis","8":"tag-actualites","9":"tag-etats-unis","10":"tag-etats-unis-damerique","11":"tag-news","12":"tag-united-states","13":"tag-united-states-of-america","14":"tag-us","15":"tag-usa"},"share_on_mastodon":{"url":"https:\/\/pubeurope.com\/@fr\/115060361359760919","error":""},"_links":{"self":[{"href":"https:\/\/www.europesays.com\/fr\/wp-json\/wp\/v2\/posts\/331242","targetHints":{"allow":["GET"]}}],"collection":[{"href":"https:\/\/www.europesays.com\/fr\/wp-json\/wp\/v2\/posts"}],"about":[{"href":"https:\/\/www.europesays.com\/fr\/wp-json\/wp\/v2\/types\/post"}],"author":[{"embeddable":true,"href":"https:\/\/www.europesays.com\/fr\/wp-json\/wp\/v2\/users\/2"}],"replies":[{"embeddable":true,"href":"https:\/\/www.europesays.com\/fr\/wp-json\/wp\/v2\/comments?post=331242"}],"version-history":[{"count":0,"href":"https:\/\/www.europesays.com\/fr\/wp-json\/wp\/v2\/posts\/331242\/revisions"}],"wp:featuredmedia":[{"embeddable":true,"href":"https:\/\/www.europesays.com\/fr\/wp-json\/wp\/v2\/media\/331243"}],"wp:attachment":[{"href":"https:\/\/www.europesays.com\/fr\/wp-json\/wp\/v2\/media?parent=331242"}],"wp:term":[{"taxonomy":"category","embeddable":true,"href":"https:\/\/www.europesays.com\/fr\/wp-json\/wp\/v2\/categories?post=331242"},{"taxonomy":"post_tag","embeddable":true,"href":"https:\/\/www.europesays.com\/fr\/wp-json\/wp\/v2\/tags?post=331242"}],"curies":[{"name":"wp","href":"https:\/\/api.w.org\/{rel}","templated":true}]}}