{"id":331260,"date":"2025-08-20T09:31:09","date_gmt":"2025-08-20T09:31:09","guid":{"rendered":"https:\/\/www.europesays.com\/fr\/331260\/"},"modified":"2025-08-20T09:31:09","modified_gmt":"2025-08-20T09:31:09","slug":"transferts-top-14-info-midol-tres-sollicite-baptiste-jauneau-a-pris-sa-decision-sur-son-avenir","status":"publish","type":"post","link":"https:\/\/www.europesays.com\/fr\/331260\/","title":{"rendered":"Transferts. Top 14 &#8211; Info Midol\u00a0: tr\u00e8s sollicit\u00e9, Baptiste Jauneau a pris sa d\u00e9cision sur son avenir"},"content":{"rendered":"<p>\n                Information Midi Olympique \u2013 Alors qu\u2019il sera en fin de contrat en juin\u00a02026, le demi de m\u00eal\u00e9e de Clermont voulait prendre sa d\u00e9cision quant \u00e0 son avenir avant la fin de l\u2019\u00e9t\u00e9. Entre Clermont et Toulon, il a communiqu\u00e9 sa d\u00e9cision.\n            <\/p>\n<p>C\u2019est le d\u00e9nouement d\u2019un dossier important, sur le march\u00e9 estival des transferts. Un \u00ab\u00a0dossier pr\u00e9sidentiel\u00a0\u00bb, m\u00eame, du c\u00f4t\u00e9 de Clermont. En fin de contrat en juin prochain (2026) avec l\u2019ASMCA, le demi de m\u00eal\u00e9e international Baptiste Jauneau (21 ans, 2 s\u00e9lections) faisait l\u2019objet de nombreuses convoitises. Celles de l\u2019UBB, d\u2019abord, qui souhaite anticiper la succession de son homme fort Maxime Lucu (32 ans, 30 s\u00e9lections) au poste de num\u00e9ro\u00a09\u00a0; celles de Toulon, surtout, <strong><a href=\"https:\/\/www.rugbyrama.fr\/2025\/08\/08\/info-midol-transferts-top-14-toulon-a-loffensive-sur-baptiste-jauneau-12867501.php\" target=\"_self\" rel=\"nofollow noopener\">qui \u00e9tait pass\u00e9 \u00e0 l\u2019offensive ces derniers jours<\/a><\/strong> en transmettant une offre au joueur. Le RCT r\u00e9fl\u00e9chit lui aussi \u00e0 moyen terme, alors que l\u2019habituel titulaire du poste Baptiste Serin sera \u00e9galement en fin de contrat en juin prochain (avec une ann\u00e9e optionnelle).<\/p>\n<p>\u00c9galement engag\u00e9 dans des n\u00e9gociations de prolongation avec Clermont, Jauneau a donc transmis sa d\u00e9cision aux principaux acteurs de ce dossier, en ce d\u00e9but de semaine\u00a0: sauf ultime rebondissement, il portera toujours les couleurs auvergnates dans un avenir proche, puisqu\u2019il devrait prochainement parapher un nouveau contrat portant sur deux saisons (jusqu\u2019en juin\u00a02028), avec une revalorisation salariale \u00e0 la cl\u00e9.<\/p>\n<p>Un dossier symbolique pour l\u2019ASM<\/p>\n<p>Cette prolongation \u00e9tait importante \u00e0 plusieurs titres, du c\u00f4t\u00e9 clermontois. Sportivement, Jauneau doit incarner le renouveau de l\u2019ASM, qui a r\u00e9ussi cette saison \u00e0 accrocher les phases finales pour la premi\u00e8re fois depuis cinq saisons\u00a0: un joueur en devenir, aux talents maintes fois d\u00e9montr\u00e9s depuis les cat\u00e9gories de jeunes\u00a0; un n\u00e9o-international, aussi, alors que l\u2019ASM ne comptait plus aucun \u00e9l\u00e9ment dans les rangs du XV de France\u00a0lors du dernier Tournoi des 6 nations\u00a0; un homme d\u00e9j\u00e0 important dans le vestiaire clermontois, enfin, puisque Christophe Urios n\u2019a pas h\u00e9sit\u00e9 \u00e0 le promouvoir capitaine, la saison derni\u00e8re, \u00e0 seulement 21 ans.<\/p>\n<p>La prolongation de Jauneau \u00e9tait un \u00e9galement un dossier prioritaire sur le bureau des dirigeants clermontois, pour tous les symboles qu\u2019elle comporte. Dans le creux de la vague depuis cinq ans et dans le dur financi\u00e8rement, l\u2019ASM a vu partir tour \u00e0 tour ses meilleurs \u00e9l\u00e9ments, \u00e0 chaque fois qu\u2019ils se trouvaient en fin de contrat et cibl\u00e9s par d\u2019autres \u00e9curies du Top 14 (Penaud, Cancoriet, Iturria, Fischer). Prolonger Jauneau, c\u2019\u00e9tait envoyer un message fort \u00e0 la concurrence sur la capacit\u00e9 du club \u00e0 se d\u00e9fendre et \u00eatre comp\u00e9titif pour conserver ses meilleurs joueurs, afin de poursuivre sa reconstruction. Cette\u00a0nouvelle devrait \u00eatre accueillie positivement par le public auvergnat, avide de retrouver les sommets.<\/p>\n","protected":false},"excerpt":{"rendered":"Information Midi Olympique \u2013 Alors qu\u2019il sera en fin de contrat en juin\u00a02026, le demi de m\u00eal\u00e9e de&hellip;\n","protected":false},"author":2,"featured_media":331261,"comment_status":"","ping_status":"","sticky":false,"template":"","format":"standard","meta":{"footnotes":""},"categories":[1416],"tags":[1011,27,479,1468,60],"class_list":{"0":"post-331260","1":"post","2":"type-post","3":"status-publish","4":"format-standard","5":"has-post-thumbnail","7":"category-rugby","8":"tag-fr","9":"tag-france","10":"tag-rugby","11":"tag-rugby-football","12":"tag-sports"},"share_on_mastodon":{"url":"https:\/\/pubeurope.com\/@fr\/115060400722425851","error":""},"_links":{"self":[{"href":"https:\/\/www.europesays.com\/fr\/wp-json\/wp\/v2\/posts\/331260","targetHints":{"allow":["GET"]}}],"collection":[{"href":"https:\/\/www.europesays.com\/fr\/wp-json\/wp\/v2\/posts"}],"about":[{"href":"https:\/\/www.europesays.com\/fr\/wp-json\/wp\/v2\/types\/post"}],"author":[{"embeddable":true,"href":"https:\/\/www.europesays.com\/fr\/wp-json\/wp\/v2\/users\/2"}],"replies":[{"embeddable":true,"href":"https:\/\/www.europesays.com\/fr\/wp-json\/wp\/v2\/comments?post=331260"}],"version-history":[{"count":0,"href":"https:\/\/www.europesays.com\/fr\/wp-json\/wp\/v2\/posts\/331260\/revisions"}],"wp:featuredmedia":[{"embeddable":true,"href":"https:\/\/www.europesays.com\/fr\/wp-json\/wp\/v2\/media\/331261"}],"wp:attachment":[{"href":"https:\/\/www.europesays.com\/fr\/wp-json\/wp\/v2\/media?parent=331260"}],"wp:term":[{"taxonomy":"category","embeddable":true,"href":"https:\/\/www.europesays.com\/fr\/wp-json\/wp\/v2\/categories?post=331260"},{"taxonomy":"post_tag","embeddable":true,"href":"https:\/\/www.europesays.com\/fr\/wp-json\/wp\/v2\/tags?post=331260"}],"curies":[{"name":"wp","href":"https:\/\/api.w.org\/{rel}","templated":true}]}}